{"id":599,"date":"2018-01-19T10:37:28","date_gmt":"2018-01-19T09:37:28","guid":{"rendered":"http:\/\/gab-bellinzona.ch\/?p=5761"},"modified":"2018-01-19T11:24:17","modified_gmt":"2018-01-19T10:24:17","slug":"trittico-della-velocita-fevi-locarno","status":"publish","type":"post","link":"https:\/\/gab-bellinzona.ch\/online\/trittico-della-velocita-fevi-locarno\/","title":{"rendered":"Trittico della velocit\u00e0 &#8211; Fevi Locarno"},"content":{"rendered":"<p>Il secondo meeting stagionale si \u00e8 tenuto mercoled\u00ec sera al Palazetto Fevi di Locarno. In pista sui 30-50-60m sono scesi molti dei nostri sprinter, per la maggior parte di loro la stagione comincia con nuovi primati personali.<\/p>\n<p>Complimenti a tutti! Forza Gab!<\/p>\n<p>Ecco i risultati:<\/p>\n<p style=\"text-align: center;\"><a href=\"http:\/\/virtus.ch\/wp-content\/uploads\/2018\/01\/risultati_trittico_velocita_17.01.2018.pdf\">&lt;&lt;Risultati officiali&gt;&gt;<\/a><\/p>\n<ul>\n<li>Sabrina Innocenti 50m 7&#8243;16 60m 8&#8243;34<\/li>\n<li>Viviana Pasini 50m 7&#8243;03\u00a060m 8&#8243;20<\/li>\n<li>Kalika Vicari 50m 7&#8243;46\u00a060m 8&#8243;88<\/li>\n<li>Viola Cattaneo 50m 7&#8243;67\u00a060m 9&#8243;09<\/li>\n<li>Federica Pellegrini 50m 7&#8243;59\u00a060m 8&#8243;92<\/li>\n<li>Laura Toffoli 50m 7&#8243;69\u00a060m 9&#8243;01<\/li>\n<li>Elisa K\u00e4ppeli 50m 7&#8243;73\u00a060m 9&#8243;13<\/li>\n<li>Sabrina Colotti 50m 7&#8243;37\u00a060m 8&#8243;52<\/li>\n<li>Ilaria Gianinazzi 50m 7&#8243;49\u00a060m 8&#8243;83<\/li>\n<li>Atena Ronchetti 50m 7&#8243;71 60m 9&#8243;09<\/li>\n<li>Clarissa bertogliati 50m 8&#8243;40\u00a060m 9&#8243;87<\/li>\n<li>Elisa Locatelli 50m 50m 7&#8243;57\u00a060m 8&#8243;77<\/li>\n<li>Maria Luisa Quirici 50m 8&#8243;17\u00a060m 9&#8243;51<\/li>\n<li>Veronique Bestenheider\u00a060m 8.62<\/li>\n<li>Gillian Ferrari peso \u00a03kg 11.09m<\/li>\n<li>Julian R\u00fcfenacht 50m 6&#8243;37<\/li>\n<li>Nathan Oberti \u00a050m 6&#8243;46 60m 7&#8243;51<\/li>\n<li>Nicola Fumagalli \u00a050m 6&#8243;51 60m 7&#8243;67<\/li>\n<li>Leandro Broccucci \u00a050m 6&#8243;65 60m 7&#8243;69<\/li>\n<li>Giacomo Cariboni \u00a050m 6&#8243;66<\/li>\n<li>Alessio Nembrini 60m 7&#8243;49<\/li>\n<li>Alessio Guidon 50m 6&#8243;47 60m 7&#8243;53<\/li>\n<li>Ananchai Rodoni 50m 6&#8243;51<\/li>\n<li>Alex Brechb\u00fchl peso 7.26kg 9.31m<\/li>\n<\/ul>\n<p>Prossimo appuntamento:\u00a0<a href=\"http:\/\/www.biel-bienne-athletics.ch\/de\/hallenmeeting\/\">Biel\/Bienne Athletics Hallenmeeting &#8211; Macolin<\/a> &#8211;&gt; \u00a0sabato 20 domenica 21 gennaio<\/p>\n","protected":false},"excerpt":{"rendered":"<p>Il secondo meeting stagionale si \u00e8 tenuto mercoled\u00ec sera al Palazetto Fevi di Locarno. In pista sui 30-50-60m sono scesi molti dei nostri sprinter, per la maggior parte di loro [&hellip;]<\/p>\n","protected":false},"author":2,"featured_media":0,"comment_status":"closed","ping_status":"closed","sticky":false,"template":"","format":"standard","meta":{"footnotes":""},"categories":[],"tags":[],"class_list":["post-599","post","type-post","status-publish","format-standard"],"_links":{"self":[{"href":"https:\/\/gab-bellinzona.ch\/online\/wp-json\/wp\/v2\/posts\/599","targetHints":{"allow":["GET"]}}],"collection":[{"href":"https:\/\/gab-bellinzona.ch\/online\/wp-json\/wp\/v2\/posts"}],"about":[{"href":"https:\/\/gab-bellinzona.ch\/online\/wp-json\/wp\/v2\/types\/post"}],"author":[{"embeddable":true,"href":"https:\/\/gab-bellinzona.ch\/online\/wp-json\/wp\/v2\/users\/2"}],"replies":[{"embeddable":true,"href":"https:\/\/gab-bellinzona.ch\/online\/wp-json\/wp\/v2\/comments?post=599"}],"version-history":[{"count":0,"href":"https:\/\/gab-bellinzona.ch\/online\/wp-json\/wp\/v2\/posts\/599\/revisions"}],"wp:attachment":[{"href":"https:\/\/gab-bellinzona.ch\/online\/wp-json\/wp\/v2\/media?parent=599"}],"wp:term":[{"taxonomy":"category","embeddable":true,"href":"https:\/\/gab-bellinzona.ch\/online\/wp-json\/wp\/v2\/categories?post=599"},{"taxonomy":"post_tag","embeddable":true,"href":"https:\/\/gab-bellinzona.ch\/online\/wp-json\/wp\/v2\/tags?post=599"}],"curies":[{"name":"wp","href":"https:\/\/api.w.org\/{rel}","templated":true}]}}