{"id":588,"date":"2017-11-20T08:24:07","date_gmt":"2017-11-20T07:24:07","guid":{"rendered":"http:\/\/gab-bellinzona.ch\/?p=5637"},"modified":"2017-11-20T21:46:19","modified_gmt":"2017-11-20T20:46:19","slug":"nuova-giacca-gab-provala-e-comandala","status":"publish","type":"post","link":"https:\/\/gab-bellinzona.ch\/online\/nuova-giacca-gab-provala-e-comandala\/","title":{"rendered":"Nuova giacca Gab &#8211;> provala e comandala!"},"content":{"rendered":"<p>Con l&#8217;inizio del 2018, in casa Gab arriveranno anche dei nuovi capi d&#8217;abbigliamento. Il Gruppo Atletico Bellinzona punta su articoli di qualit\u00e0, che propone ai suoi allenatori, atleti, collaboratori e simpatizzanti a prezzi molto favorevoli.&#160;<\/p>\n<p>Il prossimo &#8220;gadget&#8221; Gab sar\u00e0 una <strong>giacca softshell \/ windbreake<\/strong>r della marca CMP Campagnolo con logo Gab ricamato sul petto. La giacca sar\u00e0 molto probabilmente rossa (una variante di rosso di quello visibile in foto) e il costo per gli acquirenti Gab sar\u00e0 attorno ai CHF&#160;80.- (Prezzo da negozio CHF 100.-). Il prezzo non \u00e8 ancora stato fissato perch\u00e9 dipender\u00e0 dalla quantit\u00e0 di giacche comandate. La giacca sar\u00e0 disponibile in una versione femminile pi\u00f9 sciancrata e una maschile.<\/p>\n<p>Come con gli ultimi acquisti il Gab vi propone di provare la giacca. Cos\u00ec da fare un unico ordine basato sulle ordinazioni ricevute, senza fare stock.<\/p>\n<p><strong>Le giacche si potranno provare:<\/strong><\/p>\n<ul>\n<li>alla cena Gab &#8211;&gt; Sabato 18 novembre 2017<\/li>\n<li>palestra del Liceo &#8211;&gt; Gioved\u00ec 23 novembre 2017 dalle 18.30 fino alle 19.15<\/li>\n<\/ul>\n<p>&#8211;&gt; chi non dovesse poter presenziare a nessuno dei due appuntamenti, pu\u00f2 prendere contatto con Laura&#160;Mudry Mangiarratti tramite mail (lauramangia@sunrise.ch)<\/p>\n<figure id=\"attachment_5640\" aria-describedby=\"caption-attachment-5640\" style=\"width: 648px\" class=\"wp-caption alignnone\"><a href=\"http:\/\/gab-bellinzona.ch\/wp\/wp-content\/uploads\/2017\/11\/Schermata-2017-11-12-alle-13.03.44.png\"><img loading=\"lazy\" decoding=\"async\" src=\"http:\/\/gab-bellinzona.ch\/wp\/wp-content\/uploads\/2017\/11\/Schermata-2017-11-12-alle-13.03.44.png\" alt=\"\" width=\"648\" height=\"451\" class=\"size-full wp-image-5640\" \/><\/a><figcaption id=\"caption-attachment-5640\" class=\"wp-caption-text\">L&#8217;immagine \u00e8 una rappresentazione della forma e del colore, non rappresenta al 100% la giacca finale.<\/figcaption><\/figure>\n","protected":false},"excerpt":{"rendered":"<p>Con l&#8217;inizio del 2018, in casa Gab arriveranno anche dei nuovi capi d&#8217;abbigliamento. Il Gruppo Atletico Bellinzona punta su articoli di qualit\u00e0, che propone ai suoi allenatori, atleti, collaboratori e [&hellip;]<\/p>\n","protected":false},"author":2,"featured_media":0,"comment_status":"open","ping_status":"closed","sticky":false,"template":"","format":"standard","meta":{"footnotes":""},"categories":[],"tags":[],"class_list":["post-588","post","type-post","status-publish","format-standard"],"_links":{"self":[{"href":"https:\/\/gab-bellinzona.ch\/online\/wp-json\/wp\/v2\/posts\/588","targetHints":{"allow":["GET"]}}],"collection":[{"href":"https:\/\/gab-bellinzona.ch\/online\/wp-json\/wp\/v2\/posts"}],"about":[{"href":"https:\/\/gab-bellinzona.ch\/online\/wp-json\/wp\/v2\/types\/post"}],"author":[{"embeddable":true,"href":"https:\/\/gab-bellinzona.ch\/online\/wp-json\/wp\/v2\/users\/2"}],"replies":[{"embeddable":true,"href":"https:\/\/gab-bellinzona.ch\/online\/wp-json\/wp\/v2\/comments?post=588"}],"version-history":[{"count":0,"href":"https:\/\/gab-bellinzona.ch\/online\/wp-json\/wp\/v2\/posts\/588\/revisions"}],"wp:attachment":[{"href":"https:\/\/gab-bellinzona.ch\/online\/wp-json\/wp\/v2\/media?parent=588"}],"wp:term":[{"taxonomy":"category","embeddable":true,"href":"https:\/\/gab-bellinzona.ch\/online\/wp-json\/wp\/v2\/categories?post=588"},{"taxonomy":"post_tag","embeddable":true,"href":"https:\/\/gab-bellinzona.ch\/online\/wp-json\/wp\/v2\/tags?post=588"}],"curies":[{"name":"wp","href":"https:\/\/api.w.org\/{rel}","templated":true}]}}