{"id":587,"date":"2017-11-04T18:13:18","date_gmt":"2017-11-04T17:13:18","guid":{"rendered":"http:\/\/gab-bellinzona.ch\/?p=5630"},"modified":"2017-11-12T13:19:24","modified_gmt":"2017-11-12T12:19:24","slug":"festa-degli-atleti-ftal-venerdi-17-novembre-19-00-cst-tenero","status":"publish","type":"post","link":"https:\/\/gab-bellinzona.ch\/online\/festa-degli-atleti-ftal-venerdi-17-novembre-19-00-cst-tenero\/","title":{"rendered":"Festa degli atleti Ftal Venerd\u00ec 17 novembre 19.00 &#8211; CST Tenero"},"content":{"rendered":"<p>L&#8217;annuale Festa degli atleti Ftal si terr\u00e0 venerd\u00ec 17 novembre alle 19.00 al Centro sportivo di Tenero. Come da tradizione, nella serata verranno presentati i successi atletici che hanno caratterizzato la stagione.<\/p>\n<p><strong>Ecco le nostre atlete e i nostri atleti che verrano premiati, complimenti a tutti loro! Continuate cos\u00ec, Forza Gab!<\/strong><\/p>\n<p>I vincitori della Coppa Ticino di Cross.<\/p>\n<p>Trofeo giovanile:<\/p>\n<ul>\n<li>Gruppo corse U20M: 1\u00b0Elia Bizzozero<\/li>\n<li>Gruppo corse U20W: 2\u00b0 Siliva Marzano&#160;<\/li>\n<li>Gruppo sprint\/ostacoli U20W: 1\u00b0 Sabrina Innocenti<\/li>\n<li>Gruppo Corse U18M: 1\u00b0 Alessio Guidon &#160;3\u00b0 Alessio Nembrini&#160;<\/li>\n<li>Gruppo Lanci U18W: 1\u00b0 Gillian Ferrari&#160;<\/li>\n<\/ul>\n<p>Campionati ticinesi di mezza maratona&#160;uomini:&#160;<\/p>\n<ul>\n<li>2\u00b0 Giuseppe Gioia&#160;<\/li>\n<\/ul>\n<p>\n\ufffc\ufffc\ufffc\ufffcCampionati Svizzeri U18:&#160;<\/p>\n<ul>\n<li>Mara Moser (indoor: 3\u00b0 1000m)<\/li>\n<\/ul>\n<p>Campionati Svizzeri U20:&#160;<\/p>\n<ul>\n<li>Sabrina Innocenti(indoor: 2\u00b0 400m, outdoor: 2\u00b0 400m)&#160;<\/li>\n<\/ul>\n<p>Campionati Svizzeri U23 Losanna:<\/p>\n<ul>\n<li>Mattia Tajana (outdoor: 1\u00b0 400m H91.4)<\/li>\n<li>Dave Derigo(outdoor: 3\u00b0 5000m)<\/li>\n<\/ul>\n<p>Selezioni in nazionale\/gare internazionali:<\/p>\n<ul>\n<li>Roby Ponzio<\/li>\n<li>Mattia Tajana<\/li>\n<\/ul>\n<p><a href=\"https:\/\/drive.google.com\/file\/d\/1iTJxv28CVrpUGZnekaT_cI_mzPwBtqne\/view\">&lt;&lt;Lista completa&gt;&gt;<\/a>&#160; &#160;<a href=\"http:\/\/gab-bellinzona.ch\/wp\/wp-content\/uploads\/2017\/11\/invito-festa-atleti.pdf\">invito festa atleti<\/a><\/p>\n","protected":false},"excerpt":{"rendered":"<p>L&#8217;annuale Festa degli atleti Ftal si terr\u00e0 venerd\u00ec 17 novembre alle 19.00 al Centro sportivo di Tenero. Come da tradizione, nella serata verranno presentati i successi atletici che hanno caratterizzato [&hellip;]<\/p>\n","protected":false},"author":2,"featured_media":0,"comment_status":"open","ping_status":"closed","sticky":false,"template":"","format":"standard","meta":{"footnotes":""},"categories":[],"tags":[],"class_list":["post-587","post","type-post","status-publish","format-standard"],"_links":{"self":[{"href":"https:\/\/gab-bellinzona.ch\/online\/wp-json\/wp\/v2\/posts\/587","targetHints":{"allow":["GET"]}}],"collection":[{"href":"https:\/\/gab-bellinzona.ch\/online\/wp-json\/wp\/v2\/posts"}],"about":[{"href":"https:\/\/gab-bellinzona.ch\/online\/wp-json\/wp\/v2\/types\/post"}],"author":[{"embeddable":true,"href":"https:\/\/gab-bellinzona.ch\/online\/wp-json\/wp\/v2\/users\/2"}],"replies":[{"embeddable":true,"href":"https:\/\/gab-bellinzona.ch\/online\/wp-json\/wp\/v2\/comments?post=587"}],"version-history":[{"count":0,"href":"https:\/\/gab-bellinzona.ch\/online\/wp-json\/wp\/v2\/posts\/587\/revisions"}],"wp:attachment":[{"href":"https:\/\/gab-bellinzona.ch\/online\/wp-json\/wp\/v2\/media?parent=587"}],"wp:term":[{"taxonomy":"category","embeddable":true,"href":"https:\/\/gab-bellinzona.ch\/online\/wp-json\/wp\/v2\/categories?post=587"},{"taxonomy":"post_tag","embeddable":true,"href":"https:\/\/gab-bellinzona.ch\/online\/wp-json\/wp\/v2\/tags?post=587"}],"curies":[{"name":"wp","href":"https:\/\/api.w.org\/{rel}","templated":true}]}}