{"id":563,"date":"2017-07-21T10:46:05","date_gmt":"2017-07-21T08:46:05","guid":{"rendered":"http:\/\/gab-bellinzona.ch\/?p=5406"},"modified":"2017-07-22T19:02:00","modified_gmt":"2017-07-22T17:02:00","slug":"oggi-campionati-svizzeri-attivi-2017-zurigo-live-stram-dalle-16-00","status":"publish","type":"post","link":"https:\/\/gab-bellinzona.ch\/online\/oggi-campionati-svizzeri-attivi-2017-zurigo-live-stram-dalle-16-00\/","title":{"rendered":"RISULTATI: Campionati svizzeri attivi 2017- Zurigo &#8211;>Mattia Tajana vice-campione svizzero!!!"},"content":{"rendered":"<p><strong>Sabato: argento per Tajana!<\/strong><\/p>\n<p>Si sono gi\u00e0 corse le prime due finali con atleti Gab, nei 400m Sabrina ha concluso la sua prima finale da attiva all&#8217;ottavo posto correndo in 57&#8243;66, ancora una volta vicina alla sua miglior prestazione. Bravissima Sabri!<\/p>\n<p>Roberto Simone ha dovuto fare a sportellate dal primo metro, infatti i 1500m si sono corsi con finale diretta (15 atleti). Per Bob un buon 4&#8217;00&#8243;81, che per\u00f2 sa un po&#8217; di amaro sapendo quanto pu\u00f2 valere il nostro atleta. La gara ha visto trionfare Julien Wander in 3&#8217;44&#8243;74, in fuga dal primo giro.<\/p>\n<p>Bellissima conferma per Mattia Tajana, che dopo il bronzo del 2016, conquista una <strong>medaglia d&#8217;argento <\/strong>correndo un nuovo personale di 51&#8243;62. Bravissimo Mattia!<\/p>\n<p><strong>Risultati<\/strong><\/p>\n<p>Sabrina Innocenti 400m 57&#8243;60  &#8212;&gt; <strong>Finale 57&#8243;66 &#160; &#160; 8\u00b0 posto!<\/strong><br \/>\nGiulia Marzano <strong>800m  2&#8217;22&#8243;08<\/strong><br \/>\nMattia Tajana 400mh 53&#8243;07 &#8211;&gt;<strong> Finale 51&#8243;62 PB &#160; &#160; 2\u00b0 posto<\/strong><br \/>\nRoberto &#8220;Bob&#8221; Simone &#8211;&gt; <strong>Finale diretta 4&#8217;00&#8243;81 &#160; &#160;13\u00b0 posto<\/strong><\/p>\n<p><strong>Venerd\u00ec<\/strong><\/p>\n<p>Prima giornata ai Campionati svizzeri di Zurigo, dei nostri atleti scesi in pista ben due si sono qualificati per la finale di sabato. Sabrina ha concluso la gara con un 57&#8243;60 e si qualifica cos\u00ec ad una finale che sar\u00e0 di livello eccezionale, infatti vedr\u00e0 al via sia Selina Buchel e Petra Fontanive, entrambe qualificate ai prossimi mondiali di londra. Mattia ha concluso in scioltezza, correndo 53&#8243;07. Domani andr\u00e0 alla caccia di una medaglia. Giulia ha corso in 2&#8217;22&#8243;08&#160;in una batteria veloce vinta dalla siepista Fabienne Schlumpf,&#160;correndo il suo primato stagionale ma non riuscendo a qualificarsi per la finale. &#160;Complimenti ragazze!!!Bravo Mattia.<\/p>\n<p style=\"margin-left: 120px;\"><a href=\"http:\/\/www.lcz.ch\/live\/timetable1.php\"><strong>&lt;&lt;Risultati LIVE&gt;&gt;<\/strong><\/a><\/p>\n<p><b>Video delle finali:<\/b><\/p>\n<p><a href=\"https:\/\/video.ubs-athletics.fans\/de\/video\/400mhu-man-f?v=96Cto_r1dj1CT5akt6E9bQ\">Finale 400mh con Mattia Tajana<\/a><\/p>\n<p><a href=\"https:\/\/video.ubs-athletics.fans\/de\/video\/sm-zurich-samstag-400-m-hurden-siegerehrung?v=Adv9_E4RU4NHGfC7XQkcpi\">Premiazione 400mh con Mattia Tajana<\/a><\/p>\n<p><a href=\"https:\/\/video.ubs-athletics.fans\/de\/video\/1500m-man-final?v=6ni3dNfEiuLM7pnWAvQSoX\">Finale 1500m con Roberto Simone<\/a><\/p>\n<p><a href=\"https:\/\/video.ubs-athletics.fans\/de\/video\/400m-wom-f?v=AfKoysdUw8gHHXSBvoUck1\">Finale 400m con Sabrina Innocenti<\/a><\/p>\n<p>Ulteriori NEWS su<a href=\"https:\/\/www.instagram.com\/gab_bellinzona\/\"> Instagram: Gruppo Atletico Bellinzona&#160;<\/a><\/p>\n<p><strong>Intro CH 2017<\/strong><\/p>\n<p>Si svolgono oggi nella culla dell&#8217;atletica svizzera i Campionati svizzeri di atletica leggera 2017. L&#8217;appuntamento di livello nazionale pi\u00f9 atteso dell&#8217;anno scatter\u00e0 questa sera verso le 16.00, di ritorno a Zurigo dopo poco meno di 10 anni. Al via nel mitico stadio del Letzigrund ben quattro alfieri Gab, la prima a scendere in pista sar\u00e0 Sabrina sul giro di pista alle 18.05. Seguita poi a ruota da Giulia sugli 800m (18.45) e pi\u00f9 tardi da Mattia alle 20.25. Per Roberto, in lizza sui 1500m, sar\u00e0 finale diretta sabato.<\/p>\n<p>Forza ragazze, forza ragazzi! \u00c8 il vostro momento, fuori tutto fino all&#8217;ultimo metro. Siete l&#8217;orgoglio Gab, divertitevi \ud83d\ude42 Forza Gab!!!<\/p>\n<p style=\"margin-left: 80px;\">&#160;<\/p>\n","protected":false},"excerpt":{"rendered":"<p>Sabato: argento per Tajana! Si sono gi\u00e0 corse le prime due finali con atleti Gab, nei 400m Sabrina ha concluso la sua prima finale da attiva all&#8217;ottavo posto correndo in [&hellip;]<\/p>\n","protected":false},"author":2,"featured_media":0,"comment_status":"open","ping_status":"closed","sticky":false,"template":"","format":"standard","meta":{"footnotes":""},"categories":[],"tags":[],"class_list":["post-563","post","type-post","status-publish","format-standard"],"_links":{"self":[{"href":"https:\/\/gab-bellinzona.ch\/online\/wp-json\/wp\/v2\/posts\/563","targetHints":{"allow":["GET"]}}],"collection":[{"href":"https:\/\/gab-bellinzona.ch\/online\/wp-json\/wp\/v2\/posts"}],"about":[{"href":"https:\/\/gab-bellinzona.ch\/online\/wp-json\/wp\/v2\/types\/post"}],"author":[{"embeddable":true,"href":"https:\/\/gab-bellinzona.ch\/online\/wp-json\/wp\/v2\/users\/2"}],"replies":[{"embeddable":true,"href":"https:\/\/gab-bellinzona.ch\/online\/wp-json\/wp\/v2\/comments?post=563"}],"version-history":[{"count":0,"href":"https:\/\/gab-bellinzona.ch\/online\/wp-json\/wp\/v2\/posts\/563\/revisions"}],"wp:attachment":[{"href":"https:\/\/gab-bellinzona.ch\/online\/wp-json\/wp\/v2\/media?parent=563"}],"wp:term":[{"taxonomy":"category","embeddable":true,"href":"https:\/\/gab-bellinzona.ch\/online\/wp-json\/wp\/v2\/categories?post=563"},{"taxonomy":"post_tag","embeddable":true,"href":"https:\/\/gab-bellinzona.ch\/online\/wp-json\/wp\/v2\/tags?post=563"}],"curies":[{"name":"wp","href":"https:\/\/api.w.org\/{rel}","templated":true}]}}