{"id":562,"date":"2017-07-11T13:39:04","date_gmt":"2017-07-11T11:39:04","guid":{"rendered":"http:\/\/gab-bellinzona.ch\/?p=5382"},"modified":"2017-07-15T20:00:03","modified_gmt":"2017-07-15T18:00:03","slug":"roadtobydgoszcz-mattia-ai-ce-u23-seguilo-venerdi-14-luglio","status":"publish","type":"post","link":"https:\/\/gab-bellinzona.ch\/online\/roadtobydgoszcz-mattia-ai-ce-u23-seguilo-venerdi-14-luglio\/","title":{"rendered":"Risultati: Mattia Tajana ai CE U23 #Bydgoszcz2017"},"content":{"rendered":"<p><strong>4x400m<\/strong><\/p>\n<p>Giornata NO per Mattia ai Campionati europei U23, infatti il nostro atleta che era al via nella 4x400m, composta da Notz, Fl\u00fcck e Flury, non ha potuto percorrere neanche un metro. Sfortunatamente il primo frazionista della nostra nazionale ha commesso una partenza falsa e la squadra \u00e8 stata squalificata.&#160;<\/p>\n<p>Su con il morale Mattia, il tuo futuro \u00e8 roseo! Complimenti ancora per i tuoi successi! Forza gab!<\/p>\n<ul>\n<li>4x400m Svizzera squalificata<\/li>\n<\/ul>\n<p><a href=\"http:\/\/gab-bellinzona.ch\/wp\/wp-content\/uploads\/2017\/07\/FullSizeRender.jpg\"><img loading=\"lazy\" decoding=\"async\" src=\"http:\/\/gab-bellinzona.ch\/wp\/wp-content\/uploads\/2017\/07\/FullSizeRender.jpg\" alt=\"\" width=\"750\" height=\"771\" class=\"alignnone size-full wp-image-5404\" \/><\/a><\/p>\n<p><strong>Bravo Mattia!!!<\/strong><\/p>\n<p>Mattia \u00e8 sceso in pista oggi, venerd\u00ec 14 luglio, per le qualificazione dei 400mh a&#160;Bydgoszcz in Polonia. Mattia ha corso nella terza batteria con avversari di altsissimo spessore; basti pensare che il vincitore della sua batteria, Karsten Wahrholm che detiene il record norvegese in 48&#8243;25 \u00e8 pi\u00f9 veloce del nostro Kariem Hussein. Mattia ha corso benissimo fino al nono ostacolo, per poi concludere provando a chiudere sui primi tre atleti. Purtroppo per lui, il suo quarto posto e il 20esimo tempo finale non gli hanno permesso di qualificarsi direttamente per la semifinale di sabato. Gli sono mancati solo pochi decimi di secondo.<\/p>\n<p>Facciamo comunque un grandissimo complimenti a Mattia Tajana, 20 \u00b0 posto ad un Campionato europeo \u00e8 un grandissimo traguardo. Sei di ispirazione per tutti i nostri giovani atleti, ti auguriamo tanti altri risultati di livello internazionale. Continua cos\u00ec! Forza GAB!!!<\/p>\n<p>Mattia scender\u00e0 di nuovo in pista domani alle 12.10 con la staffetta 4x400m. Seguilo in live streaming:<\/p>\n<p><a href=\"http:\/\/www.european-athletics.org\/index.html\">&lt;&lt;Live streaming&gt;&gt; <\/a><\/p>\n<p><strong>Risultati<\/strong><\/p>\n<ul>\n<li>Mattia Tajana 52&#8243;28 &#8211;&gt; 20\u00b0 posto finale ai CE U23&#160;<\/li>\n<\/ul>\n<p style=\"margin-left: 80px;\"><a href=\"http:\/\/www.european-athletics.org\/competitions\/european-athletics-u23-championships\/2017\/athletics\/event\/mens-400m-hurdles\/phase=atm044900\/index.html\">Risultati ufficiali <\/a>&#8211; <a href=\"https:\/\/www.youtube.com\/watch?v=fKrdY7ay1og\">Video della gara<\/a><\/p>\n<p><strong>#RoadtoBydgoszcz<\/strong><\/p>\n<p>La strada che porta a <strong>Bydgoszcz<\/strong>, citt\u00e0 dalle 350\u2019000 anime nel bel mezzo della Polonia, \u00e8 lunga.<br \/>\nComincia in un lontano 2005; Mattia ha 9 anni, di corporatura fine, educato e pronto a divertirsi. Si presenta allo stadio. All\u2019inizio \u00e8 tutto un gioco, gli allenamenti di atletica accompagnano le sue altre due passioni: judo e sci. Con l\u2019arrivo dei primi risultati a livello cantonale il giovane ragazzo si appassiona sempre di pi\u00f9 al nostro meraviglioso sport.<br \/>\nIl 15 maggio 2012 a Basilea centra per la sua prima volta in carriera il limite per un Campionato svizzero di categoria, corre infatti i 300m ostacoli in 43\u201d87, classificandosi poi agli svizzeri \u201csolo\u201d 14esimo. Sono gli anni in cui Mattia comincia ad allenarsi con Fiorenzo Marchesi, i risultati si vedono subito: nel 2013 ai Campionati svizzeri U18 vince la sua prima medaglia sempre sui 300m ost. un bel bronzo che non pu\u00f2 che motivare il giovane atleta di Lumino.<br \/>\nDa quel momento la sua via \u00e8 definita: si concentrer\u00e0 infatti sui 400m ostacoli. Sulla nuova distanza debutta alla fine di maggio del 2014, a Lugano in una gara in solitaria Mattia chiude in 58\u201d02 sfiorando il limite per i Campionati svizzeri che poi otterr\u00e0 da li ad un mese.<br \/>\nIl vero salto di qualit\u00e0 lo fa nel 2015. Wow che anno! Prima gara corsa 55\u201d08, la stagione sembra essere lanciata alla grande, ma il meglio deve ancora arrivare. 25 maggio 2015 il colpaccio! Al Susanne Meier Memorial di Basilea Mattia supera i suoi limiti e conclude in 53\u201d52, limite per i Campionati europei U20. Ad Eskiltuna (Svezia) nonostante la prima esperienza ad un grande Campionato e le condizione meteo molto particolari si qualifica per la semifinale europea. Quella stagione lo vedr\u00e0 poi vincere una medaglia di bronzo ai Campionati svizzeri U20.<br \/>\nArrivato ormai alla categoria U23, la scorsa stagione si presentava come una stagione di crescita senza importanti obbiettivi internazionali. Nonostante ci\u00f2 Mattia si conferma ad altissimi livelli, partecipa a tre meeting internazionali nel programma internazionale: Gal\u00e0 dei Castelli, Spitzenleichtathletik Luzern e Weltklasse Z\u00fcrich. Migliora il suo persona a Ginevra, portandolo a 52\u201d25 e vincendo la prima medaglia nazionale da attivo: chiude infatti al terzo rango. A livello U23 si laureer\u00e0 perfino Campione svizzero.<br \/>\nCon l\u2019arrivo dell\u2019autunno Mattia si trasferisce a Losanna dove attualmente frequenta l\u2019Universit\u00e0 nella facolt\u00e0 di sport. L\u2019allenamento invernale eseguito tra le rive del Lemano e lo stadio Comunale di Bellinzona da i suoi frutti. La stagione comincia nel migliori dei modi: 300m 34\u201d74, 300mh 36\u201d30 e 400mh 51\u201d99, tutti e tre nuovi primati personali. Si qualifica cos\u00ec per i <strong>Campionati europei U23 a Bydgoszcz<\/strong>, dove lo aspettiamo in pista venerd\u00ec 14 luglio.<\/p>\n<p>Forza Mattia, facci sognare! Siamo tutti con te. Forza Gab!<\/p>\n<p><a href=\"https:\/\/www.facebook.com\/pg\/federazioneticineseatleticaleggera\/videos\/\">&#8212;&gt; Guarda il simpatico video degli atleti ticinesi in Polonia<\/a><\/p>\n<p style=\"margin-left: 120px;\"><a href=\"http:\/\/www.european-athletics.org\/index.html\">&lt;&lt;Live streaming&gt;&gt;&#160;<\/a><\/p>\n<p style=\"margin-left: 120px;\"><a href=\"http:\/\/www.european-athletics.org\/competitions\/european-athletics-u23-championships\/2017\/schedules-results\/index.html\">&lt;&lt;Risultati LIVE&gt;&gt;<\/a><\/p>\n<p><a href=\"http:\/\/www.bydgoszcz2017.pl\/index.php\/en\/for-visitors\/timetable\">Orario<\/a> &#8211; <a href=\"http:\/\/www.european-athletics.org\/mm\/Document\/EventsMeetings\/Event\/01\/28\/15\/74\/EU20CH2017-FinalEntriesListforwebsite_Neutral.pdf\">iscritti<\/a> &#8211; <a href=\"http:\/\/www.bydgoszcz2017.pl\/index.php\/en\/\">sito ufficiale della manifestazione<\/a><\/p>\n<figure id=\"attachment_5395\" aria-describedby=\"caption-attachment-5395\" style=\"width: 1600px\" class=\"wp-caption alignnone\"><a href=\"http:\/\/gab-bellinzona.ch\/wp\/wp-content\/uploads\/2017\/07\/IMG_7191.jpg\"><img loading=\"lazy\" decoding=\"async\" src=\"http:\/\/gab-bellinzona.ch\/wp\/wp-content\/uploads\/2017\/07\/IMG_7191.jpg\" alt=\"\" width=\"1600\" height=\"900\" class=\"size-full wp-image-5395\" \/><\/a><figcaption id=\"caption-attachment-5395\" class=\"wp-caption-text\">Mattia nello stadio con l&#8217;allenatore Kenny Guex e il compagno d&#8217;avventura Alain-Herv\u00e9 Mfomkpa<\/figcaption><\/figure>\n","protected":false},"excerpt":{"rendered":"<p>4x400m Giornata NO per Mattia ai Campionati europei U23, infatti il nostro atleta che era al via nella 4x400m, composta da Notz, Fl\u00fcck e Flury, non ha potuto percorrere neanche [&hellip;]<\/p>\n","protected":false},"author":2,"featured_media":0,"comment_status":"open","ping_status":"closed","sticky":false,"template":"","format":"standard","meta":{"footnotes":""},"categories":[],"tags":[],"class_list":["post-562","post","type-post","status-publish","format-standard"],"_links":{"self":[{"href":"https:\/\/gab-bellinzona.ch\/online\/wp-json\/wp\/v2\/posts\/562","targetHints":{"allow":["GET"]}}],"collection":[{"href":"https:\/\/gab-bellinzona.ch\/online\/wp-json\/wp\/v2\/posts"}],"about":[{"href":"https:\/\/gab-bellinzona.ch\/online\/wp-json\/wp\/v2\/types\/post"}],"author":[{"embeddable":true,"href":"https:\/\/gab-bellinzona.ch\/online\/wp-json\/wp\/v2\/users\/2"}],"replies":[{"embeddable":true,"href":"https:\/\/gab-bellinzona.ch\/online\/wp-json\/wp\/v2\/comments?post=562"}],"version-history":[{"count":0,"href":"https:\/\/gab-bellinzona.ch\/online\/wp-json\/wp\/v2\/posts\/562\/revisions"}],"wp:attachment":[{"href":"https:\/\/gab-bellinzona.ch\/online\/wp-json\/wp\/v2\/media?parent=562"}],"wp:term":[{"taxonomy":"category","embeddable":true,"href":"https:\/\/gab-bellinzona.ch\/online\/wp-json\/wp\/v2\/categories?post=562"},{"taxonomy":"post_tag","embeddable":true,"href":"https:\/\/gab-bellinzona.ch\/online\/wp-json\/wp\/v2\/tags?post=562"}],"curies":[{"name":"wp","href":"https:\/\/api.w.org\/{rel}","templated":true}]}}