{"id":56,"date":"2012-05-14T19:42:33","date_gmt":"2012-05-14T19:42:33","guid":{"rendered":"http:\/\/www.gab-bellinzona.ch\/?p=855"},"modified":"2012-05-19T14:32:23","modified_gmt":"2012-05-19T14:32:23","slug":"meeting-basilea","status":"publish","type":"post","link":"https:\/\/gab-bellinzona.ch\/online\/meeting-basilea\/","title":{"rendered":"Meeting Basilea"},"content":{"rendered":"<p><img loading=\"lazy\" decoding=\"async\" class=\"alignright size-medium wp-image-859\" src=\"http:\/\/www.gab-bellinzona.ch\/www\/wp-content\/uploads\/2012\/05\/Immagine-1-250x355.png\" alt=\"\" width=\"250\" height=\"355\" \/><\/p>\n<p>Nessuna coppa \u00e8 tornata a Bellinzona, ma nonostante ci\u00f2 i risultati sono stati pi\u00f9 che discreti:<\/p>\n<p>I giovincelli <strong>Mattia Tajana <\/strong>e<strong> Mirko Tam\u00f2<\/strong>, finendo la gara rispettivamente in <strong>43&#8217;77<\/strong> e<strong> 43&#8217;87,<\/strong><strong> <\/strong>hanno entrambi raggiunto il limite (45&#8217;00) che gli consentir\u00e0 di accedere ai <strong>Campionati Svizzeri U18<\/strong> il settembre prossimo nella disciplina dei 300mH<strong><\/strong>. <strong>Complimenti!<\/strong><br \/>\nInoltre, Mattia e Mirko hanno gareggiato nei 110mH di categoria, ottenendo 16&#8217;92 e 18&#8217;00.<\/p>\n<p><strong>Alex Lunghi<\/strong>, di qualche anno pi\u00f9 grandicello, ha disputato i 200mH, finendo in 25&#8217;37, e i 300mH ottenendo un buon <strong>39&#8217;01<\/strong>.<\/p>\n<p><strong>Monica Pellegrinelli <\/strong>\u00e8 riuscita ottenere un ottimo <strong>14&#8217;89<\/strong> sulla sua amata disciplina, i 100mH!<\/p>\n<p>La nostra conosciutissima <strong>Lara Kronauer <\/strong>ha subito un infortunio durante i suoi 300mH e non \u00e8 riuscita purtroppo a completarela gara come meglio poteva. Le auguriamo una pronta ripresa.<\/p>\n<p>Presto saranno disponibili alcuni scatti della giornata nel nostro archivio foto.<\/p>\n<p>Il prossimo appuntamento, per quanto riguarda la categoria Attivi, sar\u00e0 <strong>Gioved\u00ec 17 maggio a Langenthal!<\/strong><\/p>\n","protected":false},"excerpt":{"rendered":"<p>Nessuna coppa \u00e8 tornata a Bellinzona, ma nonostante ci\u00f2 i risultati sono stati pi\u00f9 che discreti: I giovincelli Mattia Tajana e Mirko Tam\u00f2, finendo la gara rispettivamente in 43&#8217;77 e [&hellip;]<\/p>\n","protected":false},"author":2,"featured_media":0,"comment_status":"open","ping_status":"closed","sticky":false,"template":"","format":"standard","meta":{"footnotes":""},"categories":[],"tags":[],"class_list":["post-56","post","type-post","status-publish","format-standard"],"_links":{"self":[{"href":"https:\/\/gab-bellinzona.ch\/online\/wp-json\/wp\/v2\/posts\/56","targetHints":{"allow":["GET"]}}],"collection":[{"href":"https:\/\/gab-bellinzona.ch\/online\/wp-json\/wp\/v2\/posts"}],"about":[{"href":"https:\/\/gab-bellinzona.ch\/online\/wp-json\/wp\/v2\/types\/post"}],"author":[{"embeddable":true,"href":"https:\/\/gab-bellinzona.ch\/online\/wp-json\/wp\/v2\/users\/2"}],"replies":[{"embeddable":true,"href":"https:\/\/gab-bellinzona.ch\/online\/wp-json\/wp\/v2\/comments?post=56"}],"version-history":[{"count":0,"href":"https:\/\/gab-bellinzona.ch\/online\/wp-json\/wp\/v2\/posts\/56\/revisions"}],"wp:attachment":[{"href":"https:\/\/gab-bellinzona.ch\/online\/wp-json\/wp\/v2\/media?parent=56"}],"wp:term":[{"taxonomy":"category","embeddable":true,"href":"https:\/\/gab-bellinzona.ch\/online\/wp-json\/wp\/v2\/categories?post=56"},{"taxonomy":"post_tag","embeddable":true,"href":"https:\/\/gab-bellinzona.ch\/online\/wp-json\/wp\/v2\/tags?post=56"}],"curies":[{"name":"wp","href":"https:\/\/api.w.org\/{rel}","templated":true}]}}