{"id":549,"date":"2017-05-25T21:00:57","date_gmt":"2017-05-25T19:00:57","guid":{"rendered":"http:\/\/gab-bellinzona.ch\/?p=5262"},"modified":"2017-05-25T21:37:13","modified_gmt":"2017-05-25T19:37:13","slug":"finale-ragazzo-veloce-del-ticino","status":"publish","type":"post","link":"https:\/\/gab-bellinzona.ch\/online\/finale-ragazzo-veloce-del-ticino\/","title":{"rendered":"Finale: Ragazzo + veloce del Ticino"},"content":{"rendered":"<p>Si \u00e8 tenuta oggi, gioved\u00ec del Ascensione, allo stadio Cornaredo di Lugano la finale cantonale del Ragazzo pi\u00f9 veloce del Ticino. Appena i risultati della finale saranno disponibili pubblicheremo le classifiche dei nostri giovani atleti<\/p>\n<p style=\"text-align: center;\"><a href=\"http:\/\/www.ftal.ch\/index.php\/risultati-e-statistiche\/classifiche-ftal\">&lt;&lt;Risultati FTAL (Appena disponibili)&gt;&gt;<\/a><\/p>\n<p>&nbsp;<\/p>\n","protected":false},"excerpt":{"rendered":"<p>Si \u00e8 tenuta oggi, gioved\u00ec del Ascensione, allo stadio Cornaredo di Lugano la finale cantonale del Ragazzo pi\u00f9 veloce del Ticino. Appena i risultati della finale saranno disponibili pubblicheremo le [&hellip;]<\/p>\n","protected":false},"author":2,"featured_media":0,"comment_status":"open","ping_status":"closed","sticky":false,"template":"","format":"standard","meta":{"footnotes":""},"categories":[],"tags":[],"class_list":["post-549","post","type-post","status-publish","format-standard"],"_links":{"self":[{"href":"https:\/\/gab-bellinzona.ch\/online\/wp-json\/wp\/v2\/posts\/549","targetHints":{"allow":["GET"]}}],"collection":[{"href":"https:\/\/gab-bellinzona.ch\/online\/wp-json\/wp\/v2\/posts"}],"about":[{"href":"https:\/\/gab-bellinzona.ch\/online\/wp-json\/wp\/v2\/types\/post"}],"author":[{"embeddable":true,"href":"https:\/\/gab-bellinzona.ch\/online\/wp-json\/wp\/v2\/users\/2"}],"replies":[{"embeddable":true,"href":"https:\/\/gab-bellinzona.ch\/online\/wp-json\/wp\/v2\/comments?post=549"}],"version-history":[{"count":0,"href":"https:\/\/gab-bellinzona.ch\/online\/wp-json\/wp\/v2\/posts\/549\/revisions"}],"wp:attachment":[{"href":"https:\/\/gab-bellinzona.ch\/online\/wp-json\/wp\/v2\/media?parent=549"}],"wp:term":[{"taxonomy":"category","embeddable":true,"href":"https:\/\/gab-bellinzona.ch\/online\/wp-json\/wp\/v2\/categories?post=549"},{"taxonomy":"post_tag","embeddable":true,"href":"https:\/\/gab-bellinzona.ch\/online\/wp-json\/wp\/v2\/tags?post=549"}],"curies":[{"name":"wp","href":"https:\/\/api.w.org\/{rel}","templated":true}]}}