{"id":546,"date":"2017-05-20T22:00:30","date_gmt":"2017-05-20T20:00:30","guid":{"rendered":"http:\/\/gab-bellinzona.ch\/?p=5246"},"modified":"2017-05-20T22:00:30","modified_gmt":"2017-05-20T20:00:30","slug":"meeting-serale-locarno","status":"publish","type":"post","link":"https:\/\/gab-bellinzona.ch\/online\/meeting-serale-locarno\/","title":{"rendered":"Meeting serale &#8211; Locarno"},"content":{"rendered":"<p>Si \u00e8 tenuto venerd\u00ec sera allo stadio di Locarno, il secondo meeting serale della stagione. In pista sono scesi i nostri atleti, i quali hanno ottenuti ottimi risultati, confermando cos\u00ec i risultati corsi domenica a scorsa a Lugano. Sono cos\u00ec molti i nostri giovani atleti che si sono gi\u00e0 qualificati per i Campionati svizzeri di categoria.<\/p>\n<p>Complimenti a tutti gli atleti in gara! Forza Gab!!!<\/p>\n<p style=\"text-align: center;\"><a href=\"http:\/\/www.ftal.ch\/index.php\/risultati-e-statistiche\/classifiche-ftal\">&lt;&lt;Risultati(appena disponibili)&gt;&gt;<\/a><\/p>\n","protected":false},"excerpt":{"rendered":"<p>Si \u00e8 tenuto venerd\u00ec sera allo stadio di Locarno, il secondo meeting serale della stagione. In pista sono scesi i nostri atleti, i quali hanno ottenuti ottimi risultati, confermando cos\u00ec [&hellip;]<\/p>\n","protected":false},"author":2,"featured_media":0,"comment_status":"open","ping_status":"closed","sticky":false,"template":"","format":"standard","meta":{"footnotes":""},"categories":[],"tags":[],"class_list":["post-546","post","type-post","status-publish","format-standard"],"_links":{"self":[{"href":"https:\/\/gab-bellinzona.ch\/online\/wp-json\/wp\/v2\/posts\/546","targetHints":{"allow":["GET"]}}],"collection":[{"href":"https:\/\/gab-bellinzona.ch\/online\/wp-json\/wp\/v2\/posts"}],"about":[{"href":"https:\/\/gab-bellinzona.ch\/online\/wp-json\/wp\/v2\/types\/post"}],"author":[{"embeddable":true,"href":"https:\/\/gab-bellinzona.ch\/online\/wp-json\/wp\/v2\/users\/2"}],"replies":[{"embeddable":true,"href":"https:\/\/gab-bellinzona.ch\/online\/wp-json\/wp\/v2\/comments?post=546"}],"version-history":[{"count":0,"href":"https:\/\/gab-bellinzona.ch\/online\/wp-json\/wp\/v2\/posts\/546\/revisions"}],"wp:attachment":[{"href":"https:\/\/gab-bellinzona.ch\/online\/wp-json\/wp\/v2\/media?parent=546"}],"wp:term":[{"taxonomy":"category","embeddable":true,"href":"https:\/\/gab-bellinzona.ch\/online\/wp-json\/wp\/v2\/categories?post=546"},{"taxonomy":"post_tag","embeddable":true,"href":"https:\/\/gab-bellinzona.ch\/online\/wp-json\/wp\/v2\/tags?post=546"}],"curies":[{"name":"wp","href":"https:\/\/api.w.org\/{rel}","templated":true}]}}