{"id":537,"date":"2017-04-18T07:41:39","date_gmt":"2017-04-18T05:41:39","guid":{"rendered":"http:\/\/gab-bellinzona.ch\/?p=5142"},"modified":"2017-04-18T07:44:36","modified_gmt":"2017-04-18T05:44:36","slug":"mediablenio-2017-dongio","status":"publish","type":"post","link":"https:\/\/gab-bellinzona.ch\/online\/mediablenio-2017-dongio\/","title":{"rendered":"MediaBlenio 2017 &#8211; Dongio"},"content":{"rendered":"<p>Luned\u00ec di Pasquetta \u00e8 sinonimo di MediaBlenio, la tradizionale corsa si \u00e8 svolta oggi nella Valle di Blenio. Al via molti atleti Gab, che hanno saputo mostrare il loro potenziale concludendo in ottime posizioni. Ecco alcuni dei risultati:<\/p>\n<p>GP Uomini<\/p>\n<ul>\n<li>18\u00b0 Abraham Eshak 32&#8217;39&#8243;4<\/li>\n<\/ul>\n<p>Donne assoluti<\/p>\n<ul>\n<li>14\u00b0 Paola Stampanoni \u00a041&#8217;44&#8243;7<\/li>\n<\/ul>\n<p>Uomini assoluti<\/p>\n<ul>\n<li>16\u00b0 Giuseppe Gioia 35&#8217;17&#8243;2<\/li>\n<li>20\u00b0 Dave Derigo 35&#8217;50&#8243;0<\/li>\n<\/ul>\n<p style=\"text-align: center;\"><a href=\"https:\/\/services.datasport.com\/2017\/lauf\/blenio\/\">&lt;&lt;Risultati officiali&gt;&gt;<\/a><\/p>\n<p style=\"text-align: left;\">Complimenti cos\u00ec! Avanti tutta, la stagione \u00e8 appena cominciata. Forza Gab!<\/p>\n<p>&nbsp;<\/p>\n","protected":false},"excerpt":{"rendered":"<p>Luned\u00ec di Pasquetta \u00e8 sinonimo di MediaBlenio, la tradizionale corsa si \u00e8 svolta oggi nella Valle di Blenio. Al via molti atleti Gab, che hanno saputo mostrare il loro potenziale [&hellip;]<\/p>\n","protected":false},"author":2,"featured_media":0,"comment_status":"open","ping_status":"closed","sticky":false,"template":"","format":"standard","meta":{"footnotes":""},"categories":[],"tags":[],"class_list":["post-537","post","type-post","status-publish","format-standard"],"_links":{"self":[{"href":"https:\/\/gab-bellinzona.ch\/online\/wp-json\/wp\/v2\/posts\/537","targetHints":{"allow":["GET"]}}],"collection":[{"href":"https:\/\/gab-bellinzona.ch\/online\/wp-json\/wp\/v2\/posts"}],"about":[{"href":"https:\/\/gab-bellinzona.ch\/online\/wp-json\/wp\/v2\/types\/post"}],"author":[{"embeddable":true,"href":"https:\/\/gab-bellinzona.ch\/online\/wp-json\/wp\/v2\/users\/2"}],"replies":[{"embeddable":true,"href":"https:\/\/gab-bellinzona.ch\/online\/wp-json\/wp\/v2\/comments?post=537"}],"version-history":[{"count":0,"href":"https:\/\/gab-bellinzona.ch\/online\/wp-json\/wp\/v2\/posts\/537\/revisions"}],"wp:attachment":[{"href":"https:\/\/gab-bellinzona.ch\/online\/wp-json\/wp\/v2\/media?parent=537"}],"wp:term":[{"taxonomy":"category","embeddable":true,"href":"https:\/\/gab-bellinzona.ch\/online\/wp-json\/wp\/v2\/categories?post=537"},{"taxonomy":"post_tag","embeddable":true,"href":"https:\/\/gab-bellinzona.ch\/online\/wp-json\/wp\/v2\/tags?post=537"}],"curies":[{"name":"wp","href":"https:\/\/api.w.org\/{rel}","templated":true}]}}