{"id":535,"date":"2017-04-11T17:03:07","date_gmt":"2017-04-11T15:03:07","guid":{"rendered":"http:\/\/gab-bellinzona.ch\/?p=5136"},"modified":"2017-04-11T17:03:07","modified_gmt":"2017-04-11T15:03:07","slug":"staffetta-magnifico-borgo-mendrisio-2","status":"publish","type":"post","link":"https:\/\/gab-bellinzona.ch\/online\/staffetta-magnifico-borgo-mendrisio-2\/","title":{"rendered":"Staffetta Magnifico borgo &#8211; Mendrisio"},"content":{"rendered":"<p>Si \u00e8 corsa sabato 8 aprile, la classica staffetta Pasquale nel nucleo di Mendrisio. La manifestazione organizzata dalla locale societ\u00e0 sportiva si \u00e8 svolta in una giornata pi\u00f9 che primaverile. Ecco i risultati di giornata:<\/p>\n<ul>\n<li>U12 W 8\u00b0 posto Felice, Berini e Blanc<\/li>\n<li>U12W 14\u00b0 posto Mikho, Bottinelli e Dongiovanni<\/li>\n<li>U14 W 2\u00b0 posto Felice, Crippa e Vitali<\/li>\n<li>U14 W 6\u00b0 posto Treppiedi, Berini e Ghisletta<\/li>\n<li>U14 M 8\u00b0 posto Von Wattenwyl, Bernasconi e Cariboni<\/li>\n<li>U16 W 4\u00b0 posto Cavadini, Cariboni e Tagliabue<\/li>\n<li>U16M 3\u00b0 posto Gentilini, Balestra e Innocenti<\/li>\n<\/ul>\n<p>Complimenti a tutti! Forza ragazzi\/e, forza Gab!!!<\/p>\n<p style=\"text-align: center;\"><a href=\"http:\/\/www.asti-ticino.ch\/staffette\/archivio\/mendrisio2017.pdf\">&lt;&lt;Risultati ufficiali&gt;&gt;<\/a><\/p>\n<p>&nbsp;<\/p>\n","protected":false},"excerpt":{"rendered":"<p>Si \u00e8 corsa sabato 8 aprile, la classica staffetta Pasquale nel nucleo di Mendrisio. La manifestazione organizzata dalla locale societ\u00e0 sportiva si \u00e8 svolta in una giornata pi\u00f9 che primaverile. [&hellip;]<\/p>\n","protected":false},"author":2,"featured_media":0,"comment_status":"open","ping_status":"closed","sticky":false,"template":"","format":"standard","meta":{"footnotes":""},"categories":[],"tags":[],"class_list":["post-535","post","type-post","status-publish","format-standard"],"_links":{"self":[{"href":"https:\/\/gab-bellinzona.ch\/online\/wp-json\/wp\/v2\/posts\/535","targetHints":{"allow":["GET"]}}],"collection":[{"href":"https:\/\/gab-bellinzona.ch\/online\/wp-json\/wp\/v2\/posts"}],"about":[{"href":"https:\/\/gab-bellinzona.ch\/online\/wp-json\/wp\/v2\/types\/post"}],"author":[{"embeddable":true,"href":"https:\/\/gab-bellinzona.ch\/online\/wp-json\/wp\/v2\/users\/2"}],"replies":[{"embeddable":true,"href":"https:\/\/gab-bellinzona.ch\/online\/wp-json\/wp\/v2\/comments?post=535"}],"version-history":[{"count":0,"href":"https:\/\/gab-bellinzona.ch\/online\/wp-json\/wp\/v2\/posts\/535\/revisions"}],"wp:attachment":[{"href":"https:\/\/gab-bellinzona.ch\/online\/wp-json\/wp\/v2\/media?parent=535"}],"wp:term":[{"taxonomy":"category","embeddable":true,"href":"https:\/\/gab-bellinzona.ch\/online\/wp-json\/wp\/v2\/categories?post=535"},{"taxonomy":"post_tag","embeddable":true,"href":"https:\/\/gab-bellinzona.ch\/online\/wp-json\/wp\/v2\/tags?post=535"}],"curies":[{"name":"wp","href":"https:\/\/api.w.org\/{rel}","templated":true}]}}