{"id":518,"date":"2016-12-16T10:15:35","date_gmt":"2016-12-16T09:15:35","guid":{"rendered":"http:\/\/gab-bellinzona.ch\/?p=4940"},"modified":"2016-12-21T21:02:39","modified_gmt":"2016-12-21T20:02:39","slug":"mattia-tajana-miglior-sportivo-di-bellinzona","status":"publish","type":"post","link":"https:\/\/gab-bellinzona.ch\/online\/mattia-tajana-miglior-sportivo-di-bellinzona\/","title":{"rendered":"Mattia Tajana &#8211; miglior sportivo di Bellinzona"},"content":{"rendered":"<p>Si \u00e8 tenuta MERCOLEDI 21 dicembre a Palazzo civico la tradizionale cerimonia di fine anno con l&#8217;assegnazione del premio Miglior sportivo che quest&#8217;anno \u00e8 andato a Mattia Tajana!<\/p>\n<figure id=\"attachment_4952\" aria-describedby=\"caption-attachment-4952\" style=\"width: 579px\" class=\"wp-caption aligncenter\"><a href=\"http:\/\/gab-bellinzona.ch\/wp\/wp-content\/uploads\/2016\/12\/Schermata-2016-12-21-alle-20.46.33-1.png\"><img loading=\"lazy\" decoding=\"async\" class=\"wp-image-4952 size-full\" src=\"http:\/\/gab-bellinzona.ch\/wp\/wp-content\/uploads\/2016\/12\/Schermata-2016-12-21-alle-20.46.33-1.png\" width=\"579\" height=\"600\" \/><\/a><figcaption id=\"caption-attachment-4952\" class=\"wp-caption-text\">Mattia Tajana con il suo allenatore Fiorenzo Marchesi<\/figcaption><\/figure>\n<figure id=\"attachment_4954\" aria-describedby=\"caption-attachment-4954\" style=\"width: 777px\" class=\"wp-caption aligncenter\"><a href=\"http:\/\/gab-bellinzona.ch\/wp\/wp-content\/uploads\/2016\/12\/Schermata-2016-12-21-alle-20.50.43.png\"><img loading=\"lazy\" decoding=\"async\" class=\"wp-image-4954 size-full\" src=\"http:\/\/gab-bellinzona.ch\/wp\/wp-content\/uploads\/2016\/12\/Schermata-2016-12-21-alle-20.50.43.png\" width=\"777\" height=\"587\" \/><\/a><figcaption id=\"caption-attachment-4954\" class=\"wp-caption-text\">Mattia riceve il premio dal municipale Soldini<\/figcaption><\/figure>\n<figure id=\"attachment_4955\" aria-describedby=\"caption-attachment-4955\" style=\"width: 853px\" class=\"wp-caption aligncenter\"><a href=\"http:\/\/gab-bellinzona.ch\/wp\/wp-content\/uploads\/2016\/12\/Schermata-2016-12-21-alle-20.50.06.png\"><img loading=\"lazy\" decoding=\"async\" class=\"wp-image-4955 size-full\" src=\"http:\/\/gab-bellinzona.ch\/wp\/wp-content\/uploads\/2016\/12\/Schermata-2016-12-21-alle-20.50.06.png\" width=\"853\" height=\"439\" \/><\/a><figcaption id=\"caption-attachment-4955\" class=\"wp-caption-text\">Il discorso di Lia Sansossio, primo cittadino della capitale e preziosa collaboratrice Gab<\/figcaption><\/figure>\n<p>Di seguito la motivazione:<\/p>\n<div class=\"page\" title=\"Page 2\">\n<div class=\"layoutArea\">\n<div class=\"column\">\n<p><strong>IL PREMIO AL MIGLIOR SPORTIVO 2016 \u00c8 ASSEGNATO A MATTIA TAJANA<\/strong><\/p>\n<\/div>\n<\/div>\n<div class=\"layoutArea\">\n<div class=\"column\">\n<p><strong>Il premio al miglior sportivo \u00e8 assegnato all\u2019ostacolista Mattia Tajana per i risultati ottenuti negli ultimi due anni a livello giovanile e d\u2019\u00e9lite. Classe 1996, studente universitario a Losanna, residente a Lumino, Mattia Tajana \u00e8 associato al Gruppo Atletico Bellinzona dal 2005. Nel 2016 \u00e8 riuscito a consolidare tutta una serie di risultati sportivi iniziati nel 2015 con, in particolare una prestigiosa partecipazione ai campionati Europei di Eskilstuna (Svezia), dove ha saputo mettersi in bella evidenza arrivando fino alle semifinali. Malgrado la &#8220;responsabilit\u00e0&#8221; di una importante stagione alle spalle, anche quest&#8217;anno \u00e8 stato in grado di continuare sulla strada intrapresa, ottenendo una prestigiosa vittoria ai Campionati Svizzeri Under 23 nei 400 m ostacoli, cos\u00ec come un terzo posto agli assoluti di categoria e conquistando il diritto di partecipare ad alcuni prestigiosi meeting internazionali, tra i quali il Weltklasse di Zurigo.<\/strong><\/p>\n<p style=\"text-align: center;\"><a href=\"http:\/\/www.gab-bellinzona.ch\/archivio_foto\/thumbnails.php?album=245\">&lt;&lt;FOTO DELLA SERATA&gt;&gt;<\/a><\/p>\n<\/div>\n<p>&nbsp;<\/p>\n<\/div>\n<\/div>\n","protected":false},"excerpt":{"rendered":"<p>Si \u00e8 tenuta MERCOLEDI 21 dicembre a Palazzo civico la tradizionale cerimonia di fine anno con l&#8217;assegnazione del premio Miglior sportivo che quest&#8217;anno \u00e8 andato a Mattia Tajana! Di seguito [&hellip;]<\/p>\n","protected":false},"author":1,"featured_media":0,"comment_status":"open","ping_status":"closed","sticky":false,"template":"","format":"standard","meta":{"footnotes":""},"categories":[],"tags":[],"class_list":["post-518","post","type-post","status-publish","format-standard"],"_links":{"self":[{"href":"https:\/\/gab-bellinzona.ch\/online\/wp-json\/wp\/v2\/posts\/518","targetHints":{"allow":["GET"]}}],"collection":[{"href":"https:\/\/gab-bellinzona.ch\/online\/wp-json\/wp\/v2\/posts"}],"about":[{"href":"https:\/\/gab-bellinzona.ch\/online\/wp-json\/wp\/v2\/types\/post"}],"author":[{"embeddable":true,"href":"https:\/\/gab-bellinzona.ch\/online\/wp-json\/wp\/v2\/users\/1"}],"replies":[{"embeddable":true,"href":"https:\/\/gab-bellinzona.ch\/online\/wp-json\/wp\/v2\/comments?post=518"}],"version-history":[{"count":0,"href":"https:\/\/gab-bellinzona.ch\/online\/wp-json\/wp\/v2\/posts\/518\/revisions"}],"wp:attachment":[{"href":"https:\/\/gab-bellinzona.ch\/online\/wp-json\/wp\/v2\/media?parent=518"}],"wp:term":[{"taxonomy":"category","embeddable":true,"href":"https:\/\/gab-bellinzona.ch\/online\/wp-json\/wp\/v2\/categories?post=518"},{"taxonomy":"post_tag","embeddable":true,"href":"https:\/\/gab-bellinzona.ch\/online\/wp-json\/wp\/v2\/tags?post=518"}],"curies":[{"name":"wp","href":"https:\/\/api.w.org\/{rel}","templated":true}]}}