{"id":513,"date":"2016-10-10T17:50:26","date_gmt":"2016-10-10T15:50:26","guid":{"rendered":"http:\/\/gab-bellinzona.ch\/?p=4882"},"modified":"2016-10-16T19:59:30","modified_gmt":"2016-10-16T17:59:30","slug":"80-anni-gab-staffetta-100-x-100m","status":"publish","type":"post","link":"https:\/\/gab-bellinzona.ch\/online\/80-anni-gab-staffetta-100-x-100m\/","title":{"rendered":"Nuovo RECORD: 80 anni GAB &#8211; Staffetta 100 X 100m Guarda le FOTO"},"content":{"rendered":"<p>&nbsp;<\/p>\n<p><a href=\"http:\/\/gab-bellinzona.ch\/wp\/wp-content\/uploads\/2016\/10\/IMG_0039.jpg\" rel=\"attachment wp-att-4894\"><img loading=\"lazy\" decoding=\"async\" class=\"alignnone size-full wp-image-4894\" src=\"http:\/\/gab-bellinzona.ch\/wp\/wp-content\/uploads\/2016\/10\/IMG_0039.jpg\" alt=\"img_0039\" width=\"3872\" height=\"2592\" \/><\/a><\/p>\n<p><strong>Un pomeriggio straordinario!!!<\/strong><\/p>\n<p>Non si poteva festeggiare in miglior modo l&#8217;80esimo compleanno del GAB. In 100 tra membri del comitato, monitori, collaboratori e atleti di ogni et\u00e0 si sono ritrovati sabato pomeriggio allo stadio per correre la mitica 100 x 100m. Il pomeriggio, cominciato in modo ottimale con un riscaldamento in comune, si \u00e8 poi animato con l&#8217;arrivo del bel tempo e con l&#8217;attesa staffetta. Ai blocchi di partenza il presidente, ha dato il via alla corsa contro il tempo (25&#8217;37 il record da battere).Il susseguirsi di atleti, ha coinvolto tutte le generazioni che hanno fatto e faranno la storia del Gab. A chiudere la gara ci ha pensato Fiorenzo Marchesi, che come 100\u00b0 staffettista ha fermato il tempo a 25&#8217;08&#8243;7: <strong>NUOVO RECORD!<\/strong><\/p>\n<p>La festa \u00e8 poi proseguita con una cena offerta a tutti i partecipanti. Complimenti a tutti! Grazie ai numerosi sostenitori e a chi ha organizzato la gironata. Grazie Mimo! Forza GAB.<\/p>\n<p style=\"text-align: center;\"><a href=\"http:\/\/gab-bellinzona.ch\/archivio_foto\/thumbnails.php?album=243\" target=\"_blank\">&lt;&lt;FOTO&gt;&gt;<\/a><\/p>\n<p>&nbsp;<\/p>\n<p>PRE-GARA<\/p>\n<p>Sabato 15 ottobre sar\u00e0 una giornata di festa per i colori del Gruppo Atletico Bellinzona, il Gab infatti spegner\u00e0 80 candeline. Traguardo importante per la nostra mitica societ\u00e0.<\/p>\n<p>Per festeggiarla sabato si correr\u00e0 la 100 x 100m, il ritrovo per tutti i staffettisti \u00e8 fissato allo stadio alle 15.30. Per tutti coloro che non corrono e volessero venire a vederci a vedere e partecipare al festeggiamento la staffetta comincer\u00e0 alle 17.00.<\/p>\n<p>Ci si vede in pista! Forza GAB!!!<\/p>\n<p>Articolo LaRegione gioved\u00ec 13 ottobre (Per leggere l&#8217;articolo aprire il PDF &#8211;&gt;\u00a0<a href=\"http:\/\/gab-bellinzona.ch\/wp\/wp-content\/uploads\/2016\/10\/regione2.pdf\" rel=\"\">regione2<\/a>)<\/p>\n<p><a href=\"http:\/\/gab-bellinzona.ch\/wp\/wp-content\/uploads\/2016\/10\/Schermata-2016-10-13-alle-21.54.09.png\" rel=\"attachment wp-att-4888\"><img loading=\"lazy\" decoding=\"async\" class=\"size-full wp-image-4888 aligncenter\" src=\"http:\/\/gab-bellinzona.ch\/wp\/wp-content\/uploads\/2016\/10\/Schermata-2016-10-13-alle-21.54.09.png\" alt=\"schermata-2016-10-13-alle-21-54-09\" width=\"1235\" height=\"636\" \/><\/a> <a href=\"http:\/\/gab-bellinzona.ch\/wp\/wp-content\/uploads\/2016\/10\/Schermata-2016-10-13-alle-21.54.22.png\" rel=\"attachment wp-att-4889\"><img loading=\"lazy\" decoding=\"async\" class=\"size-full wp-image-4889 aligncenter\" src=\"http:\/\/gab-bellinzona.ch\/wp\/wp-content\/uploads\/2016\/10\/Schermata-2016-10-13-alle-21.54.22.png\" alt=\"schermata-2016-10-13-alle-21-54-22\" width=\"1251\" height=\"323\" \/><\/a><\/p>\n<p><a href=\"http:\/\/gab-bellinzona.ch\/wp\/wp-content\/uploads\/2016\/10\/Schermata-2016-10-10-alle-17.48.29.png\" rel=\"attachment wp-att-4884\"><img loading=\"lazy\" decoding=\"async\" class=\"size-full wp-image-4884 aligncenter\" src=\"http:\/\/gab-bellinzona.ch\/wp\/wp-content\/uploads\/2016\/10\/Schermata-2016-10-10-alle-17.48.29.png\" alt=\"schermata-2016-10-10-alle-17-48-29\" width=\"502\" height=\"615\" \/><\/a><\/p>\n","protected":false},"excerpt":{"rendered":"<p>&nbsp; Un pomeriggio straordinario!!! Non si poteva festeggiare in miglior modo l&#8217;80esimo compleanno del GAB. In 100 tra membri del comitato, monitori, collaboratori e atleti di ogni et\u00e0 si sono [&hellip;]<\/p>\n","protected":false},"author":2,"featured_media":0,"comment_status":"open","ping_status":"closed","sticky":false,"template":"","format":"standard","meta":{"footnotes":""},"categories":[],"tags":[],"class_list":["post-513","post","type-post","status-publish","format-standard"],"_links":{"self":[{"href":"https:\/\/gab-bellinzona.ch\/online\/wp-json\/wp\/v2\/posts\/513","targetHints":{"allow":["GET"]}}],"collection":[{"href":"https:\/\/gab-bellinzona.ch\/online\/wp-json\/wp\/v2\/posts"}],"about":[{"href":"https:\/\/gab-bellinzona.ch\/online\/wp-json\/wp\/v2\/types\/post"}],"author":[{"embeddable":true,"href":"https:\/\/gab-bellinzona.ch\/online\/wp-json\/wp\/v2\/users\/2"}],"replies":[{"embeddable":true,"href":"https:\/\/gab-bellinzona.ch\/online\/wp-json\/wp\/v2\/comments?post=513"}],"version-history":[{"count":0,"href":"https:\/\/gab-bellinzona.ch\/online\/wp-json\/wp\/v2\/posts\/513\/revisions"}],"wp:attachment":[{"href":"https:\/\/gab-bellinzona.ch\/online\/wp-json\/wp\/v2\/media?parent=513"}],"wp:term":[{"taxonomy":"category","embeddable":true,"href":"https:\/\/gab-bellinzona.ch\/online\/wp-json\/wp\/v2\/categories?post=513"},{"taxonomy":"post_tag","embeddable":true,"href":"https:\/\/gab-bellinzona.ch\/online\/wp-json\/wp\/v2\/tags?post=513"}],"curies":[{"name":"wp","href":"https:\/\/api.w.org\/{rel}","templated":true}]}}