{"id":511,"date":"2016-09-30T14:45:25","date_gmt":"2016-09-30T12:45:25","guid":{"rendered":"http:\/\/gab-bellinzona.ch\/?p=4868"},"modified":"2016-10-03T11:22:42","modified_gmt":"2016-10-03T09:22:42","slug":"campionati-ticinesi-assoluti-u20-2","status":"publish","type":"post","link":"https:\/\/gab-bellinzona.ch\/online\/campionati-ticinesi-assoluti-u20-2\/","title":{"rendered":"Campionati Ticinesi Assoluti \/ U20 &#8211; Locarno 2\/2"},"content":{"rendered":"<p>Questo sabato e domenica 01 e 02 ottobre al rinnovato stadio di Locarno verranno messi in palio i titoli cantonali assoluti e under 20. L\u2019ultima fatica della stagione \u00e8 alle porte e gli atleti GAB sono pronti ad affrontarla senza timore consci delle loro possibilit\u00e0.<\/p>\n<p style=\"text-align: center;\">&lt;&lt;<a href=\"https:\/\/drive.google.com\/file\/d\/0B-cQ3ap6F1PeRTRqdXRSblpQY21RbDFXSHU3OFBZME5iOHE4\/view\">Programma<\/a>&gt;&gt;<\/p>\n<p style=\"text-align: left;\"><strong>Sabato<\/strong><\/p>\n<p style=\"text-align: left;\">Prima giornata di gare al &#8220;Lido&#8221; di Locarno, in pista per questi Campionati Ticinesi sono gi\u00e0 scesi parecchi dei 19 atleti Gab iscritti. Nella giornata di sabato sono gi\u00e0 arrivati degli ottimi risultati e le prime medaglie. Sabrina Innocenti si \u00e8 laureata Campionessa ticinese assoluta e U20 con un nuovo primato personale, nonch\u00e9 prima volta sotoo in 58&#8243; in 57&#8243;7. Sul podio anche Karin (2a 1500m ) e Bob (3o 1500m).<\/p>\n<p style=\"text-align: left;\">Complimenti a tutti! Buona fortuna per le gare di domenica. Forza Gab!<\/p>\n<p><strong>Domenica<\/strong><\/p>\n<p>La seconda giornata di gare al \u201cLido\u201d di Locarno ha regalato ulteriori soddisfazioni agli atleti GAB. Il titolo di campione ticinese va in mano al nostro Giuseppe Gioia che nei 5000m si impone sul compare di squadra Dave Derigo. Una buona prova anche per Davide Gambonini che giunge all\u2019arrivo al quarto posto.<\/p>\n<p>Primo posto anche per Mattia Tajana che in un duello a due sui 110m ostacoli si impone sull\u2019amico Ananchai Rodoni (Opo).<\/p>\n<p>Sabrina Innocenti si mette in mostra nuovamente nella dura prova degli 800m dove imposta una buona gara e solo per un soffio non agguanta la medaglia d\u2019oro, argento con tanto di personale (2.19.19). Complimenti anche ad Ilaria Arini che nella ressa finale riesci ad uscire spavalda e completare il podio con un personale di 2.19.92. Brave! Dopo un gara prettamente tattica , nella gara maschile, Roberto Simone (bob) conquista un bel argento. Quarto posto per Elia Bizzozero, al suo primo campionato ticinese.<\/p>\n<p>Complimenti a tutti!Ora un meritato riposo \ud83d\ude42<\/p>\n<p><a href=\"http:\/\/uscatletica.ch\/wp\/wp-content\/uploads\/2016\/10\/ctassoluti16class.pdf\">Risultati<\/a><\/p>\n<p style=\"text-align: left;\">\n<p style=\"text-align: left;\"><a href=\"http:\/\/gab-bellinzona.ch\/wp\/wp-content\/uploads\/2016\/09\/IMG_0018.jpg\" rel=\"attachment wp-att-4872\"><img loading=\"lazy\" decoding=\"async\" class=\"alignnone size-full wp-image-4872\" src=\"http:\/\/gab-bellinzona.ch\/wp\/wp-content\/uploads\/2016\/09\/IMG_0018.jpg\" alt=\"img_0018\" width=\"1600\" height=\"1200\" \/><\/a> <a href=\"http:\/\/gab-bellinzona.ch\/wp\/wp-content\/uploads\/2016\/09\/IMG_0017.jpg\" rel=\"attachment wp-att-4873\"><img loading=\"lazy\" decoding=\"async\" class=\"alignnone size-full wp-image-4873\" src=\"http:\/\/gab-bellinzona.ch\/wp\/wp-content\/uploads\/2016\/09\/IMG_0017.jpg\" alt=\"img_0017\" width=\"3264\" height=\"2448\" \/><\/a> <a href=\"http:\/\/gab-bellinzona.ch\/wp\/wp-content\/uploads\/2016\/09\/IMG_0019.jpg\" rel=\"attachment wp-att-4874\"><img loading=\"lazy\" decoding=\"async\" class=\"alignnone size-full wp-image-4874\" src=\"http:\/\/gab-bellinzona.ch\/wp\/wp-content\/uploads\/2016\/09\/IMG_0019.jpg\" alt=\"img_0019\" width=\"3264\" height=\"2448\" \/><\/a><\/p>\n","protected":false},"excerpt":{"rendered":"<p>Questo sabato e domenica 01 e 02 ottobre al rinnovato stadio di Locarno verranno messi in palio i titoli cantonali assoluti e under 20. L\u2019ultima fatica della stagione \u00e8 alle [&hellip;]<\/p>\n","protected":false},"author":2,"featured_media":0,"comment_status":"open","ping_status":"closed","sticky":false,"template":"","format":"standard","meta":{"footnotes":""},"categories":[],"tags":[],"class_list":["post-511","post","type-post","status-publish","format-standard"],"_links":{"self":[{"href":"https:\/\/gab-bellinzona.ch\/online\/wp-json\/wp\/v2\/posts\/511","targetHints":{"allow":["GET"]}}],"collection":[{"href":"https:\/\/gab-bellinzona.ch\/online\/wp-json\/wp\/v2\/posts"}],"about":[{"href":"https:\/\/gab-bellinzona.ch\/online\/wp-json\/wp\/v2\/types\/post"}],"author":[{"embeddable":true,"href":"https:\/\/gab-bellinzona.ch\/online\/wp-json\/wp\/v2\/users\/2"}],"replies":[{"embeddable":true,"href":"https:\/\/gab-bellinzona.ch\/online\/wp-json\/wp\/v2\/comments?post=511"}],"version-history":[{"count":0,"href":"https:\/\/gab-bellinzona.ch\/online\/wp-json\/wp\/v2\/posts\/511\/revisions"}],"wp:attachment":[{"href":"https:\/\/gab-bellinzona.ch\/online\/wp-json\/wp\/v2\/media?parent=511"}],"wp:term":[{"taxonomy":"category","embeddable":true,"href":"https:\/\/gab-bellinzona.ch\/online\/wp-json\/wp\/v2\/categories?post=511"},{"taxonomy":"post_tag","embeddable":true,"href":"https:\/\/gab-bellinzona.ch\/online\/wp-json\/wp\/v2\/tags?post=511"}],"curies":[{"name":"wp","href":"https:\/\/api.w.org\/{rel}","templated":true}]}}