{"id":509,"date":"2016-09-17T20:32:59","date_gmt":"2016-09-17T18:32:59","guid":{"rendered":"http:\/\/gab-bellinzona.ch\/?p=4852"},"modified":"2016-09-18T15:49:37","modified_gmt":"2016-09-18T13:49:37","slug":"ragazzo-veloce-della-ch-museo-dei-trasporti-lucerna","status":"publish","type":"post","link":"https:\/\/gab-bellinzona.ch\/online\/ragazzo-veloce-della-ch-museo-dei-trasporti-lucerna\/","title":{"rendered":"Ragazzo + veloce della CH &#8211; Museo dei trasporti Lucerna"},"content":{"rendered":"<p>Si \u00e8 svolta oggi, nel Museo dei trasporti di Lucerna, la finale svizzera del Swiss Athletics Sprint ( Ragazzo pi\u00f9 veloce della Svizzera ). Gi\u00e0 in primavera per il Gab si erano qualificati ben 4 atleti, un record di presenze degli ultimi anni. I quattro, 2 ragazze Laura e Taisia e 2 ragazzi Nathan e Julian, hanno dato battaglia sulla pista mobile installata tra gli aerei esposti al museo. Tre di loro hanno raggiunto la semifinale e hanno lottato per entrare in finale.<\/p>\n<p><strong>Risultati<\/strong><\/p>\n<ul>\n<li>Laura K\u00e4ppeli 60m W11 9.26<\/li>\n<li>Taisia Crippa 60m W12 Q 8.88 Semi 8.98<\/li>\n<li>Nathan Oberti 60m M13 Q 8.33 Semi 8.24<\/li>\n<li>Julian R\u00fcfenacht 80m M15 Q 9.84 Semi 9.83<\/li>\n<\/ul>\n<p style=\"text-align: center;\"><a href=\"http:\/\/www.swisscitymarathon.ch\/sas\/rangliste\/live\/timetable1.php\" target=\"_blank\">&lt;&lt;Risultati officiali&gt;&gt;<\/a><\/p>\n<p style=\"text-align: left;\">In gara durante il weekend anche Sabrina Innocenti, selezionata dalla Selezione Ticino per il meeting Arge Alp per rappresentative a Platting in Baviera. Gi\u00e0 scesa in pista oggi (Sabato 400m individuali), Sabrina sar\u00e0 al via anche domani nella 4x400m.<\/p>\n<ul>\n<li style=\"text-align: left;\">Sabrina Innocenti 400m 60&#8243;19<\/li>\n<\/ul>\n<p style=\"text-align: left;\">Da notare anche il risultato ottenuto da Elia Bizzozero sabato 10 settembre. Il giovane atleta classe &#8217;98 da poco in forza al Gab, ha concluso il suo primo 800m in 2&#8217;02&#8243;53 corso all&#8217;Arena di Milano.<\/p>\n<p style=\"text-align: left;\">Prossimo appuntamento: <a href=\"http:\/\/gab-bellinzona.ch\/wp\/wp-content\/uploads\/2016\/09\/meetingSettembre.pdf\" target=\"_blank\">Meeting serale Gab &#8211; Bellinzona &#8211;&gt; Mercoled\u00ec 21 settembre<\/a><\/p>\n<p style=\"text-align: center;\">\n","protected":false},"excerpt":{"rendered":"<p>Si \u00e8 svolta oggi, nel Museo dei trasporti di Lucerna, la finale svizzera del Swiss Athletics Sprint ( Ragazzo pi\u00f9 veloce della Svizzera ). Gi\u00e0 in primavera per il Gab [&hellip;]<\/p>\n","protected":false},"author":2,"featured_media":0,"comment_status":"open","ping_status":"closed","sticky":false,"template":"","format":"standard","meta":{"footnotes":""},"categories":[],"tags":[],"class_list":["post-509","post","type-post","status-publish","format-standard"],"_links":{"self":[{"href":"https:\/\/gab-bellinzona.ch\/online\/wp-json\/wp\/v2\/posts\/509","targetHints":{"allow":["GET"]}}],"collection":[{"href":"https:\/\/gab-bellinzona.ch\/online\/wp-json\/wp\/v2\/posts"}],"about":[{"href":"https:\/\/gab-bellinzona.ch\/online\/wp-json\/wp\/v2\/types\/post"}],"author":[{"embeddable":true,"href":"https:\/\/gab-bellinzona.ch\/online\/wp-json\/wp\/v2\/users\/2"}],"replies":[{"embeddable":true,"href":"https:\/\/gab-bellinzona.ch\/online\/wp-json\/wp\/v2\/comments?post=509"}],"version-history":[{"count":0,"href":"https:\/\/gab-bellinzona.ch\/online\/wp-json\/wp\/v2\/posts\/509\/revisions"}],"wp:attachment":[{"href":"https:\/\/gab-bellinzona.ch\/online\/wp-json\/wp\/v2\/media?parent=509"}],"wp:term":[{"taxonomy":"category","embeddable":true,"href":"https:\/\/gab-bellinzona.ch\/online\/wp-json\/wp\/v2\/categories?post=509"},{"taxonomy":"post_tag","embeddable":true,"href":"https:\/\/gab-bellinzona.ch\/online\/wp-json\/wp\/v2\/tags?post=509"}],"curies":[{"name":"wp","href":"https:\/\/api.w.org\/{rel}","templated":true}]}}