{"id":398,"date":"2015-07-20T20:51:08","date_gmt":"2015-07-20T18:51:08","guid":{"rendered":"http:\/\/gab-bellinzona.ch\/?p=3625"},"modified":"2015-07-20T20:59:21","modified_gmt":"2015-07-20T18:59:21","slug":"gala-dei-castelli-2015","status":"publish","type":"post","link":"https:\/\/gab-bellinzona.ch\/online\/gala-dei-castelli-2015\/","title":{"rendered":"Gal\u00e0 dei castelli 2015"},"content":{"rendered":"<p>\u00c8 ora di grande atletica a Bellinzona!<\/p>\n<p>Domani alle ore 18.20 scatta la 5\u00aa edizione del Gal\u00e0 dei castelli.<\/p>\n<p><strong><a href=\"http:\/\/galadeicastelli.ch\" target=\"_blank\">PROGRAMMA<\/a><\/strong><\/p>\n<p><strong><a href=\"http:\/\/galadeicastelli.ch\" target=\"_blank\">SITO GAL\u00c0 DEI CASTELLI<\/a><\/strong><\/p>\n<p>Il Gal\u00e0 dei castelli sar\u00e0 inoltre trasmesso live-streming sul <a href=\"http:\/\/www.rsi.ch\/live-streaming\/sport\/\" target=\"_blank\">sito della RSI<\/a>\u00a0e sul sito <a href=\"http:\/\/www.swiss-starters.ch\" target=\"_blank\">swiss-starters.ch<\/a><\/p>\n","protected":false},"excerpt":{"rendered":"<p>\u00c8 ora di grande atletica a Bellinzona! Domani alle ore 18.20 scatta la 5\u00aa edizione del Gal\u00e0 dei castelli. PROGRAMMA SITO GAL\u00c0 DEI CASTELLI Il Gal\u00e0 dei castelli sar\u00e0 inoltre [&hellip;]<\/p>\n","protected":false},"author":2,"featured_media":0,"comment_status":"open","ping_status":"closed","sticky":false,"template":"","format":"standard","meta":{"footnotes":""},"categories":[],"tags":[],"class_list":["post-398","post","type-post","status-publish","format-standard"],"_links":{"self":[{"href":"https:\/\/gab-bellinzona.ch\/online\/wp-json\/wp\/v2\/posts\/398","targetHints":{"allow":["GET"]}}],"collection":[{"href":"https:\/\/gab-bellinzona.ch\/online\/wp-json\/wp\/v2\/posts"}],"about":[{"href":"https:\/\/gab-bellinzona.ch\/online\/wp-json\/wp\/v2\/types\/post"}],"author":[{"embeddable":true,"href":"https:\/\/gab-bellinzona.ch\/online\/wp-json\/wp\/v2\/users\/2"}],"replies":[{"embeddable":true,"href":"https:\/\/gab-bellinzona.ch\/online\/wp-json\/wp\/v2\/comments?post=398"}],"version-history":[{"count":0,"href":"https:\/\/gab-bellinzona.ch\/online\/wp-json\/wp\/v2\/posts\/398\/revisions"}],"wp:attachment":[{"href":"https:\/\/gab-bellinzona.ch\/online\/wp-json\/wp\/v2\/media?parent=398"}],"wp:term":[{"taxonomy":"category","embeddable":true,"href":"https:\/\/gab-bellinzona.ch\/online\/wp-json\/wp\/v2\/categories?post=398"},{"taxonomy":"post_tag","embeddable":true,"href":"https:\/\/gab-bellinzona.ch\/online\/wp-json\/wp\/v2\/tags?post=398"}],"curies":[{"name":"wp","href":"https:\/\/api.w.org\/{rel}","templated":true}]}}