{"id":310,"date":"2014-10-02T22:39:28","date_gmt":"2014-10-02T20:39:28","guid":{"rendered":"http:\/\/atleticainticino.ch\/wp\/?p=2724"},"modified":"2014-10-07T12:30:12","modified_gmt":"2014-10-07T10:30:12","slug":"gara-sociale-2","status":"publish","type":"post","link":"https:\/\/gab-bellinzona.ch\/online\/gara-sociale-2\/","title":{"rendered":"Gara sociale"},"content":{"rendered":"<p>Si \u00e8 svolta gioved\u00ec, 2 ottobre la GARA SOCIALE, organizzata per tutti gli scolari della societ\u00e0.<\/p>\n<p>Bella la partecipazione, eccovi tutti i risultati:<\/p>\n<p>&nbsp;<\/p>\n<p>&nbsp;<\/p>\n","protected":false},"excerpt":{"rendered":"<p>Si \u00e8 svolta gioved\u00ec, 2 ottobre la GARA SOCIALE, organizzata per tutti gli scolari della societ\u00e0. Bella la partecipazione, eccovi tutti i risultati: &nbsp; &nbsp;<\/p>\n","protected":false},"author":1,"featured_media":0,"comment_status":"closed","ping_status":"closed","sticky":false,"template":"","format":"standard","meta":{"footnotes":""},"categories":[],"tags":[],"class_list":["post-310","post","type-post","status-publish","format-standard"],"_links":{"self":[{"href":"https:\/\/gab-bellinzona.ch\/online\/wp-json\/wp\/v2\/posts\/310","targetHints":{"allow":["GET"]}}],"collection":[{"href":"https:\/\/gab-bellinzona.ch\/online\/wp-json\/wp\/v2\/posts"}],"about":[{"href":"https:\/\/gab-bellinzona.ch\/online\/wp-json\/wp\/v2\/types\/post"}],"author":[{"embeddable":true,"href":"https:\/\/gab-bellinzona.ch\/online\/wp-json\/wp\/v2\/users\/1"}],"replies":[{"embeddable":true,"href":"https:\/\/gab-bellinzona.ch\/online\/wp-json\/wp\/v2\/comments?post=310"}],"version-history":[{"count":0,"href":"https:\/\/gab-bellinzona.ch\/online\/wp-json\/wp\/v2\/posts\/310\/revisions"}],"wp:attachment":[{"href":"https:\/\/gab-bellinzona.ch\/online\/wp-json\/wp\/v2\/media?parent=310"}],"wp:term":[{"taxonomy":"category","embeddable":true,"href":"https:\/\/gab-bellinzona.ch\/online\/wp-json\/wp\/v2\/categories?post=310"},{"taxonomy":"post_tag","embeddable":true,"href":"https:\/\/gab-bellinzona.ch\/online\/wp-json\/wp\/v2\/tags?post=310"}],"curies":[{"name":"wp","href":"https:\/\/api.w.org\/{rel}","templated":true}]}}