{"id":305,"date":"2014-09-12T10:09:30","date_gmt":"2014-09-12T10:09:30","guid":{"rendered":"http:\/\/www.gab-bellinzona.ch\/?p=2547"},"modified":"2014-10-07T00:50:00","modified_gmt":"2014-10-06T22:50:00","slug":"finale-rv-della-svizzera","status":"publish","type":"post","link":"https:\/\/gab-bellinzona.ch\/online\/finale-rv-della-svizzera\/","title":{"rendered":"Finale R+V della Svizzera"},"content":{"rendered":"<div>\n<p>Domenica <strong>14 settembre<\/strong> a Thalwil ci sar\u00e0 la finale del <strong>Ragazzo pi\u00f9 Veloce della Svizzera<\/strong>. A questa manifestazione possono partecipare i ragazzi pi\u00f9 veloci nelle finali cantonali. Per il Ticino e per il GAB avremo in gara Taisia Crippa. Facciamo il tifo per lei!<br \/>\nSul <a href=\"http:\/\/www.tvthalwil.ch\/cms\/front_content.php?idart=243\" target=\"_blank\">sito<\/a> della manifestazione potete trovare tutti i dettagli.<\/p>\n<\/div>\n","protected":false},"excerpt":{"rendered":"<p>Domenica 14 settembre a Thalwil ci sar\u00e0 la finale del Ragazzo pi\u00f9 Veloce della Svizzera. A questa manifestazione possono partecipare i ragazzi pi\u00f9 veloci nelle finali cantonali. Per il Ticino [&hellip;]<\/p>\n","protected":false},"author":1,"featured_media":0,"comment_status":"closed","ping_status":"closed","sticky":false,"template":"","format":"standard","meta":{"footnotes":""},"categories":[],"tags":[],"class_list":["post-305","post","type-post","status-publish","format-standard"],"_links":{"self":[{"href":"https:\/\/gab-bellinzona.ch\/online\/wp-json\/wp\/v2\/posts\/305","targetHints":{"allow":["GET"]}}],"collection":[{"href":"https:\/\/gab-bellinzona.ch\/online\/wp-json\/wp\/v2\/posts"}],"about":[{"href":"https:\/\/gab-bellinzona.ch\/online\/wp-json\/wp\/v2\/types\/post"}],"author":[{"embeddable":true,"href":"https:\/\/gab-bellinzona.ch\/online\/wp-json\/wp\/v2\/users\/1"}],"replies":[{"embeddable":true,"href":"https:\/\/gab-bellinzona.ch\/online\/wp-json\/wp\/v2\/comments?post=305"}],"version-history":[{"count":0,"href":"https:\/\/gab-bellinzona.ch\/online\/wp-json\/wp\/v2\/posts\/305\/revisions"}],"wp:attachment":[{"href":"https:\/\/gab-bellinzona.ch\/online\/wp-json\/wp\/v2\/media?parent=305"}],"wp:term":[{"taxonomy":"category","embeddable":true,"href":"https:\/\/gab-bellinzona.ch\/online\/wp-json\/wp\/v2\/categories?post=305"},{"taxonomy":"post_tag","embeddable":true,"href":"https:\/\/gab-bellinzona.ch\/online\/wp-json\/wp\/v2\/tags?post=305"}],"curies":[{"name":"wp","href":"https:\/\/api.w.org\/{rel}","templated":true}]}}