{"id":296,"date":"2014-08-11T09:55:20","date_gmt":"2014-08-11T09:55:20","guid":{"rendered":"http:\/\/www.gab-bellinzona.ch\/?p=2489"},"modified":"2014-10-03T09:37:33","modified_gmt":"2014-10-03T07:37:33","slug":"campionati-europei-a-zurigo","status":"publish","type":"post","link":"https:\/\/gab-bellinzona.ch\/online\/campionati-europei-a-zurigo\/","title":{"rendered":"Campionati Europei a Zurigo"},"content":{"rendered":"<p>Mancano davvero poche ore all&#8217;inaugurazione ufficiale dei <strong>Campionati Europei<\/strong> di atletica che, come di certo tutti sapete, quest&#8217;anno si terranno a Zurigo! La\u00a0manifestazione inizier\u00e0 marted\u00ec 12 e si concluder\u00e0 domenica 17 agosto. Le gare si svolgeranno allo stadio del Letzigrund, il percorso della marcia e della maratona si snoder\u00e0 invece tra le vie della citt\u00e0 di Zurigo. Sul sito della manifestazione sono ancora a disposizione dei biglietti per assistere alle gare&#8230; non perdete l&#8217;occasione!<br \/>\nFacciamo inoltre gli auguri ai nostri collaboratori del GAB che saranno attivi durante la manifestazione come collaboratori volontari nelle pedane del lancio del peso e nel team degli starter!<\/p>\n<p><a href=\"http:\/\/www.zuerich2014.ch\/\">Sito Campionati Europei di Zurigo.\u00a0<\/a><\/p>\n","protected":false},"excerpt":{"rendered":"<p>Mancano davvero poche ore all&#8217;inaugurazione ufficiale dei Campionati Europei di atletica che, come di certo tutti sapete, quest&#8217;anno si terranno a Zurigo! La\u00a0manifestazione inizier\u00e0 marted\u00ec 12 e si concluder\u00e0 domenica [&hellip;]<\/p>\n","protected":false},"author":1,"featured_media":0,"comment_status":"closed","ping_status":"closed","sticky":false,"template":"","format":"standard","meta":{"footnotes":""},"categories":[],"tags":[],"class_list":["post-296","post","type-post","status-publish","format-standard"],"_links":{"self":[{"href":"https:\/\/gab-bellinzona.ch\/online\/wp-json\/wp\/v2\/posts\/296","targetHints":{"allow":["GET"]}}],"collection":[{"href":"https:\/\/gab-bellinzona.ch\/online\/wp-json\/wp\/v2\/posts"}],"about":[{"href":"https:\/\/gab-bellinzona.ch\/online\/wp-json\/wp\/v2\/types\/post"}],"author":[{"embeddable":true,"href":"https:\/\/gab-bellinzona.ch\/online\/wp-json\/wp\/v2\/users\/1"}],"replies":[{"embeddable":true,"href":"https:\/\/gab-bellinzona.ch\/online\/wp-json\/wp\/v2\/comments?post=296"}],"version-history":[{"count":0,"href":"https:\/\/gab-bellinzona.ch\/online\/wp-json\/wp\/v2\/posts\/296\/revisions"}],"wp:attachment":[{"href":"https:\/\/gab-bellinzona.ch\/online\/wp-json\/wp\/v2\/media?parent=296"}],"wp:term":[{"taxonomy":"category","embeddable":true,"href":"https:\/\/gab-bellinzona.ch\/online\/wp-json\/wp\/v2\/categories?post=296"},{"taxonomy":"post_tag","embeddable":true,"href":"https:\/\/gab-bellinzona.ch\/online\/wp-json\/wp\/v2\/tags?post=296"}],"curies":[{"name":"wp","href":"https:\/\/api.w.org\/{rel}","templated":true}]}}