{"id":28,"date":"2012-02-02T21:35:19","date_gmt":"2012-02-02T21:35:19","guid":{"rendered":"http:\/\/www.gab-bellinzona.ch\/?p=478"},"modified":"2021-07-12T16:45:09","modified_gmt":"2021-07-12T16:45:09","slug":"tra-la-neve-e-sulla-pista","status":"publish","type":"post","link":"https:\/\/gab-bellinzona.ch\/online\/tra-la-neve-e-sulla-pista\/","title":{"rendered":"&#8230; tra la neve e sulla pista!"},"content":{"rendered":"<figure id=\"attachment_487\" aria-describedby=\"caption-attachment-487\" style=\"width: 250px\" class=\"wp-caption alignright\"><a href=\"http:\/\/www.gab-bellinzona.ch\/2012\/02\/02\/tra-la-neve-e-sulla-pista\/p1190065-2\/\" rel=\"attachment wp-att-487\"><img loading=\"lazy\" decoding=\"async\" class=\"size-medium wp-image-487\" src=\"http:\/\/www.gab-bellinzona.ch\/www\/wp-content\/uploads\/2012\/02\/P11900651-250x333.jpg\" alt=\"\" width=\"250\" height=\"333\" \/><\/a><figcaption id=\"caption-attachment-487\" class=\"wp-caption-text\">Uno scorcio del percorso del cross<\/figcaption><\/figure>\n<p>Questo fine settimana sar\u00e0 molto intenso per gli atleti GAB e i loro allenatori!<\/p>\n<p>Sui prati di Tesserete si svolger\u00e0 il cross della Capriasca. Il percorso \u00e9 pronto e il<br \/>\npaesaggio si annuncia suggestivo!<\/p>\n<p>Alla Ende der Welt di Macolin sar\u00e0 invece di scena una due giorni di gare indoor.<br \/>\nMolti gli atleti GAB al via!<\/p>\n<p>A tutti&#8230; chi sulla neve, chi sulla pista un grande&#8230; FORZA!<\/p>\n","protected":false},"excerpt":{"rendered":"<p>Questo fine settimana sar\u00e0 molto intenso per gli atleti GAB e i loro allenatori! Sui prati di Tesserete si svolger\u00e0 il cross della Capriasca. Il percorso \u00e9 pronto e il [&hellip;]<\/p>\n","protected":false},"author":2,"featured_media":0,"comment_status":"open","ping_status":"closed","sticky":false,"template":"","format":"standard","meta":{"footnotes":""},"categories":[1],"tags":[],"class_list":["post-28","post","type-post","status-publish","format-standard","category-vuoto"],"_links":{"self":[{"href":"https:\/\/gab-bellinzona.ch\/online\/wp-json\/wp\/v2\/posts\/28","targetHints":{"allow":["GET"]}}],"collection":[{"href":"https:\/\/gab-bellinzona.ch\/online\/wp-json\/wp\/v2\/posts"}],"about":[{"href":"https:\/\/gab-bellinzona.ch\/online\/wp-json\/wp\/v2\/types\/post"}],"author":[{"embeddable":true,"href":"https:\/\/gab-bellinzona.ch\/online\/wp-json\/wp\/v2\/users\/2"}],"replies":[{"embeddable":true,"href":"https:\/\/gab-bellinzona.ch\/online\/wp-json\/wp\/v2\/comments?post=28"}],"version-history":[{"count":1,"href":"https:\/\/gab-bellinzona.ch\/online\/wp-json\/wp\/v2\/posts\/28\/revisions"}],"predecessor-version":[{"id":9949,"href":"https:\/\/gab-bellinzona.ch\/online\/wp-json\/wp\/v2\/posts\/28\/revisions\/9949"}],"wp:attachment":[{"href":"https:\/\/gab-bellinzona.ch\/online\/wp-json\/wp\/v2\/media?parent=28"}],"wp:term":[{"taxonomy":"category","embeddable":true,"href":"https:\/\/gab-bellinzona.ch\/online\/wp-json\/wp\/v2\/categories?post=28"},{"taxonomy":"post_tag","embeddable":true,"href":"https:\/\/gab-bellinzona.ch\/online\/wp-json\/wp\/v2\/tags?post=28"}],"curies":[{"name":"wp","href":"https:\/\/api.w.org\/{rel}","templated":true}]}}