{"id":24,"date":"2012-01-27T11:04:56","date_gmt":"2012-01-27T11:04:56","guid":{"rendered":"http:\/\/www.gab-bellinzona.ch\/?p=382"},"modified":"2012-02-18T11:16:41","modified_gmt":"2012-02-18T11:16:41","slug":"bea-lundmark-obiettivo-olimpiadi","status":"publish","type":"post","link":"https:\/\/gab-bellinzona.ch\/online\/bea-lundmark-obiettivo-olimpiadi\/","title":{"rendered":"Bea Lundmark: &#8220;Obiettivo Olimpiadi&#8221;"},"content":{"rendered":"<figure id=\"attachment_387\" aria-describedby=\"caption-attachment-387\" style=\"width: 250px\" class=\"wp-caption alignright\"><a href=\"http:\/\/www.gab-bellinzona.ch\/2012\/01\/27\/bea-lundmark-obiettivo-olimpiadi\/bea_concentra\/\" rel=\"attachment wp-att-387\"><img loading=\"lazy\" decoding=\"async\" class=\"size-medium wp-image-387\" title=\"bea_concentra\" src=\"http:\/\/www.gab-bellinzona.ch\/www\/wp-content\/uploads\/2012\/01\/bea_concentra-250x192.jpg\" alt=\"\" width=\"250\" height=\"192\" \/><\/a><figcaption id=\"caption-attachment-387\" class=\"wp-caption-text\">pronta per il grande sogno<\/figcaption><\/figure>\n<p>LUGANO. \u00c8 ticinese ed \u00e8 in assoluto, attualmente, la miglior svizzera nel salto in alto: Beatrice Lundmark, per tutti Bea, \u00e8 pronta per seguire il suo sogno olimpico.<br \/>\nBea, arrivi da una vittoria a un meeting nazionale di Zurigo\u2026<br \/>\n\u201c\u00c8 stata una gara d\u2019allenamento in realt\u00e0, utile per provare le rincorse intere, visto che sono ancora in un periodo di carico\u201d.<br \/>\nQuest\u2019anno \u00e8 pieno di grandi avvenimenti, Mondiali, Europei e naturalmente le Olimpiadi\u2026<!--more--><br \/>\n\u201cQuest\u2019anno, per quanto riguarda le gare indoor, parteciper\u00f2 solo ai campionati svizzeri e forse far\u00f2 un\u2019altra gara una settimana prima dei campionati, il tutto \u00e8 una preparazione in vista dell\u2019estate dove ci saranno gli appuntamenti con Europei e Olimpiadi\u201d.<br \/>\nPer partecipare alle Olimpiadi devi fare il limite A che \u00e8 di 1m95\u2026<br \/>\n\u201cS\u00ec, a giugno ci saranno gli Europei e a Luglio i Giochi di Londra. Per gli Europei devo raggiungere 1m90 e per le Olimpiadi 1m95. Una volta per partecipare ai Giochi richiedevano il limite B fissato a 1m92, ora richiedono il limite A che \u00e8 l\u2019attuale record svizzero. Per questo mi sto allenando molto in questi mesi. Ho gi\u00e0 fatto tre campi d\u2019allenamento, uno a Formia, uno a Macolin e poi a Zurigo dove mi sono allenata e ho anche partecipato al salto triplo. Sabato far\u00f2 anche una gara a ostacoli a Saronno. Quest\u2019anno la stagione importante \u00e8 all\u2019aperto, da ottobre a maggio senza gare \u00e8 un periodo troppo lungo, quindi partecipo ad altre gare per tenermi in forma, sia fisica che mentale\u201d.<br \/>\nQuanto tempo hai per raggiungere il limite A?<br \/>\n\u201cIl limite A lo posso fare in qualsiasi competizione, anche quelle indoor sono valide, l\u2019ultimo termine di qualifica \u00e8 l\u20198 luglio, il 6 e il 7 ci saranno i campionati Nazionali all\u2019aperto. L\u2019ideale ora sarebbe di raggiungere la qualifica per gli Europei nelle gare indoor. Per quanto riguarda la qualifica alle Olimpiadi, il massimo sarebbe fare il limite A al meeting del GAB, il 5 giugno a Bellinzona, davanti al pubblico di casa\u201d.<br \/>\nPrima lavoravi al\u201980%, poi nel corso degli anni hai ridotto fino al 50%&#8230;.<br \/>\n\u201cQuesto grazie agli sponsor. La Federazione svizzera mi aiuta anche, ma ha cominciato a farlo solo dopo gli Europei a Barcellona (2010) quando ho raggiunto la finale. Grazie alla nuova collaborazione con BancaStato, oltre a quelle che gi\u00e0 avevo con Ail, Pini Associati e Villa Sassa e GAB, posso lavorare al 50%\u201d.<br \/>\nChi volesse seguire l\u2019avventura di Bea pu\u00f2 visitare il suo sito personale che \u00e8 <a title=\"sito bea\" href=\"http:\/\/www.bealundmark.ch\">www.bealundmark.ch<\/a><\/p>\n<p><a title=\"articolo originale\" href=\"http:\/\/www.tio.ch\/Sport\/News\/666512\/Bea-Lundmark-Obiettivo-Olimpiadi\">http:\/\/www.tio.ch\/Sport\/News\/666512\/Bea-Lundmark-Obiettivo-Olimpiadi<\/a><\/p>\n<p>&nbsp;<\/p>\n<p style=\"text-align: center;\">Articolo apparso anche su 20minuti<\/p>\n<p><a href=\"http:\/\/www.gab-bellinzona.ch\/2012\/01\/27\/bea-lundmark-obiettivo-olimpiadi\/bea_arti2\/\" rel=\"attachment wp-att-390\"><img loading=\"lazy\" decoding=\"async\" class=\"aligncenter size-medium wp-image-390\" title=\"bea_arti2\" src=\"http:\/\/www.gab-bellinzona.ch\/www\/wp-content\/uploads\/2012\/01\/bea_arti2-250x172.jpg\" alt=\"\" width=\"250\" height=\"172\" \/><\/a><\/p>\n","protected":false},"excerpt":{"rendered":"<p>LUGANO. \u00c8 ticinese ed \u00e8 in assoluto, attualmente, la miglior svizzera nel salto in alto: Beatrice Lundmark, per tutti Bea, \u00e8 pronta per seguire il suo sogno olimpico. Bea, arrivi [&hellip;]<\/p>\n","protected":false},"author":1,"featured_media":0,"comment_status":"open","ping_status":"closed","sticky":false,"template":"","format":"standard","meta":{"footnotes":""},"categories":[],"tags":[],"class_list":["post-24","post","type-post","status-publish","format-standard"],"_links":{"self":[{"href":"https:\/\/gab-bellinzona.ch\/online\/wp-json\/wp\/v2\/posts\/24","targetHints":{"allow":["GET"]}}],"collection":[{"href":"https:\/\/gab-bellinzona.ch\/online\/wp-json\/wp\/v2\/posts"}],"about":[{"href":"https:\/\/gab-bellinzona.ch\/online\/wp-json\/wp\/v2\/types\/post"}],"author":[{"embeddable":true,"href":"https:\/\/gab-bellinzona.ch\/online\/wp-json\/wp\/v2\/users\/1"}],"replies":[{"embeddable":true,"href":"https:\/\/gab-bellinzona.ch\/online\/wp-json\/wp\/v2\/comments?post=24"}],"version-history":[{"count":0,"href":"https:\/\/gab-bellinzona.ch\/online\/wp-json\/wp\/v2\/posts\/24\/revisions"}],"wp:attachment":[{"href":"https:\/\/gab-bellinzona.ch\/online\/wp-json\/wp\/v2\/media?parent=24"}],"wp:term":[{"taxonomy":"category","embeddable":true,"href":"https:\/\/gab-bellinzona.ch\/online\/wp-json\/wp\/v2\/categories?post=24"},{"taxonomy":"post_tag","embeddable":true,"href":"https:\/\/gab-bellinzona.ch\/online\/wp-json\/wp\/v2\/tags?post=24"}],"curies":[{"name":"wp","href":"https:\/\/api.w.org\/{rel}","templated":true}]}}