{"id":230,"date":"2014-10-04T21:02:49","date_gmt":"2014-10-04T19:02:49","guid":{"rendered":"http:\/\/www.gab-bellinzona.ch\/?p=2105"},"modified":"2014-10-05T11:30:41","modified_gmt":"2014-10-05T09:30:41","slug":"assemblea-e-cena-gab","status":"publish","type":"post","link":"https:\/\/gab-bellinzona.ch\/online\/assemblea-e-cena-gab\/","title":{"rendered":"Assemblea e cena GAB"},"content":{"rendered":"<p><strong>Sabato 29\u00a0novembre<\/strong> si svolger\u00e0 l&#8217;annuale assemblea della nostra societ\u00e0, l&#8217;appuntamento \u00e8 fissato per le 17.30 nella sala del Consiglio comunale di Bellinzona. Siete tutti invitati!<br \/>\nAl termine dell&#8217;assemblea ci sposteremo all&#8217;Hotel Unione per trascorrere una bella, e di certo anche buona, cena in compagnia (iscrizioni entro il 19\u00a0novembre).<\/p>\n","protected":false},"excerpt":{"rendered":"<p>Sabato 29\u00a0novembre si svolger\u00e0 l&#8217;annuale assemblea della nostra societ\u00e0, l&#8217;appuntamento \u00e8 fissato per le 17.30 nella sala del Consiglio comunale di Bellinzona. Siete tutti invitati! Al termine dell&#8217;assemblea ci sposteremo [&hellip;]<\/p>\n","protected":false},"author":1,"featured_media":0,"comment_status":"open","ping_status":"closed","sticky":false,"template":"","format":"standard","meta":{"footnotes":""},"categories":[],"tags":[],"class_list":["post-230","post","type-post","status-publish","format-standard"],"_links":{"self":[{"href":"https:\/\/gab-bellinzona.ch\/online\/wp-json\/wp\/v2\/posts\/230","targetHints":{"allow":["GET"]}}],"collection":[{"href":"https:\/\/gab-bellinzona.ch\/online\/wp-json\/wp\/v2\/posts"}],"about":[{"href":"https:\/\/gab-bellinzona.ch\/online\/wp-json\/wp\/v2\/types\/post"}],"author":[{"embeddable":true,"href":"https:\/\/gab-bellinzona.ch\/online\/wp-json\/wp\/v2\/users\/1"}],"replies":[{"embeddable":true,"href":"https:\/\/gab-bellinzona.ch\/online\/wp-json\/wp\/v2\/comments?post=230"}],"version-history":[{"count":0,"href":"https:\/\/gab-bellinzona.ch\/online\/wp-json\/wp\/v2\/posts\/230\/revisions"}],"wp:attachment":[{"href":"https:\/\/gab-bellinzona.ch\/online\/wp-json\/wp\/v2\/media?parent=230"}],"wp:term":[{"taxonomy":"category","embeddable":true,"href":"https:\/\/gab-bellinzona.ch\/online\/wp-json\/wp\/v2\/categories?post=230"},{"taxonomy":"post_tag","embeddable":true,"href":"https:\/\/gab-bellinzona.ch\/online\/wp-json\/wp\/v2\/tags?post=230"}],"curies":[{"name":"wp","href":"https:\/\/api.w.org\/{rel}","templated":true}]}}