{"id":173,"date":"2014-06-03T23:04:11","date_gmt":"2014-06-03T21:04:11","guid":{"rendered":"http:\/\/www.gab-bellinzona.ch\/?p=1819"},"modified":"2015-09-23T20:19:44","modified_gmt":"2015-09-23T18:19:44","slug":"grande-successo-per-il-gala","status":"publish","type":"post","link":"https:\/\/gab-bellinzona.ch\/online\/grande-successo-per-il-gala\/","title":{"rendered":"Grande successo per il Gal\u00e0!"},"content":{"rendered":"<p>A poche ore dal termine dell&#8217;edizione 2014 del <strong>Gal\u00e0 dei Castelli<\/strong> ci complimentiamo con il comitato organizzativo per la perfetta riuscita del meeting! Un grande grazie per la passione, l&#8217;entusiasmo e la professionalit\u00e0 con cui hanno lavorato in questi mesi! La serata di grande atletica all&#8217;ombra dei tre castelli \u00e8 stata davvero avvincente, emozionante e con una cornice di pubblico davvero speciale. Nella sezione foto potete gi\u00e0 ammirare alcune istantanee della serata.<\/p>\n<p>Arrivederci al 2015&#8230; sempre pi\u00f9&#8230; alla grande!<\/p>\n","protected":false},"excerpt":{"rendered":"<p>A poche ore dal termine dell&#8217;edizione 2014 del Gal\u00e0 dei Castelli ci complimentiamo con il comitato organizzativo per la perfetta riuscita del meeting! Un grande grazie per la passione, l&#8217;entusiasmo [&hellip;]<\/p>\n","protected":false},"author":1,"featured_media":0,"comment_status":"closed","ping_status":"closed","sticky":false,"template":"","format":"standard","meta":{"footnotes":""},"categories":[],"tags":[],"class_list":["post-173","post","type-post","status-publish","format-standard"],"_links":{"self":[{"href":"https:\/\/gab-bellinzona.ch\/online\/wp-json\/wp\/v2\/posts\/173","targetHints":{"allow":["GET"]}}],"collection":[{"href":"https:\/\/gab-bellinzona.ch\/online\/wp-json\/wp\/v2\/posts"}],"about":[{"href":"https:\/\/gab-bellinzona.ch\/online\/wp-json\/wp\/v2\/types\/post"}],"author":[{"embeddable":true,"href":"https:\/\/gab-bellinzona.ch\/online\/wp-json\/wp\/v2\/users\/1"}],"replies":[{"embeddable":true,"href":"https:\/\/gab-bellinzona.ch\/online\/wp-json\/wp\/v2\/comments?post=173"}],"version-history":[{"count":0,"href":"https:\/\/gab-bellinzona.ch\/online\/wp-json\/wp\/v2\/posts\/173\/revisions"}],"wp:attachment":[{"href":"https:\/\/gab-bellinzona.ch\/online\/wp-json\/wp\/v2\/media?parent=173"}],"wp:term":[{"taxonomy":"category","embeddable":true,"href":"https:\/\/gab-bellinzona.ch\/online\/wp-json\/wp\/v2\/categories?post=173"},{"taxonomy":"post_tag","embeddable":true,"href":"https:\/\/gab-bellinzona.ch\/online\/wp-json\/wp\/v2\/tags?post=173"}],"curies":[{"name":"wp","href":"https:\/\/api.w.org\/{rel}","templated":true}]}}