{"id":17,"date":"2011-12-19T13:36:43","date_gmt":"2011-12-19T13:36:43","guid":{"rendered":"http:\/\/www.gab-bellinzona.ch\/?p=257"},"modified":"2011-12-22T09:33:52","modified_gmt":"2011-12-22T09:33:52","slug":"riconoscimento-ufficiale","status":"publish","type":"post","link":"https:\/\/gab-bellinzona.ch\/online\/riconoscimento-ufficiale\/","title":{"rendered":"Riconoscimento ufficiale"},"content":{"rendered":"<figure id=\"attachment_274\" aria-describedby=\"caption-attachment-274\" style=\"width: 250px\" class=\"wp-caption alignright\"><a href=\"http:\/\/www.gab-bellinzona.ch\/2011\/12\/19\/riconoscimento-ufficiale\/article45_1_large\/\" rel=\"attachment wp-att-274\"><img loading=\"lazy\" decoding=\"async\" class=\"size-medium wp-image-274\" title=\"article45_1_large\" src=\"http:\/\/www.gab-bellinzona.ch\/www\/wp-content\/uploads\/2011\/12\/article45_1_large-250x120.jpg\" alt=\"\" width=\"250\" height=\"120\" \/><\/a><figcaption id=\"caption-attachment-274\" class=\"wp-caption-text\">Foto ricordo<\/figcaption><\/figure>\n<p><strong>Marted\u00ec 20 dicembre<\/strong> a partire dalle ore 17:00 (concerto) risp. dalle 17:30 (cerimonia) presso il Municipio si terr\u00e0 il tradizionale incontro tra le Autorit\u00e0 e le societ\u00e0 della citt\u00e0.<\/p>\n<p>In questa occasione (per il terzo anno consecutivo!!!) al GAB sar\u00e0 conferito un premio.<\/p>\n<p>\u00c8 la volta della <strong>Societ\u00e0 tutta<\/strong>, che grazie ai suoi atleti ed allenatori e alla rinascita di un meeting internazionale ha ottenuto l&#8217;importante riconoscimento.<\/p>\n<p>Tutti in Municipio ad applaudirVi&#8230;<\/p>\n<p>&nbsp;<\/p>\n<p><a href=\"http:\/\/www.gab-bellinzona.ch\/www\/wp-content\/uploads\/2011\/12\/riconoscimentoGAB.pdf\">Leggi le motivazioni GAB<\/a><\/p>\n","protected":false},"excerpt":{"rendered":"<p>Marted\u00ec 20 dicembre a partire dalle ore 17:00 (concerto) risp. dalle 17:30 (cerimonia) presso il Municipio si terr\u00e0 il tradizionale incontro tra le Autorit\u00e0 e le societ\u00e0 della citt\u00e0. In [&hellip;]<\/p>\n","protected":false},"author":1,"featured_media":0,"comment_status":"open","ping_status":"closed","sticky":false,"template":"","format":"standard","meta":{"footnotes":""},"categories":[],"tags":[],"class_list":["post-17","post","type-post","status-publish","format-standard"],"_links":{"self":[{"href":"https:\/\/gab-bellinzona.ch\/online\/wp-json\/wp\/v2\/posts\/17","targetHints":{"allow":["GET"]}}],"collection":[{"href":"https:\/\/gab-bellinzona.ch\/online\/wp-json\/wp\/v2\/posts"}],"about":[{"href":"https:\/\/gab-bellinzona.ch\/online\/wp-json\/wp\/v2\/types\/post"}],"author":[{"embeddable":true,"href":"https:\/\/gab-bellinzona.ch\/online\/wp-json\/wp\/v2\/users\/1"}],"replies":[{"embeddable":true,"href":"https:\/\/gab-bellinzona.ch\/online\/wp-json\/wp\/v2\/comments?post=17"}],"version-history":[{"count":0,"href":"https:\/\/gab-bellinzona.ch\/online\/wp-json\/wp\/v2\/posts\/17\/revisions"}],"wp:attachment":[{"href":"https:\/\/gab-bellinzona.ch\/online\/wp-json\/wp\/v2\/media?parent=17"}],"wp:term":[{"taxonomy":"category","embeddable":true,"href":"https:\/\/gab-bellinzona.ch\/online\/wp-json\/wp\/v2\/categories?post=17"},{"taxonomy":"post_tag","embeddable":true,"href":"https:\/\/gab-bellinzona.ch\/online\/wp-json\/wp\/v2\/tags?post=17"}],"curies":[{"name":"wp","href":"https:\/\/api.w.org\/{rel}","templated":true}]}}