{"id":15175,"date":"2026-01-25T16:58:44","date_gmt":"2026-01-25T14:58:44","guid":{"rendered":"https:\/\/gab-bellinzona.ch\/online\/?p=15175"},"modified":"2026-01-25T17:00:57","modified_gmt":"2026-01-25T15:00:57","slug":"ct-cross-vezia","status":"publish","type":"post","link":"https:\/\/gab-bellinzona.ch\/online\/ct-cross-vezia\/","title":{"rendered":"CT cross &#8211; Vezia"},"content":{"rendered":"<p>Domenica 25 gennaio \u00e8 sinonimo di Campionati Ticinesi di Cross. Quest&#8217;anno l&#8217;appuntamento pi\u00f9 importante della Coppa Ticino di Cross si \u00e8 svolto a Vezia dove sui campi paltosi si sono dati battaglia i numerosi contendenti al titolo cantonale. Al via anche molti atleti GAB; che dagli U10 ai Masters si sono ben difesi portando a casa molte medaglie.<\/p><p><strong>Podi GAB&nbsp;<\/strong><\/p><ul class=\"wp-block-list\"><li>Giovanna Turrini U16W -&gt; 3\u00b0 posto<\/li>\n\n<li>Leo Kurmann U16M -> 1\u00b0 posto <strong>&#8220;Campione ticinese U16&#8221;<\/strong><\/li>\n\n<li>Giacomo Turrini U16M -&gt; 3\u00b0 posto<\/li>\n\n<li>Aurora De Marco U20W -&gt; 2\u00b0 posto<\/li>\n\n<li>Zoe Rossi attive -&gt; 2\u00b0 posto<\/li>\n\n<li>Paola Stampanoni W40 -> 1\u00b0 posto <strong>&#8220;Campionessa ticinese W40&#8221;<\/strong><\/li>\n\n<li>Jeannette Bragagnolo W50 -> 1\u00b0 posto <strong>&#8220;Campione ticinese W50&#8221;<\/strong><\/li>\n\n<li>Niko Zenker U20M -&gt; 2\u00b0 posto<\/li>\n\n<li>Lukas Oehen attivi -> 1\u00b0 posto <strong>&#8220;Campione ticinese&#8221;<\/strong><\/li><\/ul><p class=\"has-text-align-center\"><a href=\"https:\/\/www.endu.net\/it\/events\/cross-sam\/results\">&lt;&lt;RISULTATI VEZIA&gt;&gt;<\/a><\/p><p class=\"has-text-align-center\"><a href=\"https:\/\/drive.google.com\/drive\/folders\/1QKE2kfReaVIRUZ5pQ4I-KGRyQuVk3zca?usp=share_link\">&lt;&lt;FOTO&gt;&gt;<\/a><\/p><figure class=\"wp-block-gallery has-nested-images columns-default is-cropped wp-block-gallery-1 is-layout-flex wp-block-gallery-is-layout-flex\"><figure class=\"wp-block-image size-large\"><img loading=\"lazy\" decoding=\"async\" width=\"1024\" height=\"576\" data-id=\"15178\" src=\"https:\/\/gab-bellinzona.ch\/online\/wp-content\/uploads\/2026\/01\/ed4b832b-f4fd-4f1b-91e5-c349da261833-dimensioni-grandi-1024x576.jpeg\" alt=\"\" class=\"wp-image-15178\" srcset=\"https:\/\/gab-bellinzona.ch\/online\/wp-content\/uploads\/2026\/01\/ed4b832b-f4fd-4f1b-91e5-c349da261833-dimensioni-grandi-1024x576.jpeg 1024w, https:\/\/gab-bellinzona.ch\/online\/wp-content\/uploads\/2026\/01\/ed4b832b-f4fd-4f1b-91e5-c349da261833-dimensioni-grandi-300x169.jpeg 300w, https:\/\/gab-bellinzona.ch\/online\/wp-content\/uploads\/2026\/01\/ed4b832b-f4fd-4f1b-91e5-c349da261833-dimensioni-grandi-768x432.jpeg 768w, https:\/\/gab-bellinzona.ch\/online\/wp-content\/uploads\/2026\/01\/ed4b832b-f4fd-4f1b-91e5-c349da261833-dimensioni-grandi-747x420.jpeg 747w, https:\/\/gab-bellinzona.ch\/online\/wp-content\/uploads\/2026\/01\/ed4b832b-f4fd-4f1b-91e5-c349da261833-dimensioni-grandi-150x84.jpeg 150w, https:\/\/gab-bellinzona.ch\/online\/wp-content\/uploads\/2026\/01\/ed4b832b-f4fd-4f1b-91e5-c349da261833-dimensioni-grandi-696x392.jpeg 696w, https:\/\/gab-bellinzona.ch\/online\/wp-content\/uploads\/2026\/01\/ed4b832b-f4fd-4f1b-91e5-c349da261833-dimensioni-grandi-1068x601.jpeg 1068w, https:\/\/gab-bellinzona.ch\/online\/wp-content\/uploads\/2026\/01\/ed4b832b-f4fd-4f1b-91e5-c349da261833-dimensioni-grandi-600x338.jpeg 600w, https:\/\/gab-bellinzona.ch\/online\/wp-content\/uploads\/2026\/01\/ed4b832b-f4fd-4f1b-91e5-c349da261833-dimensioni-grandi.jpeg 1280w\" sizes=\"auto, (max-width: 1024px) 100vw, 1024px\" \/><\/figure>\n\n<figure class=\"wp-block-image size-large\"><img loading=\"lazy\" decoding=\"async\" width=\"1024\" height=\"682\" data-id=\"15181\" src=\"https:\/\/gab-bellinzona.ch\/online\/wp-content\/uploads\/2026\/01\/IMG_0563-dimensioni-grandi-1024x682.jpeg\" alt=\"\" class=\"wp-image-15181\" srcset=\"https:\/\/gab-bellinzona.ch\/online\/wp-content\/uploads\/2026\/01\/IMG_0563-dimensioni-grandi-1024x682.jpeg 1024w, https:\/\/gab-bellinzona.ch\/online\/wp-content\/uploads\/2026\/01\/IMG_0563-dimensioni-grandi-300x200.jpeg 300w, https:\/\/gab-bellinzona.ch\/online\/wp-content\/uploads\/2026\/01\/IMG_0563-dimensioni-grandi-768x512.jpeg 768w, https:\/\/gab-bellinzona.ch\/online\/wp-content\/uploads\/2026\/01\/IMG_0563-dimensioni-grandi-630x420.jpeg 630w, https:\/\/gab-bellinzona.ch\/online\/wp-content\/uploads\/2026\/01\/IMG_0563-dimensioni-grandi-150x100.jpeg 150w, https:\/\/gab-bellinzona.ch\/online\/wp-content\/uploads\/2026\/01\/IMG_0563-dimensioni-grandi-696x464.jpeg 696w, https:\/\/gab-bellinzona.ch\/online\/wp-content\/uploads\/2026\/01\/IMG_0563-dimensioni-grandi-1068x712.jpeg 1068w, https:\/\/gab-bellinzona.ch\/online\/wp-content\/uploads\/2026\/01\/IMG_0563-dimensioni-grandi-600x400.jpeg 600w, https:\/\/gab-bellinzona.ch\/online\/wp-content\/uploads\/2026\/01\/IMG_0563-dimensioni-grandi.jpeg 1280w\" sizes=\"auto, (max-width: 1024px) 100vw, 1024px\" \/><\/figure>\n\n<figure class=\"wp-block-image size-large\"><img loading=\"lazy\" decoding=\"async\" width=\"1024\" height=\"682\" data-id=\"15179\" src=\"https:\/\/gab-bellinzona.ch\/online\/wp-content\/uploads\/2026\/01\/IMG_0568-dimensioni-grandi-1024x682.jpeg\" alt=\"\" class=\"wp-image-15179\" srcset=\"https:\/\/gab-bellinzona.ch\/online\/wp-content\/uploads\/2026\/01\/IMG_0568-dimensioni-grandi-1024x682.jpeg 1024w, https:\/\/gab-bellinzona.ch\/online\/wp-content\/uploads\/2026\/01\/IMG_0568-dimensioni-grandi-300x200.jpeg 300w, https:\/\/gab-bellinzona.ch\/online\/wp-content\/uploads\/2026\/01\/IMG_0568-dimensioni-grandi-768x512.jpeg 768w, https:\/\/gab-bellinzona.ch\/online\/wp-content\/uploads\/2026\/01\/IMG_0568-dimensioni-grandi-630x420.jpeg 630w, https:\/\/gab-bellinzona.ch\/online\/wp-content\/uploads\/2026\/01\/IMG_0568-dimensioni-grandi-150x100.jpeg 150w, https:\/\/gab-bellinzona.ch\/online\/wp-content\/uploads\/2026\/01\/IMG_0568-dimensioni-grandi-696x464.jpeg 696w, https:\/\/gab-bellinzona.ch\/online\/wp-content\/uploads\/2026\/01\/IMG_0568-dimensioni-grandi-1068x712.jpeg 1068w, https:\/\/gab-bellinzona.ch\/online\/wp-content\/uploads\/2026\/01\/IMG_0568-dimensioni-grandi-600x400.jpeg 600w, https:\/\/gab-bellinzona.ch\/online\/wp-content\/uploads\/2026\/01\/IMG_0568-dimensioni-grandi.jpeg 1280w\" sizes=\"auto, (max-width: 1024px) 100vw, 1024px\" \/><\/figure>\n\n<figure class=\"wp-block-image size-large\"><img loading=\"lazy\" decoding=\"async\" width=\"1024\" height=\"682\" data-id=\"15184\" src=\"https:\/\/gab-bellinzona.ch\/online\/wp-content\/uploads\/2026\/01\/IMG_0661-dimensioni-grandi-1024x682.jpeg\" alt=\"\" class=\"wp-image-15184\" srcset=\"https:\/\/gab-bellinzona.ch\/online\/wp-content\/uploads\/2026\/01\/IMG_0661-dimensioni-grandi-1024x682.jpeg 1024w, https:\/\/gab-bellinzona.ch\/online\/wp-content\/uploads\/2026\/01\/IMG_0661-dimensioni-grandi-300x200.jpeg 300w, https:\/\/gab-bellinzona.ch\/online\/wp-content\/uploads\/2026\/01\/IMG_0661-dimensioni-grandi-768x512.jpeg 768w, https:\/\/gab-bellinzona.ch\/online\/wp-content\/uploads\/2026\/01\/IMG_0661-dimensioni-grandi-630x420.jpeg 630w, https:\/\/gab-bellinzona.ch\/online\/wp-content\/uploads\/2026\/01\/IMG_0661-dimensioni-grandi-150x100.jpeg 150w, https:\/\/gab-bellinzona.ch\/online\/wp-content\/uploads\/2026\/01\/IMG_0661-dimensioni-grandi-696x464.jpeg 696w, https:\/\/gab-bellinzona.ch\/online\/wp-content\/uploads\/2026\/01\/IMG_0661-dimensioni-grandi-1068x712.jpeg 1068w, https:\/\/gab-bellinzona.ch\/online\/wp-content\/uploads\/2026\/01\/IMG_0661-dimensioni-grandi-600x400.jpeg 600w, https:\/\/gab-bellinzona.ch\/online\/wp-content\/uploads\/2026\/01\/IMG_0661-dimensioni-grandi.jpeg 1280w\" sizes=\"auto, (max-width: 1024px) 100vw, 1024px\" \/><\/figure>\n\n<figure class=\"wp-block-image size-large\"><img loading=\"lazy\" decoding=\"async\" width=\"1024\" height=\"682\" data-id=\"15183\" src=\"https:\/\/gab-bellinzona.ch\/online\/wp-content\/uploads\/2026\/01\/IMG_0678-dimensioni-grandi-1024x682.jpeg\" alt=\"\" class=\"wp-image-15183\" srcset=\"https:\/\/gab-bellinzona.ch\/online\/wp-content\/uploads\/2026\/01\/IMG_0678-dimensioni-grandi-1024x682.jpeg 1024w, https:\/\/gab-bellinzona.ch\/online\/wp-content\/uploads\/2026\/01\/IMG_0678-dimensioni-grandi-300x200.jpeg 300w, https:\/\/gab-bellinzona.ch\/online\/wp-content\/uploads\/2026\/01\/IMG_0678-dimensioni-grandi-768x512.jpeg 768w, https:\/\/gab-bellinzona.ch\/online\/wp-content\/uploads\/2026\/01\/IMG_0678-dimensioni-grandi-630x420.jpeg 630w, https:\/\/gab-bellinzona.ch\/online\/wp-content\/uploads\/2026\/01\/IMG_0678-dimensioni-grandi-150x100.jpeg 150w, https:\/\/gab-bellinzona.ch\/online\/wp-content\/uploads\/2026\/01\/IMG_0678-dimensioni-grandi-696x464.jpeg 696w, https:\/\/gab-bellinzona.ch\/online\/wp-content\/uploads\/2026\/01\/IMG_0678-dimensioni-grandi-1068x712.jpeg 1068w, https:\/\/gab-bellinzona.ch\/online\/wp-content\/uploads\/2026\/01\/IMG_0678-dimensioni-grandi-600x400.jpeg 600w, https:\/\/gab-bellinzona.ch\/online\/wp-content\/uploads\/2026\/01\/IMG_0678-dimensioni-grandi.jpeg 1280w\" sizes=\"auto, (max-width: 1024px) 100vw, 1024px\" \/><\/figure><\/figure><p>Prossimo appuntamento CTC: <a href=\"https:\/\/ftal.ch\/wp-content\/uploads\/2025\/10\/programma-cross-2026.pdf\">Cross capriaschese domenica 8 febbraio 2026<\/a><\/p>","protected":false},"excerpt":{"rendered":"<p>Domenica 25 gennaio \u00e8 sinonimo di Campionati Ticinesi di Cross. Quest&#8217;anno l&#8217;appuntamento pi\u00f9 importante della Coppa Ticino di Cross si \u00e8 svolto a Vezia dove sui campi paltosi si sono [&hellip;]<\/p>\n","protected":false},"author":2,"featured_media":15178,"comment_status":"closed","ping_status":"closed","sticky":false,"template":"","format":"standard","meta":{"footnotes":""},"categories":[1],"tags":[],"class_list":["post-15175","post","type-post","status-publish","format-standard","has-post-thumbnail","category-vuoto"],"_links":{"self":[{"href":"https:\/\/gab-bellinzona.ch\/online\/wp-json\/wp\/v2\/posts\/15175","targetHints":{"allow":["GET"]}}],"collection":[{"href":"https:\/\/gab-bellinzona.ch\/online\/wp-json\/wp\/v2\/posts"}],"about":[{"href":"https:\/\/gab-bellinzona.ch\/online\/wp-json\/wp\/v2\/types\/post"}],"author":[{"embeddable":true,"href":"https:\/\/gab-bellinzona.ch\/online\/wp-json\/wp\/v2\/users\/2"}],"replies":[{"embeddable":true,"href":"https:\/\/gab-bellinzona.ch\/online\/wp-json\/wp\/v2\/comments?post=15175"}],"version-history":[{"count":3,"href":"https:\/\/gab-bellinzona.ch\/online\/wp-json\/wp\/v2\/posts\/15175\/revisions"}],"predecessor-version":[{"id":15187,"href":"https:\/\/gab-bellinzona.ch\/online\/wp-json\/wp\/v2\/posts\/15175\/revisions\/15187"}],"wp:featuredmedia":[{"embeddable":true,"href":"https:\/\/gab-bellinzona.ch\/online\/wp-json\/wp\/v2\/media\/15178"}],"wp:attachment":[{"href":"https:\/\/gab-bellinzona.ch\/online\/wp-json\/wp\/v2\/media?parent=15175"}],"wp:term":[{"taxonomy":"category","embeddable":true,"href":"https:\/\/gab-bellinzona.ch\/online\/wp-json\/wp\/v2\/categories?post=15175"},{"taxonomy":"post_tag","embeddable":true,"href":"https:\/\/gab-bellinzona.ch\/online\/wp-json\/wp\/v2\/tags?post=15175"}],"curies":[{"name":"wp","href":"https:\/\/api.w.org\/{rel}","templated":true}]}}