{"id":15154,"date":"2025-01-24T17:41:00","date_gmt":"2025-01-24T15:41:00","guid":{"rendered":"https:\/\/gab-bellinzona.ch\/online\/?p=15154"},"modified":"2026-01-24T18:22:28","modified_gmt":"2026-01-24T16:22:28","slug":"campo-dallenamento-marina-di-pietrasanta-3","status":"publish","type":"post","link":"https:\/\/gab-bellinzona.ch\/online\/campo-dallenamento-marina-di-pietrasanta-3\/","title":{"rendered":"Campo d&#8217;allenamento Marina di Pietrasanta"},"content":{"rendered":"<p><strong>Il tradizionale campo di allenamento di Pasqua <\/strong>si svolge da alcuni anni a<strong>Marina di Pietrasanta.<\/strong> Dopo una lunga parentesi preso Cervia, localit\u00e0 della riviera adriatica, il deterioramento della pista locale ha forzato un cambio di localit\u00e0 e il Campo GAB \u00e8 tornato sulle sponde del Mar Tirreno. La 40ina di atleti e atlete GAB soggiorna annualmente presso l&#8217;albergo NUOVA SABRINA di Marina di Pietrasanta, ottimo punto di partenza per gli allenamenti giornalieri svolti presso la pista di atletica e nella pineta della Versilia.<br>Il campo \u00e8 riservato agli atleti dei gruppi U18 e U20. Durante la settimana gli atleti e le atlete sono seguite dai diversi coach e monitori adulti formati G+S e Swiss Athletics. Il capo-corso \u00e8 Enrico Cariboni.<\/p><p>Le date per il 2026 sono: <strong>3 aprile all\u201911 aprile.<\/strong><\/p><p>Ulteriori informazioni e modalit\u00e0 di iscrizione vengono fornite dai monitori durante gli allenamenti settimanali.  <\/p>","protected":false},"excerpt":{"rendered":"<p>Il tradizionale campo di allenamento di Pasqua si svolge da alcuni anni aMarina di Pietrasanta. Dopo una lunga parentesi preso Cervia, localit\u00e0 della riviera adriatica, il deterioramento della pista locale [&hellip;]<\/p>\n","protected":false},"author":2,"featured_media":15156,"comment_status":"closed","ping_status":"closed","sticky":false,"template":"","format":"standard","meta":{"footnotes":""},"categories":[124],"tags":[],"class_list":["post-15154","post","type-post","status-publish","format-standard","has-post-thumbnail","category-gruppi"],"_links":{"self":[{"href":"https:\/\/gab-bellinzona.ch\/online\/wp-json\/wp\/v2\/posts\/15154","targetHints":{"allow":["GET"]}}],"collection":[{"href":"https:\/\/gab-bellinzona.ch\/online\/wp-json\/wp\/v2\/posts"}],"about":[{"href":"https:\/\/gab-bellinzona.ch\/online\/wp-json\/wp\/v2\/types\/post"}],"author":[{"embeddable":true,"href":"https:\/\/gab-bellinzona.ch\/online\/wp-json\/wp\/v2\/users\/2"}],"replies":[{"embeddable":true,"href":"https:\/\/gab-bellinzona.ch\/online\/wp-json\/wp\/v2\/comments?post=15154"}],"version-history":[{"count":3,"href":"https:\/\/gab-bellinzona.ch\/online\/wp-json\/wp\/v2\/posts\/15154\/revisions"}],"predecessor-version":[{"id":15164,"href":"https:\/\/gab-bellinzona.ch\/online\/wp-json\/wp\/v2\/posts\/15154\/revisions\/15164"}],"wp:featuredmedia":[{"embeddable":true,"href":"https:\/\/gab-bellinzona.ch\/online\/wp-json\/wp\/v2\/media\/15156"}],"wp:attachment":[{"href":"https:\/\/gab-bellinzona.ch\/online\/wp-json\/wp\/v2\/media?parent=15154"}],"wp:term":[{"taxonomy":"category","embeddable":true,"href":"https:\/\/gab-bellinzona.ch\/online\/wp-json\/wp\/v2\/categories?post=15154"},{"taxonomy":"post_tag","embeddable":true,"href":"https:\/\/gab-bellinzona.ch\/online\/wp-json\/wp\/v2\/tags?post=15154"}],"curies":[{"name":"wp","href":"https:\/\/api.w.org\/{rel}","templated":true}]}}