{"id":14998,"date":"2025-11-04T10:44:27","date_gmt":"2025-11-04T08:44:27","guid":{"rendered":"https:\/\/gab-bellinzona.ch\/online\/?p=14998"},"modified":"2025-11-04T10:44:31","modified_gmt":"2025-11-04T08:44:31","slug":"risultati-pentathlon-lanci-lucerna","status":"publish","type":"post","link":"https:\/\/gab-bellinzona.ch\/online\/risultati-pentathlon-lanci-lucerna\/","title":{"rendered":"RISULTATI: Pentathlon lanci &#8211; Lucerna"},"content":{"rendered":"<p>Il 19 ottobre a Lucerna \u00e8 andato in scena il pentathlon dei lanci master. Ha primeggiare nella particolare competizione nella categoria \u00e8 stato Alex Brechb\u00fchl. Alex ha vinto il lancio del martellone (15kg) e il pentathlon nella categoria M45. Bravo Alex<\/p><p>A brillare per\u00f2 nella giornata di gare non \u00e8 stata un&#8217;atleta master ma Camilla Mozzini (U18). L&#8217;atleta, che \u00e8 tornata alla competizione a settembre dopo un&#8217;estate segnata da un grave infortunio al ginocchio, ha partecipato con una wild card alla competizione. Nel martello Camilla ha ottenuto un brillante risultato con 46.10m (3kg), lancio che rappresenta il 6\u00b0 lancio di categoria della stagione. Nel disco invece un buon 35.65m per lei. Complimenti Camilla!<\/p><p><strong>Risultati GAB<\/strong><\/p><ul class=\"wp-block-list\"><li><strong>Camilla Mozzini <\/strong>U18 disco 35.65m \/ martello 3kg 46.10m <strong>PB<\/strong><\/li>\n\n<li><strong>Alex Brechb\u00fchl<\/strong> M45 peso 7.26kg 9.80m, disco 2kg 32.46m, giavellotto 800g 28.28m, martello 7.26kg 33.37m, martello 15.88kg 9.62m <strong>-> Campione svizzero M45<\/strong><\/li><\/ul><p><strong>Risultati<\/strong> <strong>completi<\/strong><\/p><figure class=\"wp-block-gallery has-nested-images columns-default is-cropped wp-block-gallery-1 is-layout-flex wp-block-gallery-is-layout-flex\"><figure class=\"wp-block-image size-large\"><img loading=\"lazy\" decoding=\"async\" width=\"1024\" height=\"576\" data-id=\"15001\" src=\"https:\/\/gab-bellinzona.ch\/online\/wp-content\/uploads\/2025\/11\/WhatsApp-Image-2025-11-03-at-21.13.29-1-1024x576.jpeg\" alt=\"\" class=\"wp-image-15001\" srcset=\"https:\/\/gab-bellinzona.ch\/online\/wp-content\/uploads\/2025\/11\/WhatsApp-Image-2025-11-03-at-21.13.29-1-1024x576.jpeg 1024w, https:\/\/gab-bellinzona.ch\/online\/wp-content\/uploads\/2025\/11\/WhatsApp-Image-2025-11-03-at-21.13.29-1-300x169.jpeg 300w, https:\/\/gab-bellinzona.ch\/online\/wp-content\/uploads\/2025\/11\/WhatsApp-Image-2025-11-03-at-21.13.29-1-768x432.jpeg 768w, https:\/\/gab-bellinzona.ch\/online\/wp-content\/uploads\/2025\/11\/WhatsApp-Image-2025-11-03-at-21.13.29-1-1536x864.jpeg 1536w, https:\/\/gab-bellinzona.ch\/online\/wp-content\/uploads\/2025\/11\/WhatsApp-Image-2025-11-03-at-21.13.29-1-747x420.jpeg 747w, https:\/\/gab-bellinzona.ch\/online\/wp-content\/uploads\/2025\/11\/WhatsApp-Image-2025-11-03-at-21.13.29-1-150x84.jpeg 150w, https:\/\/gab-bellinzona.ch\/online\/wp-content\/uploads\/2025\/11\/WhatsApp-Image-2025-11-03-at-21.13.29-1-696x392.jpeg 696w, https:\/\/gab-bellinzona.ch\/online\/wp-content\/uploads\/2025\/11\/WhatsApp-Image-2025-11-03-at-21.13.29-1-1068x601.jpeg 1068w, https:\/\/gab-bellinzona.ch\/online\/wp-content\/uploads\/2025\/11\/WhatsApp-Image-2025-11-03-at-21.13.29-1-600x338.jpeg 600w, https:\/\/gab-bellinzona.ch\/online\/wp-content\/uploads\/2025\/11\/WhatsApp-Image-2025-11-03-at-21.13.29-1.jpeg 1600w\" sizes=\"auto, (max-width: 1024px) 100vw, 1024px\" \/><\/figure>\n\n<figure class=\"wp-block-image size-large\"><img loading=\"lazy\" decoding=\"async\" width=\"1024\" height=\"576\" data-id=\"15003\" src=\"https:\/\/gab-bellinzona.ch\/online\/wp-content\/uploads\/2025\/11\/WhatsApp-Image-2025-11-03-at-21.13.29-2-1024x576.jpeg\" alt=\"\" class=\"wp-image-15003\" srcset=\"https:\/\/gab-bellinzona.ch\/online\/wp-content\/uploads\/2025\/11\/WhatsApp-Image-2025-11-03-at-21.13.29-2-1024x576.jpeg 1024w, https:\/\/gab-bellinzona.ch\/online\/wp-content\/uploads\/2025\/11\/WhatsApp-Image-2025-11-03-at-21.13.29-2-300x169.jpeg 300w, https:\/\/gab-bellinzona.ch\/online\/wp-content\/uploads\/2025\/11\/WhatsApp-Image-2025-11-03-at-21.13.29-2-768x432.jpeg 768w, https:\/\/gab-bellinzona.ch\/online\/wp-content\/uploads\/2025\/11\/WhatsApp-Image-2025-11-03-at-21.13.29-2-1536x864.jpeg 1536w, https:\/\/gab-bellinzona.ch\/online\/wp-content\/uploads\/2025\/11\/WhatsApp-Image-2025-11-03-at-21.13.29-2-747x420.jpeg 747w, https:\/\/gab-bellinzona.ch\/online\/wp-content\/uploads\/2025\/11\/WhatsApp-Image-2025-11-03-at-21.13.29-2-150x84.jpeg 150w, https:\/\/gab-bellinzona.ch\/online\/wp-content\/uploads\/2025\/11\/WhatsApp-Image-2025-11-03-at-21.13.29-2-696x392.jpeg 696w, https:\/\/gab-bellinzona.ch\/online\/wp-content\/uploads\/2025\/11\/WhatsApp-Image-2025-11-03-at-21.13.29-2-1068x601.jpeg 1068w, https:\/\/gab-bellinzona.ch\/online\/wp-content\/uploads\/2025\/11\/WhatsApp-Image-2025-11-03-at-21.13.29-2-600x338.jpeg 600w, https:\/\/gab-bellinzona.ch\/online\/wp-content\/uploads\/2025\/11\/WhatsApp-Image-2025-11-03-at-21.13.29-2.jpeg 1600w\" sizes=\"auto, (max-width: 1024px) 100vw, 1024px\" \/><\/figure>\n\n<figure class=\"wp-block-image size-large\"><img loading=\"lazy\" decoding=\"async\" width=\"1024\" height=\"576\" data-id=\"15004\" src=\"https:\/\/gab-bellinzona.ch\/online\/wp-content\/uploads\/2025\/11\/WhatsApp-Image-2025-11-03-at-21.13.29-3-1024x576.jpeg\" alt=\"\" class=\"wp-image-15004\" srcset=\"https:\/\/gab-bellinzona.ch\/online\/wp-content\/uploads\/2025\/11\/WhatsApp-Image-2025-11-03-at-21.13.29-3-1024x576.jpeg 1024w, https:\/\/gab-bellinzona.ch\/online\/wp-content\/uploads\/2025\/11\/WhatsApp-Image-2025-11-03-at-21.13.29-3-300x169.jpeg 300w, https:\/\/gab-bellinzona.ch\/online\/wp-content\/uploads\/2025\/11\/WhatsApp-Image-2025-11-03-at-21.13.29-3-768x432.jpeg 768w, https:\/\/gab-bellinzona.ch\/online\/wp-content\/uploads\/2025\/11\/WhatsApp-Image-2025-11-03-at-21.13.29-3-1536x864.jpeg 1536w, https:\/\/gab-bellinzona.ch\/online\/wp-content\/uploads\/2025\/11\/WhatsApp-Image-2025-11-03-at-21.13.29-3-747x420.jpeg 747w, https:\/\/gab-bellinzona.ch\/online\/wp-content\/uploads\/2025\/11\/WhatsApp-Image-2025-11-03-at-21.13.29-3-150x84.jpeg 150w, https:\/\/gab-bellinzona.ch\/online\/wp-content\/uploads\/2025\/11\/WhatsApp-Image-2025-11-03-at-21.13.29-3-696x392.jpeg 696w, https:\/\/gab-bellinzona.ch\/online\/wp-content\/uploads\/2025\/11\/WhatsApp-Image-2025-11-03-at-21.13.29-3-1068x601.jpeg 1068w, https:\/\/gab-bellinzona.ch\/online\/wp-content\/uploads\/2025\/11\/WhatsApp-Image-2025-11-03-at-21.13.29-3-600x338.jpeg 600w, https:\/\/gab-bellinzona.ch\/online\/wp-content\/uploads\/2025\/11\/WhatsApp-Image-2025-11-03-at-21.13.29-3.jpeg 1600w\" sizes=\"auto, (max-width: 1024px) 100vw, 1024px\" \/><\/figure>\n\n<figure class=\"wp-block-image size-large\"><img loading=\"lazy\" decoding=\"async\" width=\"1024\" height=\"576\" data-id=\"15002\" src=\"https:\/\/gab-bellinzona.ch\/online\/wp-content\/uploads\/2025\/11\/WhatsApp-Image-2025-11-03-at-21.13.29-1024x576.jpeg\" alt=\"\" class=\"wp-image-15002\" srcset=\"https:\/\/gab-bellinzona.ch\/online\/wp-content\/uploads\/2025\/11\/WhatsApp-Image-2025-11-03-at-21.13.29-1024x576.jpeg 1024w, https:\/\/gab-bellinzona.ch\/online\/wp-content\/uploads\/2025\/11\/WhatsApp-Image-2025-11-03-at-21.13.29-300x169.jpeg 300w, https:\/\/gab-bellinzona.ch\/online\/wp-content\/uploads\/2025\/11\/WhatsApp-Image-2025-11-03-at-21.13.29-768x432.jpeg 768w, https:\/\/gab-bellinzona.ch\/online\/wp-content\/uploads\/2025\/11\/WhatsApp-Image-2025-11-03-at-21.13.29-1536x864.jpeg 1536w, https:\/\/gab-bellinzona.ch\/online\/wp-content\/uploads\/2025\/11\/WhatsApp-Image-2025-11-03-at-21.13.29-747x420.jpeg 747w, https:\/\/gab-bellinzona.ch\/online\/wp-content\/uploads\/2025\/11\/WhatsApp-Image-2025-11-03-at-21.13.29-150x84.jpeg 150w, https:\/\/gab-bellinzona.ch\/online\/wp-content\/uploads\/2025\/11\/WhatsApp-Image-2025-11-03-at-21.13.29-696x392.jpeg 696w, https:\/\/gab-bellinzona.ch\/online\/wp-content\/uploads\/2025\/11\/WhatsApp-Image-2025-11-03-at-21.13.29-1068x601.jpeg 1068w, https:\/\/gab-bellinzona.ch\/online\/wp-content\/uploads\/2025\/11\/WhatsApp-Image-2025-11-03-at-21.13.29-600x338.jpeg 600w, https:\/\/gab-bellinzona.ch\/online\/wp-content\/uploads\/2025\/11\/WhatsApp-Image-2025-11-03-at-21.13.29.jpeg 1600w\" sizes=\"auto, (max-width: 1024px) 100vw, 1024px\" \/><\/figure>\n\n<figure class=\"wp-block-image size-large\"><img loading=\"lazy\" decoding=\"async\" width=\"768\" height=\"1024\" data-id=\"15006\" src=\"https:\/\/gab-bellinzona.ch\/online\/wp-content\/uploads\/2025\/11\/WhatsApp-Image-2025-11-03-at-21.13.30-1-768x1024.jpeg\" alt=\"\" class=\"wp-image-15006\" srcset=\"https:\/\/gab-bellinzona.ch\/online\/wp-content\/uploads\/2025\/11\/WhatsApp-Image-2025-11-03-at-21.13.30-1-768x1024.jpeg 768w, https:\/\/gab-bellinzona.ch\/online\/wp-content\/uploads\/2025\/11\/WhatsApp-Image-2025-11-03-at-21.13.30-1-225x300.jpeg 225w, https:\/\/gab-bellinzona.ch\/online\/wp-content\/uploads\/2025\/11\/WhatsApp-Image-2025-11-03-at-21.13.30-1-1152x1536.jpeg 1152w, https:\/\/gab-bellinzona.ch\/online\/wp-content\/uploads\/2025\/11\/WhatsApp-Image-2025-11-03-at-21.13.30-1-315x420.jpeg 315w, https:\/\/gab-bellinzona.ch\/online\/wp-content\/uploads\/2025\/11\/WhatsApp-Image-2025-11-03-at-21.13.30-1-150x200.jpeg 150w, https:\/\/gab-bellinzona.ch\/online\/wp-content\/uploads\/2025\/11\/WhatsApp-Image-2025-11-03-at-21.13.30-1-300x400.jpeg 300w, https:\/\/gab-bellinzona.ch\/online\/wp-content\/uploads\/2025\/11\/WhatsApp-Image-2025-11-03-at-21.13.30-1-696x928.jpeg 696w, https:\/\/gab-bellinzona.ch\/online\/wp-content\/uploads\/2025\/11\/WhatsApp-Image-2025-11-03-at-21.13.30-1-1068x1424.jpeg 1068w, https:\/\/gab-bellinzona.ch\/online\/wp-content\/uploads\/2025\/11\/WhatsApp-Image-2025-11-03-at-21.13.30-1-600x800.jpeg 600w, https:\/\/gab-bellinzona.ch\/online\/wp-content\/uploads\/2025\/11\/WhatsApp-Image-2025-11-03-at-21.13.30-1.jpeg 1200w\" sizes=\"auto, (max-width: 768px) 100vw, 768px\" \/><\/figure>\n\n<figure class=\"wp-block-image size-large\"><img loading=\"lazy\" decoding=\"async\" width=\"1024\" height=\"576\" data-id=\"15005\" src=\"https:\/\/gab-bellinzona.ch\/online\/wp-content\/uploads\/2025\/11\/WhatsApp-Image-2025-11-03-at-21.13.30-1024x576.jpeg\" alt=\"\" class=\"wp-image-15005\" srcset=\"https:\/\/gab-bellinzona.ch\/online\/wp-content\/uploads\/2025\/11\/WhatsApp-Image-2025-11-03-at-21.13.30-1024x576.jpeg 1024w, https:\/\/gab-bellinzona.ch\/online\/wp-content\/uploads\/2025\/11\/WhatsApp-Image-2025-11-03-at-21.13.30-300x169.jpeg 300w, https:\/\/gab-bellinzona.ch\/online\/wp-content\/uploads\/2025\/11\/WhatsApp-Image-2025-11-03-at-21.13.30-768x432.jpeg 768w, https:\/\/gab-bellinzona.ch\/online\/wp-content\/uploads\/2025\/11\/WhatsApp-Image-2025-11-03-at-21.13.30-1536x864.jpeg 1536w, https:\/\/gab-bellinzona.ch\/online\/wp-content\/uploads\/2025\/11\/WhatsApp-Image-2025-11-03-at-21.13.30-747x420.jpeg 747w, https:\/\/gab-bellinzona.ch\/online\/wp-content\/uploads\/2025\/11\/WhatsApp-Image-2025-11-03-at-21.13.30-150x84.jpeg 150w, https:\/\/gab-bellinzona.ch\/online\/wp-content\/uploads\/2025\/11\/WhatsApp-Image-2025-11-03-at-21.13.30-696x392.jpeg 696w, https:\/\/gab-bellinzona.ch\/online\/wp-content\/uploads\/2025\/11\/WhatsApp-Image-2025-11-03-at-21.13.30-1068x601.jpeg 1068w, https:\/\/gab-bellinzona.ch\/online\/wp-content\/uploads\/2025\/11\/WhatsApp-Image-2025-11-03-at-21.13.30-600x338.jpeg 600w, https:\/\/gab-bellinzona.ch\/online\/wp-content\/uploads\/2025\/11\/WhatsApp-Image-2025-11-03-at-21.13.30.jpeg 1600w\" sizes=\"auto, (max-width: 1024px) 100vw, 1024px\" \/><\/figure><\/figure>","protected":false},"excerpt":{"rendered":"<p>Il 19 ottobre a Lucerna \u00e8 andato in scena il pentathlon dei lanci master. Ha primeggiare nella particolare competizione nella categoria \u00e8 stato Alex Brechb\u00fchl. Alex ha vinto il lancio [&hellip;]<\/p>\n","protected":false},"author":2,"featured_media":15000,"comment_status":"closed","ping_status":"closed","sticky":false,"template":"","format":"standard","meta":{"footnotes":""},"categories":[1],"tags":[],"class_list":["post-14998","post","type-post","status-publish","format-standard","has-post-thumbnail","category-vuoto"],"_links":{"self":[{"href":"https:\/\/gab-bellinzona.ch\/online\/wp-json\/wp\/v2\/posts\/14998","targetHints":{"allow":["GET"]}}],"collection":[{"href":"https:\/\/gab-bellinzona.ch\/online\/wp-json\/wp\/v2\/posts"}],"about":[{"href":"https:\/\/gab-bellinzona.ch\/online\/wp-json\/wp\/v2\/types\/post"}],"author":[{"embeddable":true,"href":"https:\/\/gab-bellinzona.ch\/online\/wp-json\/wp\/v2\/users\/2"}],"replies":[{"embeddable":true,"href":"https:\/\/gab-bellinzona.ch\/online\/wp-json\/wp\/v2\/comments?post=14998"}],"version-history":[{"count":2,"href":"https:\/\/gab-bellinzona.ch\/online\/wp-json\/wp\/v2\/posts\/14998\/revisions"}],"predecessor-version":[{"id":15007,"href":"https:\/\/gab-bellinzona.ch\/online\/wp-json\/wp\/v2\/posts\/14998\/revisions\/15007"}],"wp:featuredmedia":[{"embeddable":true,"href":"https:\/\/gab-bellinzona.ch\/online\/wp-json\/wp\/v2\/media\/15000"}],"wp:attachment":[{"href":"https:\/\/gab-bellinzona.ch\/online\/wp-json\/wp\/v2\/media?parent=14998"}],"wp:term":[{"taxonomy":"category","embeddable":true,"href":"https:\/\/gab-bellinzona.ch\/online\/wp-json\/wp\/v2\/categories?post=14998"},{"taxonomy":"post_tag","embeddable":true,"href":"https:\/\/gab-bellinzona.ch\/online\/wp-json\/wp\/v2\/tags?post=14998"}],"curies":[{"name":"wp","href":"https:\/\/api.w.org\/{rel}","templated":true}]}}