{"id":14802,"date":"2025-09-14T21:05:12","date_gmt":"2025-09-14T19:05:12","guid":{"rendered":"https:\/\/gab-bellinzona.ch\/online\/?p=14802"},"modified":"2025-09-14T21:05:14","modified_gmt":"2025-09-14T19:05:14","slug":"cs-giovanili-squicciarini-campione-svizzero","status":"publish","type":"post","link":"https:\/\/gab-bellinzona.ch\/online\/cs-giovanili-squicciarini-campione-svizzero\/","title":{"rendered":"CS GIOVANILI: Squicciarini campione svizzero!"},"content":{"rendered":"<p>L&#8217;appuntamento pi\u00f9 importante per i nostri giovani e le nostre giovani si \u00e8 svolto nel weekend del 12, 13 e 14 settembre. Mentre i pi\u00f9 grandi U20-U23 si sono sfidati ad Aarau, gli U16-U18 si sono ritrovati a Zofingen. Per il GAB il weekend \u00e8 stato lanciato alla grande dai martellisti allenati da Alex Brechb\u00fchl. Matteo Squicciarini non ha subito la pressione, si presentava alla gara con la miglior prestazione stagionale, ed ha conquistato il titolo svizzero U18. BRAVO MATTEO! Al femminile invece le sorelle Mozzini (Camilla al rientro dopo il suo infortunio e Martina alla sua prima esperienza) si sono piazzate 5a e 8a. Camilla ha poi doppiato la finale, arrivando sesta nel disco. Nelle due giornate a seguire non sono arrivate ulteriori medaglie, purtroppo l&#8217;altra coppia di fratelli Aurora e Gioele De Marco hanno entrambi concluso la loro finale sugli 800m U20 al quarto posto. Filippo Balestra sempre sugli 800m ha finito il doppio giro al sesto posto. Nello sprint doppio 5\u00b0 posto per i ragazzi allenati da Monica Pellegrinelli e Michele R\u00fcfenacht, Leonardo Lafranchi nei 100m U20 e Ilian Pirotta nei 200m U18. Altri finalisti sono stati Francesco Codevilla U18 e Siro Gentilini U20 nei 1500m.<\/p><p>Complimenti a tutti! Grazie agli allenatori e alle allenatrici per il grande impegno durante la stagione e durante questo intenso weekend di gare. FORZA GAB!<\/p><p><strong>RISULTATI GAB<\/strong><\/p><p><strong>MASCHILE<\/strong><\/p><p>110 mH 99.1 U20<\/p><figure class=\"wp-block-table\"><table class=\"has-fixed-layout\"><thead><tr><th>Risultato<\/th><th>Nome e Cognome<\/th><th>Info<\/th><\/tr><\/thead><tbody><tr><td>14.56 (0.9)<\/td><td>Matteo De Biasio (2006)<\/td><td><em>Qualifica<\/em><\/td><\/tr><\/tbody><\/table><\/figure><p>100m U18<\/p><figure class=\"wp-block-table\"><table class=\"has-fixed-layout\"><thead><tr><th>Risultato<\/th><th>Nome e Cognome<\/th><th>Info<\/th><\/tr><\/thead><tbody><tr><td>11.50 (-0.4)<\/td><td>Ilian Pirotta (2008)<\/td><td><em>Qualifica<\/em><\/td><\/tr><\/tbody><\/table><\/figure><p>100 m U20<\/p><figure class=\"wp-block-table\"><table class=\"has-fixed-layout\"><thead><tr><th>Risultato<\/th><th>Nome e Cognome<\/th><th>Info<\/th><\/tr><\/thead><tbody><tr><td>11.17 (0.3)<\/td><td>Leonardo Lafranchi (2007)<\/td><td><em>Finale<\/em> -> 5\u00b0 posto <\/td><\/tr><tr><td>11.18 (0.7)<\/td><td>Leonardo Lafranchi (2007)<\/td><td><em>Semifinale<\/em><\/td><\/tr><tr><td>11.39 (1.3)<\/td><td>Leonardo Lafranchi (2007)<\/td><td><em>Qualifica<\/em><\/td><\/tr><\/tbody><\/table><\/figure><p>200m U18<\/p><figure class=\"wp-block-table\"><table class=\"has-fixed-layout\"><thead><tr><th>Risultato<\/th><th>Nome e Cognome<\/th><th>Info<\/th><\/tr><\/thead><tbody><tr><td>23.05 (-0.3)<\/td><td>Ilian Pirotta (2008)<\/td><td><em>Finale -> 5\u00b0 posto<\/em><\/td><\/tr><tr><td>22.93 (-0.2)<\/td><td>Ilian Pirotta (2008)<\/td><td><em>Qualifica<\/em><\/td><\/tr><\/tbody><\/table><\/figure><p>1500 m U18<\/p><figure class=\"wp-block-table\"><table class=\"has-fixed-layout\"><thead><tr><th>Risultato<\/th><th>Nome e Cognome<\/th><th>Info<\/th><\/tr><\/thead><tbody><tr><td>4:17.92\u00a0<\/td><td>Francesco Codevilla (2008)<\/td><td><em>Finale -> 12\u00b0 posto<\/em><\/td><\/tr><tr><td>4:15.63<\/td><td>Francesco Codevilla (2008)<\/td><td><em>Qualifica<\/em><\/td><\/tr><\/tbody><\/table><\/figure><p>1500 m U20<\/p><figure class=\"wp-block-table\"><table class=\"has-fixed-layout\"><thead><tr><th>Risultato<\/th><th>Nome e Cognome<\/th><th>Info<\/th><\/tr><\/thead><tbody><tr><td>4:09.74&nbsp;<\/td><td>Leonard Haller (2007)<\/td><td><em>Qualifica<\/em><\/td><\/tr><tr><td>4:27.40&nbsp;<\/td><td>Niko Zenker (2007)<\/td><td><em>Qualifica<\/em><\/td><\/tr><\/tbody><\/table><\/figure><p>1500 m U23<\/p><figure class=\"wp-block-table\"><table class=\"has-fixed-layout\"><thead><tr><th>Risultato<\/th><th>Nome e Cognome<\/th><th>Info<\/th><\/tr><\/thead><tbody><tr><td>4:08.44<\/td><td>Siro Gentilini (2003)<\/td><td><em>Finale<\/em> -> 11\u00b0 posto<\/td><\/tr><tr><td>4:10.78\u00a0<\/td><td>Siro Gentilini (2003)<\/td><td><em style=\"white-space: normal;\">Qualifica<\/em>\u00a0U23<\/td><\/tr><\/tbody><\/table><\/figure><p>800 m U20<\/p><figure class=\"wp-block-table\"><table class=\"has-fixed-layout\"><thead><tr><th>Risultato<\/th><th>Nome e Cognome<\/th><th>Info<\/th><\/tr><\/thead><tbody><tr><td>1:56.82\u00a0<\/td><td>Gioele De Marco (2006)<\/td><td><em>Finale -> 4\u00b0 posto<\/em><\/td><\/tr><tr><td>1:55.64&nbsp;<\/td><td>Gioele De Marco (2006)<\/td><td><em>Qualifica<\/em><\/td><\/tr><\/tbody><\/table><\/figure><p>800 m U23<\/p><figure class=\"wp-block-table\"><table class=\"has-fixed-layout\"><thead><tr><th>Risultato<\/th><th>Nome e Cognome<\/th><th>Info<\/th><\/tr><\/thead><tbody><tr><td>1:57.14\u00a0<\/td><td>Filippo Balestra (2003)<\/td><td><em>Finale -> 6\u00b0 posto<\/em><\/td><\/tr><tr><td>1:56.85&nbsp;<\/td><td>Filippo Balestra (2003)<\/td><td><em>Qualifica<\/em><\/td><\/tr><tr><td>2:04.27&nbsp;<\/td><td>Numa Cariboni (2004)<\/td><td><em>Qualifica<\/em><\/td><\/tr><\/tbody><\/table><\/figure><p>Martello 5.00 kg U20<\/p><figure class=\"wp-block-table\"><table class=\"has-fixed-layout\"><thead><tr><th>Risultato<\/th><th>Nome e Cognome<\/th><th>Info<\/th><\/tr><\/thead><tbody><tr><td>47.48&nbsp;<\/td><td>Matteo Squicciarini (2008)<\/td><td><strong>1\u00b0 posto &#8220;CAMPIONE SVIZZERO U18&#8221;<\/strong><\/td><\/tr><\/tbody><\/table><\/figure><p><strong>FEMMINILE<\/strong><\/p><p>80 m U16<\/p><figure class=\"wp-block-table\"><table class=\"has-fixed-layout\"><thead><tr><th>Risultato<\/th><th>Nome e Cognome<\/th><th>Info<\/th><\/tr><\/thead><tbody><tr><td>10&#8243;70 (0.4)<\/td><td>Joelle Riva (2010)<\/td><td><em>Qualifica<\/em><\/td><\/tr><\/tbody><\/table><\/figure><p>80 mH 84.0 U16<\/p><figure class=\"wp-block-table\"><table class=\"has-fixed-layout\"><thead><tr><th>Risultato<\/th><th>Nome e Cognome<\/th><th>Info<\/th><\/tr><\/thead><tbody><tr><td>12&#8243;69 (0.0)<\/td><td>Matilda Losa (2010)<\/td><td><em>Qualifica<\/em><\/td><\/tr><\/tbody><\/table><\/figure><p>100 mH 84.0 U20<\/p><figure class=\"wp-block-table\"><table class=\"has-fixed-layout\"><thead><tr><th>Risultato<\/th><th>Nome e Cognome<\/th><th>Info<\/th><\/tr><\/thead><tbody><tr><td>16.48 (1.5)<\/td><td>Gaia Ferrari (2006)<\/td><td><em>Qualifica<\/em><\/td><\/tr><\/tbody><\/table><\/figure><p>200 m U18<\/p><figure class=\"wp-block-table\"><table class=\"has-fixed-layout\"><thead><tr><th>Risultato<\/th><th>Nome e Cognome<\/th><th>Info<\/th><\/tr><\/thead><tbody><tr><td>27&#8243;58 (-0.2)<\/td><td>Jenna Rezzonico (2008)<\/td><td><em>Qualifica<\/em><\/td><\/tr><\/tbody><\/table><\/figure><p>400 m U23<\/p><figure class=\"wp-block-table\"><table class=\"has-fixed-layout\"><thead><tr><th>Risultato<\/th><th>Nome e Cognome<\/th><th>Info<\/th><\/tr><\/thead><tbody><tr><td>61.60&nbsp;<\/td><td>Siria Cariboni (2003)<\/td><td><em>Qualifica<\/em><\/td><\/tr><\/tbody><\/table><\/figure><p>800 m U18<\/p><figure class=\"wp-block-table\"><table class=\"has-fixed-layout\"><thead><tr><th>Risultato<\/th><th>Nome e Cognome<\/th><th>Info<\/th><\/tr><\/thead><tbody><tr><td>2:27.36<\/td><td>Anna Turrini<\/td><td><em>Qualifica<\/em><\/td><\/tr><\/tbody><\/table><\/figure><p>800 m U20<\/p><figure class=\"wp-block-table\"><table class=\"has-fixed-layout\"><thead><tr><th>Risultato<\/th><th>Nome e Cognome<\/th><th>Info<\/th><\/tr><\/thead><tbody><tr><td>2:12.56\u00a0<\/td><td>Aurora De Marco (2007)<\/td><td><em>Finale -> 4\u00b0 posto<\/em><\/td><\/tr><tr><td>2:20.73&nbsp;<\/td><td>Aurora De Marco (2007)<\/td><td><em>Qualifica<\/em><\/td><\/tr><\/tbody><\/table><\/figure><p>Disco 1.00 kg U18<\/p><figure class=\"wp-block-table\"><table class=\"has-fixed-layout\"><thead><tr><th>Risultato<\/th><th>Nome e Cognome<\/th><th>Info<\/th><\/tr><\/thead><tbody><tr><td>34.09 m<\/td><td>Camilla Mozzini (2008)<\/td><td><em>Finale<\/em> -> 6\u00b0 posto<\/td><\/tr><\/tbody><\/table><\/figure><p>Martello 3.00 kg U18<\/p><figure class=\"wp-block-table\"><table class=\"has-fixed-layout\"><thead><tr><th>Risultato<\/th><th>Nome e Cognome<\/th><th>Info<\/th><\/tr><\/thead><tbody><tr><td>36.73<\/td><td>Camilla Mozzini (2008)<\/td><td>5\u00b0 posto<\/td><\/tr><tr><td>32.18&nbsp;<\/td><td>Martina Mozzini (2009)<\/td><td>8\u00b0 posto <strong>PB<\/strong><\/td><\/tr><\/tbody><\/table><\/figure><p class=\"has-text-align-center\"><a href=\"https:\/\/slv.laportal.net\/Competitions\/Details\/17301\">&lt;&lt;RISULTATI U20-U23 &#8211; Aarau>><\/a><\/p><p class=\"has-text-align-center\"><a href=\"https:\/\/slv.laportal.net\/Competitions\/Details\/17325\">&lt;&lt;RISULTATI U16-U18 &#8211; Zofingen>><\/a><\/p><figure class=\"wp-block-gallery has-nested-images columns-default is-cropped wp-block-gallery-1 is-layout-flex wp-block-gallery-is-layout-flex\"><figure class=\"wp-block-image size-large\"><img loading=\"lazy\" decoding=\"async\" width=\"768\" height=\"1024\" data-id=\"14819\" src=\"https:\/\/gab-bellinzona.ch\/online\/wp-content\/uploads\/2025\/09\/WhatsApp-Image-2025-09-14-at-12.07.46-1-768x1024.jpeg\" alt=\"\" class=\"wp-image-14819\" srcset=\"https:\/\/gab-bellinzona.ch\/online\/wp-content\/uploads\/2025\/09\/WhatsApp-Image-2025-09-14-at-12.07.46-1-768x1024.jpeg 768w, https:\/\/gab-bellinzona.ch\/online\/wp-content\/uploads\/2025\/09\/WhatsApp-Image-2025-09-14-at-12.07.46-1-225x300.jpeg 225w, https:\/\/gab-bellinzona.ch\/online\/wp-content\/uploads\/2025\/09\/WhatsApp-Image-2025-09-14-at-12.07.46-1-1152x1536.jpeg 1152w, https:\/\/gab-bellinzona.ch\/online\/wp-content\/uploads\/2025\/09\/WhatsApp-Image-2025-09-14-at-12.07.46-1-315x420.jpeg 315w, https:\/\/gab-bellinzona.ch\/online\/wp-content\/uploads\/2025\/09\/WhatsApp-Image-2025-09-14-at-12.07.46-1-150x200.jpeg 150w, https:\/\/gab-bellinzona.ch\/online\/wp-content\/uploads\/2025\/09\/WhatsApp-Image-2025-09-14-at-12.07.46-1-300x400.jpeg 300w, https:\/\/gab-bellinzona.ch\/online\/wp-content\/uploads\/2025\/09\/WhatsApp-Image-2025-09-14-at-12.07.46-1-696x928.jpeg 696w, https:\/\/gab-bellinzona.ch\/online\/wp-content\/uploads\/2025\/09\/WhatsApp-Image-2025-09-14-at-12.07.46-1-1068x1424.jpeg 1068w, https:\/\/gab-bellinzona.ch\/online\/wp-content\/uploads\/2025\/09\/WhatsApp-Image-2025-09-14-at-12.07.46-1-600x800.jpeg 600w, https:\/\/gab-bellinzona.ch\/online\/wp-content\/uploads\/2025\/09\/WhatsApp-Image-2025-09-14-at-12.07.46-1.jpeg 1200w\" sizes=\"auto, (max-width: 768px) 100vw, 768px\" \/><\/figure>\n\n<figure class=\"wp-block-image size-large\"><img loading=\"lazy\" decoding=\"async\" width=\"768\" height=\"1024\" data-id=\"14820\" src=\"https:\/\/gab-bellinzona.ch\/online\/wp-content\/uploads\/2025\/09\/WhatsApp-Image-2025-09-14-at-12.07.46-768x1024.jpeg\" alt=\"\" class=\"wp-image-14820\" srcset=\"https:\/\/gab-bellinzona.ch\/online\/wp-content\/uploads\/2025\/09\/WhatsApp-Image-2025-09-14-at-12.07.46-768x1024.jpeg 768w, https:\/\/gab-bellinzona.ch\/online\/wp-content\/uploads\/2025\/09\/WhatsApp-Image-2025-09-14-at-12.07.46-225x300.jpeg 225w, https:\/\/gab-bellinzona.ch\/online\/wp-content\/uploads\/2025\/09\/WhatsApp-Image-2025-09-14-at-12.07.46-1152x1536.jpeg 1152w, https:\/\/gab-bellinzona.ch\/online\/wp-content\/uploads\/2025\/09\/WhatsApp-Image-2025-09-14-at-12.07.46-315x420.jpeg 315w, https:\/\/gab-bellinzona.ch\/online\/wp-content\/uploads\/2025\/09\/WhatsApp-Image-2025-09-14-at-12.07.46-150x200.jpeg 150w, https:\/\/gab-bellinzona.ch\/online\/wp-content\/uploads\/2025\/09\/WhatsApp-Image-2025-09-14-at-12.07.46-300x400.jpeg 300w, https:\/\/gab-bellinzona.ch\/online\/wp-content\/uploads\/2025\/09\/WhatsApp-Image-2025-09-14-at-12.07.46-696x928.jpeg 696w, https:\/\/gab-bellinzona.ch\/online\/wp-content\/uploads\/2025\/09\/WhatsApp-Image-2025-09-14-at-12.07.46-1068x1424.jpeg 1068w, https:\/\/gab-bellinzona.ch\/online\/wp-content\/uploads\/2025\/09\/WhatsApp-Image-2025-09-14-at-12.07.46-600x800.jpeg 600w, https:\/\/gab-bellinzona.ch\/online\/wp-content\/uploads\/2025\/09\/WhatsApp-Image-2025-09-14-at-12.07.46.jpeg 1200w\" sizes=\"auto, (max-width: 768px) 100vw, 768px\" \/><\/figure>\n\n<figure class=\"wp-block-image size-large\"><img loading=\"lazy\" decoding=\"async\" width=\"1024\" height=\"768\" data-id=\"14821\" src=\"https:\/\/gab-bellinzona.ch\/online\/wp-content\/uploads\/2025\/09\/WhatsApp-Image-2025-09-14-at-12.07.46-2-1-1024x768.jpeg\" alt=\"\" class=\"wp-image-14821\" srcset=\"https:\/\/gab-bellinzona.ch\/online\/wp-content\/uploads\/2025\/09\/WhatsApp-Image-2025-09-14-at-12.07.46-2-1-1024x768.jpeg 1024w, https:\/\/gab-bellinzona.ch\/online\/wp-content\/uploads\/2025\/09\/WhatsApp-Image-2025-09-14-at-12.07.46-2-1-300x225.jpeg 300w, https:\/\/gab-bellinzona.ch\/online\/wp-content\/uploads\/2025\/09\/WhatsApp-Image-2025-09-14-at-12.07.46-2-1-768x576.jpeg 768w, https:\/\/gab-bellinzona.ch\/online\/wp-content\/uploads\/2025\/09\/WhatsApp-Image-2025-09-14-at-12.07.46-2-1-1536x1152.jpeg 1536w, https:\/\/gab-bellinzona.ch\/online\/wp-content\/uploads\/2025\/09\/WhatsApp-Image-2025-09-14-at-12.07.46-2-1-560x420.jpeg 560w, https:\/\/gab-bellinzona.ch\/online\/wp-content\/uploads\/2025\/09\/WhatsApp-Image-2025-09-14-at-12.07.46-2-1-80x60.jpeg 80w, https:\/\/gab-bellinzona.ch\/online\/wp-content\/uploads\/2025\/09\/WhatsApp-Image-2025-09-14-at-12.07.46-2-1-150x113.jpeg 150w, https:\/\/gab-bellinzona.ch\/online\/wp-content\/uploads\/2025\/09\/WhatsApp-Image-2025-09-14-at-12.07.46-2-1-696x522.jpeg 696w, https:\/\/gab-bellinzona.ch\/online\/wp-content\/uploads\/2025\/09\/WhatsApp-Image-2025-09-14-at-12.07.46-2-1-1068x801.jpeg 1068w, https:\/\/gab-bellinzona.ch\/online\/wp-content\/uploads\/2025\/09\/WhatsApp-Image-2025-09-14-at-12.07.46-2-1-265x198.jpeg 265w, https:\/\/gab-bellinzona.ch\/online\/wp-content\/uploads\/2025\/09\/WhatsApp-Image-2025-09-14-at-12.07.46-2-1-600x450.jpeg 600w, https:\/\/gab-bellinzona.ch\/online\/wp-content\/uploads\/2025\/09\/WhatsApp-Image-2025-09-14-at-12.07.46-2-1.jpeg 1600w\" sizes=\"auto, (max-width: 1024px) 100vw, 1024px\" \/><\/figure><\/figure><figure class=\"wp-block-gallery has-nested-images columns-default is-cropped wp-block-gallery-2 is-layout-flex wp-block-gallery-is-layout-flex\"><figure class=\"wp-block-image size-large\"><img loading=\"lazy\" decoding=\"async\" width=\"1024\" height=\"682\" data-id=\"14817\" src=\"https:\/\/gab-bellinzona.ch\/online\/wp-content\/uploads\/2025\/09\/20250913_SM_U16-U18_0064RB-dimensioni-grandi-1024x682.jpeg\" alt=\"\" class=\"wp-image-14817\" srcset=\"https:\/\/gab-bellinzona.ch\/online\/wp-content\/uploads\/2025\/09\/20250913_SM_U16-U18_0064RB-dimensioni-grandi-1024x682.jpeg 1024w, https:\/\/gab-bellinzona.ch\/online\/wp-content\/uploads\/2025\/09\/20250913_SM_U16-U18_0064RB-dimensioni-grandi-300x200.jpeg 300w, https:\/\/gab-bellinzona.ch\/online\/wp-content\/uploads\/2025\/09\/20250913_SM_U16-U18_0064RB-dimensioni-grandi-768x512.jpeg 768w, https:\/\/gab-bellinzona.ch\/online\/wp-content\/uploads\/2025\/09\/20250913_SM_U16-U18_0064RB-dimensioni-grandi-630x420.jpeg 630w, https:\/\/gab-bellinzona.ch\/online\/wp-content\/uploads\/2025\/09\/20250913_SM_U16-U18_0064RB-dimensioni-grandi-150x100.jpeg 150w, https:\/\/gab-bellinzona.ch\/online\/wp-content\/uploads\/2025\/09\/20250913_SM_U16-U18_0064RB-dimensioni-grandi-696x464.jpeg 696w, https:\/\/gab-bellinzona.ch\/online\/wp-content\/uploads\/2025\/09\/20250913_SM_U16-U18_0064RB-dimensioni-grandi-1068x712.jpeg 1068w, https:\/\/gab-bellinzona.ch\/online\/wp-content\/uploads\/2025\/09\/20250913_SM_U16-U18_0064RB-dimensioni-grandi-600x400.jpeg 600w, https:\/\/gab-bellinzona.ch\/online\/wp-content\/uploads\/2025\/09\/20250913_SM_U16-U18_0064RB-dimensioni-grandi.jpeg 1280w\" sizes=\"auto, (max-width: 1024px) 100vw, 1024px\" \/><figcaption class=\"wp-element-caption\">Squicciarini Matteo (GAB Bellinzona,#209) at the SM U16\/U18 on 13. September, 2025,  Stadion Trinermatten in Zofingen<\/figcaption><\/figure>\n\n<figure class=\"wp-block-image size-large\"><img loading=\"lazy\" decoding=\"async\" width=\"1024\" height=\"682\" data-id=\"14804\" src=\"https:\/\/gab-bellinzona.ch\/online\/wp-content\/uploads\/2025\/09\/20250913_SM_U16-U18_0240RB-dimensioni-grandi-1024x682.jpeg\" alt=\"\" class=\"wp-image-14804\" srcset=\"https:\/\/gab-bellinzona.ch\/online\/wp-content\/uploads\/2025\/09\/20250913_SM_U16-U18_0240RB-dimensioni-grandi-1024x682.jpeg 1024w, https:\/\/gab-bellinzona.ch\/online\/wp-content\/uploads\/2025\/09\/20250913_SM_U16-U18_0240RB-dimensioni-grandi-300x200.jpeg 300w, https:\/\/gab-bellinzona.ch\/online\/wp-content\/uploads\/2025\/09\/20250913_SM_U16-U18_0240RB-dimensioni-grandi-768x512.jpeg 768w, https:\/\/gab-bellinzona.ch\/online\/wp-content\/uploads\/2025\/09\/20250913_SM_U16-U18_0240RB-dimensioni-grandi-630x420.jpeg 630w, https:\/\/gab-bellinzona.ch\/online\/wp-content\/uploads\/2025\/09\/20250913_SM_U16-U18_0240RB-dimensioni-grandi-150x100.jpeg 150w, https:\/\/gab-bellinzona.ch\/online\/wp-content\/uploads\/2025\/09\/20250913_SM_U16-U18_0240RB-dimensioni-grandi-696x464.jpeg 696w, https:\/\/gab-bellinzona.ch\/online\/wp-content\/uploads\/2025\/09\/20250913_SM_U16-U18_0240RB-dimensioni-grandi-1068x712.jpeg 1068w, https:\/\/gab-bellinzona.ch\/online\/wp-content\/uploads\/2025\/09\/20250913_SM_U16-U18_0240RB-dimensioni-grandi-600x400.jpeg 600w, https:\/\/gab-bellinzona.ch\/online\/wp-content\/uploads\/2025\/09\/20250913_SM_U16-U18_0240RB-dimensioni-grandi.jpeg 1280w\" sizes=\"auto, (max-width: 1024px) 100vw, 1024px\" \/><figcaption class=\"wp-element-caption\">Squicciarini Matteo (GAB Bellinzona,#209) at the SM U16\/U18 on 13. September, 2025,  Stadion Trinermatten in Zofingen<\/figcaption><\/figure>\n\n<figure class=\"wp-block-image size-large\"><img loading=\"lazy\" decoding=\"async\" width=\"1024\" height=\"682\" data-id=\"14805\" src=\"https:\/\/gab-bellinzona.ch\/online\/wp-content\/uploads\/2025\/09\/20250913_SM_U16-U18_0241RB-dimensioni-grandi-1024x682.jpeg\" alt=\"\" class=\"wp-image-14805\" srcset=\"https:\/\/gab-bellinzona.ch\/online\/wp-content\/uploads\/2025\/09\/20250913_SM_U16-U18_0241RB-dimensioni-grandi-1024x682.jpeg 1024w, https:\/\/gab-bellinzona.ch\/online\/wp-content\/uploads\/2025\/09\/20250913_SM_U16-U18_0241RB-dimensioni-grandi-300x200.jpeg 300w, https:\/\/gab-bellinzona.ch\/online\/wp-content\/uploads\/2025\/09\/20250913_SM_U16-U18_0241RB-dimensioni-grandi-768x512.jpeg 768w, https:\/\/gab-bellinzona.ch\/online\/wp-content\/uploads\/2025\/09\/20250913_SM_U16-U18_0241RB-dimensioni-grandi-630x420.jpeg 630w, https:\/\/gab-bellinzona.ch\/online\/wp-content\/uploads\/2025\/09\/20250913_SM_U16-U18_0241RB-dimensioni-grandi-150x100.jpeg 150w, https:\/\/gab-bellinzona.ch\/online\/wp-content\/uploads\/2025\/09\/20250913_SM_U16-U18_0241RB-dimensioni-grandi-696x464.jpeg 696w, https:\/\/gab-bellinzona.ch\/online\/wp-content\/uploads\/2025\/09\/20250913_SM_U16-U18_0241RB-dimensioni-grandi-1068x712.jpeg 1068w, https:\/\/gab-bellinzona.ch\/online\/wp-content\/uploads\/2025\/09\/20250913_SM_U16-U18_0241RB-dimensioni-grandi-600x400.jpeg 600w, https:\/\/gab-bellinzona.ch\/online\/wp-content\/uploads\/2025\/09\/20250913_SM_U16-U18_0241RB-dimensioni-grandi.jpeg 1280w\" sizes=\"auto, (max-width: 1024px) 100vw, 1024px\" \/><figcaption class=\"wp-element-caption\">Squicciarini Matteo (GAB Bellinzona,#209) at the SM U16\/U18 on 13. September, 2025,  Stadion Trinermatten in Zofingen<\/figcaption><\/figure>\n\n<figure class=\"wp-block-image size-large\"><img loading=\"lazy\" decoding=\"async\" width=\"1024\" height=\"682\" data-id=\"14806\" src=\"https:\/\/gab-bellinzona.ch\/online\/wp-content\/uploads\/2025\/09\/20250913_SM_U16-U18_0985RB-dimensioni-grandi-1024x682.jpeg\" alt=\"\" class=\"wp-image-14806\" srcset=\"https:\/\/gab-bellinzona.ch\/online\/wp-content\/uploads\/2025\/09\/20250913_SM_U16-U18_0985RB-dimensioni-grandi-1024x682.jpeg 1024w, https:\/\/gab-bellinzona.ch\/online\/wp-content\/uploads\/2025\/09\/20250913_SM_U16-U18_0985RB-dimensioni-grandi-300x200.jpeg 300w, https:\/\/gab-bellinzona.ch\/online\/wp-content\/uploads\/2025\/09\/20250913_SM_U16-U18_0985RB-dimensioni-grandi-768x512.jpeg 768w, https:\/\/gab-bellinzona.ch\/online\/wp-content\/uploads\/2025\/09\/20250913_SM_U16-U18_0985RB-dimensioni-grandi-630x420.jpeg 630w, https:\/\/gab-bellinzona.ch\/online\/wp-content\/uploads\/2025\/09\/20250913_SM_U16-U18_0985RB-dimensioni-grandi-150x100.jpeg 150w, https:\/\/gab-bellinzona.ch\/online\/wp-content\/uploads\/2025\/09\/20250913_SM_U16-U18_0985RB-dimensioni-grandi-696x464.jpeg 696w, https:\/\/gab-bellinzona.ch\/online\/wp-content\/uploads\/2025\/09\/20250913_SM_U16-U18_0985RB-dimensioni-grandi-1068x712.jpeg 1068w, https:\/\/gab-bellinzona.ch\/online\/wp-content\/uploads\/2025\/09\/20250913_SM_U16-U18_0985RB-dimensioni-grandi-600x400.jpeg 600w, https:\/\/gab-bellinzona.ch\/online\/wp-content\/uploads\/2025\/09\/20250913_SM_U16-U18_0985RB-dimensioni-grandi.jpeg 1280w\" sizes=\"auto, (max-width: 1024px) 100vw, 1024px\" \/><figcaption class=\"wp-element-caption\">Mozzini Camilla (GAB Bellinzona,#205) at the SM U16\/U18 on 13. September, 2025,  Stadion Trinermatten in Zofingen<\/figcaption><\/figure>\n\n<figure class=\"wp-block-image size-large\"><img loading=\"lazy\" decoding=\"async\" width=\"1024\" height=\"682\" data-id=\"14807\" src=\"https:\/\/gab-bellinzona.ch\/online\/wp-content\/uploads\/2025\/09\/20250913_SM-U20U2302459PM-dimensioni-grandi-1024x682.jpeg\" alt=\"\" class=\"wp-image-14807\" srcset=\"https:\/\/gab-bellinzona.ch\/online\/wp-content\/uploads\/2025\/09\/20250913_SM-U20U2302459PM-dimensioni-grandi-1024x682.jpeg 1024w, https:\/\/gab-bellinzona.ch\/online\/wp-content\/uploads\/2025\/09\/20250913_SM-U20U2302459PM-dimensioni-grandi-300x200.jpeg 300w, https:\/\/gab-bellinzona.ch\/online\/wp-content\/uploads\/2025\/09\/20250913_SM-U20U2302459PM-dimensioni-grandi-768x512.jpeg 768w, https:\/\/gab-bellinzona.ch\/online\/wp-content\/uploads\/2025\/09\/20250913_SM-U20U2302459PM-dimensioni-grandi-630x420.jpeg 630w, https:\/\/gab-bellinzona.ch\/online\/wp-content\/uploads\/2025\/09\/20250913_SM-U20U2302459PM-dimensioni-grandi-150x100.jpeg 150w, https:\/\/gab-bellinzona.ch\/online\/wp-content\/uploads\/2025\/09\/20250913_SM-U20U2302459PM-dimensioni-grandi-696x464.jpeg 696w, https:\/\/gab-bellinzona.ch\/online\/wp-content\/uploads\/2025\/09\/20250913_SM-U20U2302459PM-dimensioni-grandi-1068x712.jpeg 1068w, https:\/\/gab-bellinzona.ch\/online\/wp-content\/uploads\/2025\/09\/20250913_SM-U20U2302459PM-dimensioni-grandi-600x400.jpeg 600w, https:\/\/gab-bellinzona.ch\/online\/wp-content\/uploads\/2025\/09\/20250913_SM-U20U2302459PM-dimensioni-grandi.jpeg 1280w\" sizes=\"auto, (max-width: 1024px) 100vw, 1024px\" \/><figcaption class=\"wp-element-caption\">Sarah Studach, SUI (CABV Martigny, #621), Marco Aurora  De, SUI (GAB Bellinzona, #396), Mayra Maas, SUI (LC Luzern, #519)\n\nLeichtathletik Schweizermeisterschaft U20 und U23 on 13. September, 2025 in Aarau (Switzerland), Leichtathletikstadion Schachen<\/figcaption><\/figure>\n\n<figure class=\"wp-block-image size-large\"><img loading=\"lazy\" decoding=\"async\" width=\"1024\" height=\"682\" data-id=\"14812\" src=\"https:\/\/gab-bellinzona.ch\/online\/wp-content\/uploads\/2025\/09\/20250913_SM-U20U2302489PM-dimensioni-grandi-1024x682.jpeg\" alt=\"\" class=\"wp-image-14812\" srcset=\"https:\/\/gab-bellinzona.ch\/online\/wp-content\/uploads\/2025\/09\/20250913_SM-U20U2302489PM-dimensioni-grandi-1024x682.jpeg 1024w, https:\/\/gab-bellinzona.ch\/online\/wp-content\/uploads\/2025\/09\/20250913_SM-U20U2302489PM-dimensioni-grandi-300x200.jpeg 300w, https:\/\/gab-bellinzona.ch\/online\/wp-content\/uploads\/2025\/09\/20250913_SM-U20U2302489PM-dimensioni-grandi-768x512.jpeg 768w, https:\/\/gab-bellinzona.ch\/online\/wp-content\/uploads\/2025\/09\/20250913_SM-U20U2302489PM-dimensioni-grandi-630x420.jpeg 630w, https:\/\/gab-bellinzona.ch\/online\/wp-content\/uploads\/2025\/09\/20250913_SM-U20U2302489PM-dimensioni-grandi-150x100.jpeg 150w, https:\/\/gab-bellinzona.ch\/online\/wp-content\/uploads\/2025\/09\/20250913_SM-U20U2302489PM-dimensioni-grandi-696x464.jpeg 696w, https:\/\/gab-bellinzona.ch\/online\/wp-content\/uploads\/2025\/09\/20250913_SM-U20U2302489PM-dimensioni-grandi-1068x712.jpeg 1068w, https:\/\/gab-bellinzona.ch\/online\/wp-content\/uploads\/2025\/09\/20250913_SM-U20U2302489PM-dimensioni-grandi-600x400.jpeg 600w, https:\/\/gab-bellinzona.ch\/online\/wp-content\/uploads\/2025\/09\/20250913_SM-U20U2302489PM-dimensioni-grandi.jpeg 1280w\" sizes=\"auto, (max-width: 1024px) 100vw, 1024px\" \/><figcaption class=\"wp-element-caption\">Gioele De Marco, SUI (GAB Bellinzona, #63), Ben Kull, SUI (LC Basel, #155), Josua Heller, SUI (LA-Riege TV Olten, #115), Mat\u00e9o Wicht, SUI (SA Bulle, #297)\n\nLeichtathletik Schweizermeisterschaft U20 und U23 on 13. September, 2025 in Aarau (Switzerland), Leichtathletikstadion Schachen<\/figcaption><\/figure>\n\n<figure class=\"wp-block-image size-large\"><img loading=\"lazy\" decoding=\"async\" width=\"1024\" height=\"682\" data-id=\"14808\" src=\"https:\/\/gab-bellinzona.ch\/online\/wp-content\/uploads\/2025\/09\/20250913_SM-U20U2302608PM-dimensioni-grandi-1024x682.jpeg\" alt=\"\" class=\"wp-image-14808\" srcset=\"https:\/\/gab-bellinzona.ch\/online\/wp-content\/uploads\/2025\/09\/20250913_SM-U20U2302608PM-dimensioni-grandi-1024x682.jpeg 1024w, https:\/\/gab-bellinzona.ch\/online\/wp-content\/uploads\/2025\/09\/20250913_SM-U20U2302608PM-dimensioni-grandi-300x200.jpeg 300w, https:\/\/gab-bellinzona.ch\/online\/wp-content\/uploads\/2025\/09\/20250913_SM-U20U2302608PM-dimensioni-grandi-768x512.jpeg 768w, https:\/\/gab-bellinzona.ch\/online\/wp-content\/uploads\/2025\/09\/20250913_SM-U20U2302608PM-dimensioni-grandi-630x420.jpeg 630w, https:\/\/gab-bellinzona.ch\/online\/wp-content\/uploads\/2025\/09\/20250913_SM-U20U2302608PM-dimensioni-grandi-150x100.jpeg 150w, https:\/\/gab-bellinzona.ch\/online\/wp-content\/uploads\/2025\/09\/20250913_SM-U20U2302608PM-dimensioni-grandi-696x464.jpeg 696w, https:\/\/gab-bellinzona.ch\/online\/wp-content\/uploads\/2025\/09\/20250913_SM-U20U2302608PM-dimensioni-grandi-1068x712.jpeg 1068w, https:\/\/gab-bellinzona.ch\/online\/wp-content\/uploads\/2025\/09\/20250913_SM-U20U2302608PM-dimensioni-grandi-600x400.jpeg 600w, https:\/\/gab-bellinzona.ch\/online\/wp-content\/uploads\/2025\/09\/20250913_SM-U20U2302608PM-dimensioni-grandi.jpeg 1280w\" sizes=\"auto, (max-width: 1024px) 100vw, 1024px\" \/><figcaption class=\"wp-element-caption\">Leonardo Lafranchi, SUI (GAB Bellinzona, #159)\n\nLeichtathletik Schweizermeisterschaft U20 und U23 on 13. September, 2025 in Aarau (Switzerland), Leichtathletikstadion Schachen<\/figcaption><\/figure>\n\n<figure class=\"wp-block-image size-large\"><img loading=\"lazy\" decoding=\"async\" width=\"1024\" height=\"682\" data-id=\"14816\" src=\"https:\/\/gab-bellinzona.ch\/online\/wp-content\/uploads\/2025\/09\/20250913_SM-U20U2302980PM-dimensioni-grandi-1024x682.jpeg\" alt=\"\" class=\"wp-image-14816\" srcset=\"https:\/\/gab-bellinzona.ch\/online\/wp-content\/uploads\/2025\/09\/20250913_SM-U20U2302980PM-dimensioni-grandi-1024x682.jpeg 1024w, https:\/\/gab-bellinzona.ch\/online\/wp-content\/uploads\/2025\/09\/20250913_SM-U20U2302980PM-dimensioni-grandi-300x200.jpeg 300w, https:\/\/gab-bellinzona.ch\/online\/wp-content\/uploads\/2025\/09\/20250913_SM-U20U2302980PM-dimensioni-grandi-768x512.jpeg 768w, https:\/\/gab-bellinzona.ch\/online\/wp-content\/uploads\/2025\/09\/20250913_SM-U20U2302980PM-dimensioni-grandi-630x420.jpeg 630w, https:\/\/gab-bellinzona.ch\/online\/wp-content\/uploads\/2025\/09\/20250913_SM-U20U2302980PM-dimensioni-grandi-150x100.jpeg 150w, https:\/\/gab-bellinzona.ch\/online\/wp-content\/uploads\/2025\/09\/20250913_SM-U20U2302980PM-dimensioni-grandi-696x464.jpeg 696w, https:\/\/gab-bellinzona.ch\/online\/wp-content\/uploads\/2025\/09\/20250913_SM-U20U2302980PM-dimensioni-grandi-1068x712.jpeg 1068w, https:\/\/gab-bellinzona.ch\/online\/wp-content\/uploads\/2025\/09\/20250913_SM-U20U2302980PM-dimensioni-grandi-600x400.jpeg 600w, https:\/\/gab-bellinzona.ch\/online\/wp-content\/uploads\/2025\/09\/20250913_SM-U20U2302980PM-dimensioni-grandi.jpeg 1280w\" sizes=\"auto, (max-width: 1024px) 100vw, 1024px\" \/><figcaption class=\"wp-element-caption\">Stephan Wyss, SUI (LV Langenthal, #308), Numa Cariboni, SUI  (GAB Bellinzona, #46)\n\nLeichtathletik Schweizermeisterschaft U20 und U23 on 13. September, 2025 in Aarau (Switzerland), Leichtathletikstadion Schachen<\/figcaption><\/figure>\n\n<figure class=\"wp-block-image size-large\"><img loading=\"lazy\" decoding=\"async\" width=\"1024\" height=\"682\" data-id=\"14814\" src=\"https:\/\/gab-bellinzona.ch\/online\/wp-content\/uploads\/2025\/09\/US_20250913_Aarau_39532-dimensioni-grandi-1024x682.jpeg\" alt=\"\" class=\"wp-image-14814\" srcset=\"https:\/\/gab-bellinzona.ch\/online\/wp-content\/uploads\/2025\/09\/US_20250913_Aarau_39532-dimensioni-grandi-1024x682.jpeg 1024w, https:\/\/gab-bellinzona.ch\/online\/wp-content\/uploads\/2025\/09\/US_20250913_Aarau_39532-dimensioni-grandi-300x200.jpeg 300w, https:\/\/gab-bellinzona.ch\/online\/wp-content\/uploads\/2025\/09\/US_20250913_Aarau_39532-dimensioni-grandi-768x512.jpeg 768w, https:\/\/gab-bellinzona.ch\/online\/wp-content\/uploads\/2025\/09\/US_20250913_Aarau_39532-dimensioni-grandi-630x420.jpeg 630w, https:\/\/gab-bellinzona.ch\/online\/wp-content\/uploads\/2025\/09\/US_20250913_Aarau_39532-dimensioni-grandi-150x100.jpeg 150w, https:\/\/gab-bellinzona.ch\/online\/wp-content\/uploads\/2025\/09\/US_20250913_Aarau_39532-dimensioni-grandi-696x464.jpeg 696w, https:\/\/gab-bellinzona.ch\/online\/wp-content\/uploads\/2025\/09\/US_20250913_Aarau_39532-dimensioni-grandi-1068x712.jpeg 1068w, https:\/\/gab-bellinzona.ch\/online\/wp-content\/uploads\/2025\/09\/US_20250913_Aarau_39532-dimensioni-grandi-600x400.jpeg 600w, https:\/\/gab-bellinzona.ch\/online\/wp-content\/uploads\/2025\/09\/US_20250913_Aarau_39532-dimensioni-grandi.jpeg 1280w\" sizes=\"auto, (max-width: 1024px) 100vw, 1024px\" \/><figcaption class=\"wp-element-caption\">Fight for the positions\n\nGentilini Siro\u00a0 (GAB Bellinzona, SUI)\nSimasotchi Keanu\u00a0 (Stade Lausanne Athletisme, SUI), 1500 m\nKocher Laurin\u00a0 (STB Leichtathletik, SUI), 1500 m\nKnaus David\u00a0 (LV Winterthur, SUI), 1500 m\nBaggenstos Gian\u00a0 (TV Laenggasse Bern, SUI), 1500 m\n\nSchweizer Leichtathletik Meisterschaften U20-U23 in Aarau (Switzerland) on Saturday, 13.09.2025<\/figcaption><\/figure>\n\n<figure class=\"wp-block-image size-large\"><img loading=\"lazy\" decoding=\"async\" width=\"1024\" height=\"682\" data-id=\"14815\" src=\"https:\/\/gab-bellinzona.ch\/online\/wp-content\/uploads\/2025\/09\/US_20250913_Aarau_39781-dimensioni-grandi-1024x682.jpeg\" alt=\"\" class=\"wp-image-14815\" srcset=\"https:\/\/gab-bellinzona.ch\/online\/wp-content\/uploads\/2025\/09\/US_20250913_Aarau_39781-dimensioni-grandi-1024x682.jpeg 1024w, https:\/\/gab-bellinzona.ch\/online\/wp-content\/uploads\/2025\/09\/US_20250913_Aarau_39781-dimensioni-grandi-300x200.jpeg 300w, https:\/\/gab-bellinzona.ch\/online\/wp-content\/uploads\/2025\/09\/US_20250913_Aarau_39781-dimensioni-grandi-768x512.jpeg 768w, https:\/\/gab-bellinzona.ch\/online\/wp-content\/uploads\/2025\/09\/US_20250913_Aarau_39781-dimensioni-grandi-630x420.jpeg 630w, https:\/\/gab-bellinzona.ch\/online\/wp-content\/uploads\/2025\/09\/US_20250913_Aarau_39781-dimensioni-grandi-150x100.jpeg 150w, https:\/\/gab-bellinzona.ch\/online\/wp-content\/uploads\/2025\/09\/US_20250913_Aarau_39781-dimensioni-grandi-696x464.jpeg 696w, https:\/\/gab-bellinzona.ch\/online\/wp-content\/uploads\/2025\/09\/US_20250913_Aarau_39781-dimensioni-grandi-1068x712.jpeg 1068w, https:\/\/gab-bellinzona.ch\/online\/wp-content\/uploads\/2025\/09\/US_20250913_Aarau_39781-dimensioni-grandi-600x400.jpeg 600w, https:\/\/gab-bellinzona.ch\/online\/wp-content\/uploads\/2025\/09\/US_20250913_Aarau_39781-dimensioni-grandi.jpeg 1280w\" sizes=\"auto, (max-width: 1024px) 100vw, 1024px\" \/><figcaption class=\"wp-element-caption\">Zenker Niko (GAB Bellinzona, GER), 1500 m\n\nSchweizer Leichtathletik Meisterschaften U20-U23 in Aarau (Switzerland) on Saturday, 13.09.2025<\/figcaption><\/figure>\n\n<figure class=\"wp-block-image size-large\"><img loading=\"lazy\" decoding=\"async\" width=\"1024\" height=\"682\" data-id=\"14811\" src=\"https:\/\/gab-bellinzona.ch\/online\/wp-content\/uploads\/2025\/09\/US_20250913_Aarau_39986-dimensioni-grandi-1024x682.jpeg\" alt=\"\" class=\"wp-image-14811\" srcset=\"https:\/\/gab-bellinzona.ch\/online\/wp-content\/uploads\/2025\/09\/US_20250913_Aarau_39986-dimensioni-grandi-1024x682.jpeg 1024w, https:\/\/gab-bellinzona.ch\/online\/wp-content\/uploads\/2025\/09\/US_20250913_Aarau_39986-dimensioni-grandi-300x200.jpeg 300w, https:\/\/gab-bellinzona.ch\/online\/wp-content\/uploads\/2025\/09\/US_20250913_Aarau_39986-dimensioni-grandi-768x512.jpeg 768w, https:\/\/gab-bellinzona.ch\/online\/wp-content\/uploads\/2025\/09\/US_20250913_Aarau_39986-dimensioni-grandi-630x420.jpeg 630w, https:\/\/gab-bellinzona.ch\/online\/wp-content\/uploads\/2025\/09\/US_20250913_Aarau_39986-dimensioni-grandi-150x100.jpeg 150w, https:\/\/gab-bellinzona.ch\/online\/wp-content\/uploads\/2025\/09\/US_20250913_Aarau_39986-dimensioni-grandi-696x464.jpeg 696w, https:\/\/gab-bellinzona.ch\/online\/wp-content\/uploads\/2025\/09\/US_20250913_Aarau_39986-dimensioni-grandi-1068x712.jpeg 1068w, https:\/\/gab-bellinzona.ch\/online\/wp-content\/uploads\/2025\/09\/US_20250913_Aarau_39986-dimensioni-grandi-600x400.jpeg 600w, https:\/\/gab-bellinzona.ch\/online\/wp-content\/uploads\/2025\/09\/US_20250913_Aarau_39986-dimensioni-grandi.jpeg 1280w\" sizes=\"auto, (max-width: 1024px) 100vw, 1024px\" \/><figcaption class=\"wp-element-caption\">De Marco Aurora\u00a0 (GAB Bellinzona, SUI), 800 m\nStudach Sarah\u00a0 (CABV Martigny, SUI), 800 m\n\nSchweizer Leichtathletik Meisterschaften U20-U23 in Aarau (Switzerland) on Saturday, 13.09.2025<\/figcaption><\/figure>\n\n<figure class=\"wp-block-image size-large\"><img loading=\"lazy\" decoding=\"async\" width=\"1024\" height=\"682\" data-id=\"14813\" src=\"https:\/\/gab-bellinzona.ch\/online\/wp-content\/uploads\/2025\/09\/US_20250913_Aarau_40032-dimensioni-grandi-1024x682.jpeg\" alt=\"\" class=\"wp-image-14813\" srcset=\"https:\/\/gab-bellinzona.ch\/online\/wp-content\/uploads\/2025\/09\/US_20250913_Aarau_40032-dimensioni-grandi-1024x682.jpeg 1024w, https:\/\/gab-bellinzona.ch\/online\/wp-content\/uploads\/2025\/09\/US_20250913_Aarau_40032-dimensioni-grandi-300x200.jpeg 300w, https:\/\/gab-bellinzona.ch\/online\/wp-content\/uploads\/2025\/09\/US_20250913_Aarau_40032-dimensioni-grandi-768x512.jpeg 768w, https:\/\/gab-bellinzona.ch\/online\/wp-content\/uploads\/2025\/09\/US_20250913_Aarau_40032-dimensioni-grandi-630x420.jpeg 630w, https:\/\/gab-bellinzona.ch\/online\/wp-content\/uploads\/2025\/09\/US_20250913_Aarau_40032-dimensioni-grandi-150x100.jpeg 150w, https:\/\/gab-bellinzona.ch\/online\/wp-content\/uploads\/2025\/09\/US_20250913_Aarau_40032-dimensioni-grandi-696x464.jpeg 696w, https:\/\/gab-bellinzona.ch\/online\/wp-content\/uploads\/2025\/09\/US_20250913_Aarau_40032-dimensioni-grandi-1068x712.jpeg 1068w, https:\/\/gab-bellinzona.ch\/online\/wp-content\/uploads\/2025\/09\/US_20250913_Aarau_40032-dimensioni-grandi-600x400.jpeg 600w, https:\/\/gab-bellinzona.ch\/online\/wp-content\/uploads\/2025\/09\/US_20250913_Aarau_40032-dimensioni-grandi.jpeg 1280w\" sizes=\"auto, (max-width: 1024px) 100vw, 1024px\" \/><figcaption class=\"wp-element-caption\">De Marco Gioele\u00a0 (GAB Bellinzona, SUI), 800 m\nWicht Mateo\u00a0 (SA Bulle, SUI), 800 m\nHeller Josua\u00a0 (LA-Riege TV Olten, SUI), 800 m\nKull Ben\u00a0 (LC Basel, SUI), 800 m\n\nSchweizer Leichtathletik Meisterschaften U20-U23 in Aarau (Switzerland) on Saturday, 13.09.2025<\/figcaption><\/figure>\n\n<figure class=\"wp-block-image size-large\"><img loading=\"lazy\" decoding=\"async\" width=\"1024\" height=\"682\" data-id=\"14810\" src=\"https:\/\/gab-bellinzona.ch\/online\/wp-content\/uploads\/2025\/09\/US_20250913_Aarau_40033-dimensioni-grandi-1024x682.jpeg\" alt=\"\" class=\"wp-image-14810\" srcset=\"https:\/\/gab-bellinzona.ch\/online\/wp-content\/uploads\/2025\/09\/US_20250913_Aarau_40033-dimensioni-grandi-1024x682.jpeg 1024w, https:\/\/gab-bellinzona.ch\/online\/wp-content\/uploads\/2025\/09\/US_20250913_Aarau_40033-dimensioni-grandi-300x200.jpeg 300w, https:\/\/gab-bellinzona.ch\/online\/wp-content\/uploads\/2025\/09\/US_20250913_Aarau_40033-dimensioni-grandi-768x512.jpeg 768w, https:\/\/gab-bellinzona.ch\/online\/wp-content\/uploads\/2025\/09\/US_20250913_Aarau_40033-dimensioni-grandi-630x420.jpeg 630w, https:\/\/gab-bellinzona.ch\/online\/wp-content\/uploads\/2025\/09\/US_20250913_Aarau_40033-dimensioni-grandi-150x100.jpeg 150w, https:\/\/gab-bellinzona.ch\/online\/wp-content\/uploads\/2025\/09\/US_20250913_Aarau_40033-dimensioni-grandi-696x464.jpeg 696w, https:\/\/gab-bellinzona.ch\/online\/wp-content\/uploads\/2025\/09\/US_20250913_Aarau_40033-dimensioni-grandi-1068x712.jpeg 1068w, https:\/\/gab-bellinzona.ch\/online\/wp-content\/uploads\/2025\/09\/US_20250913_Aarau_40033-dimensioni-grandi-600x400.jpeg 600w, https:\/\/gab-bellinzona.ch\/online\/wp-content\/uploads\/2025\/09\/US_20250913_Aarau_40033-dimensioni-grandi.jpeg 1280w\" sizes=\"auto, (max-width: 1024px) 100vw, 1024px\" \/><figcaption class=\"wp-element-caption\">De Marco Gioele\u00a0 (GAB Bellinzona, SUI), 800 m\nKull Ben\u00a0 (LC Basel, SUI), 800 m\n\nSchweizer Leichtathletik Meisterschaften U20-U23 in Aarau (Switzerland) on Saturday, 13.09.2025<\/figcaption><\/figure>\n\n<figure class=\"wp-block-image size-large\"><img loading=\"lazy\" decoding=\"async\" width=\"1024\" height=\"682\" data-id=\"14809\" src=\"https:\/\/gab-bellinzona.ch\/online\/wp-content\/uploads\/2025\/09\/US_20250913_Aarau_40061-dimensioni-grandi-1024x682.jpeg\" alt=\"\" class=\"wp-image-14809\" srcset=\"https:\/\/gab-bellinzona.ch\/online\/wp-content\/uploads\/2025\/09\/US_20250913_Aarau_40061-dimensioni-grandi-1024x682.jpeg 1024w, https:\/\/gab-bellinzona.ch\/online\/wp-content\/uploads\/2025\/09\/US_20250913_Aarau_40061-dimensioni-grandi-300x200.jpeg 300w, https:\/\/gab-bellinzona.ch\/online\/wp-content\/uploads\/2025\/09\/US_20250913_Aarau_40061-dimensioni-grandi-768x512.jpeg 768w, https:\/\/gab-bellinzona.ch\/online\/wp-content\/uploads\/2025\/09\/US_20250913_Aarau_40061-dimensioni-grandi-630x420.jpeg 630w, https:\/\/gab-bellinzona.ch\/online\/wp-content\/uploads\/2025\/09\/US_20250913_Aarau_40061-dimensioni-grandi-150x100.jpeg 150w, https:\/\/gab-bellinzona.ch\/online\/wp-content\/uploads\/2025\/09\/US_20250913_Aarau_40061-dimensioni-grandi-696x464.jpeg 696w, https:\/\/gab-bellinzona.ch\/online\/wp-content\/uploads\/2025\/09\/US_20250913_Aarau_40061-dimensioni-grandi-1068x712.jpeg 1068w, https:\/\/gab-bellinzona.ch\/online\/wp-content\/uploads\/2025\/09\/US_20250913_Aarau_40061-dimensioni-grandi-600x400.jpeg 600w, https:\/\/gab-bellinzona.ch\/online\/wp-content\/uploads\/2025\/09\/US_20250913_Aarau_40061-dimensioni-grandi.jpeg 1280w\" sizes=\"auto, (max-width: 1024px) 100vw, 1024px\" \/><figcaption class=\"wp-element-caption\">Balestra Filippo\u00a0 (GAB Bellinzona, SUI), 800 m\n\nSchweizer Leichtathletik Meisterschaften U20-U23 in Aarau (Switzerland) on Saturday, 13.09.2025<\/figcaption><\/figure><\/figure>","protected":false},"excerpt":{"rendered":"<p>L&#8217;appuntamento pi\u00f9 importante per i nostri giovani e le nostre giovani si \u00e8 svolto nel weekend del 12, 13 e 14 settembre. Mentre i pi\u00f9 grandi U20-U23 si sono sfidati [&hellip;]<\/p>\n","protected":false},"author":2,"featured_media":14818,"comment_status":"closed","ping_status":"closed","sticky":false,"template":"","format":"standard","meta":{"footnotes":""},"categories":[1],"tags":[],"class_list":["post-14802","post","type-post","status-publish","format-standard","has-post-thumbnail","category-vuoto"],"_links":{"self":[{"href":"https:\/\/gab-bellinzona.ch\/online\/wp-json\/wp\/v2\/posts\/14802","targetHints":{"allow":["GET"]}}],"collection":[{"href":"https:\/\/gab-bellinzona.ch\/online\/wp-json\/wp\/v2\/posts"}],"about":[{"href":"https:\/\/gab-bellinzona.ch\/online\/wp-json\/wp\/v2\/types\/post"}],"author":[{"embeddable":true,"href":"https:\/\/gab-bellinzona.ch\/online\/wp-json\/wp\/v2\/users\/2"}],"replies":[{"embeddable":true,"href":"https:\/\/gab-bellinzona.ch\/online\/wp-json\/wp\/v2\/comments?post=14802"}],"version-history":[{"count":2,"href":"https:\/\/gab-bellinzona.ch\/online\/wp-json\/wp\/v2\/posts\/14802\/revisions"}],"predecessor-version":[{"id":14822,"href":"https:\/\/gab-bellinzona.ch\/online\/wp-json\/wp\/v2\/posts\/14802\/revisions\/14822"}],"wp:featuredmedia":[{"embeddable":true,"href":"https:\/\/gab-bellinzona.ch\/online\/wp-json\/wp\/v2\/media\/14818"}],"wp:attachment":[{"href":"https:\/\/gab-bellinzona.ch\/online\/wp-json\/wp\/v2\/media?parent=14802"}],"wp:term":[{"taxonomy":"category","embeddable":true,"href":"https:\/\/gab-bellinzona.ch\/online\/wp-json\/wp\/v2\/categories?post=14802"},{"taxonomy":"post_tag","embeddable":true,"href":"https:\/\/gab-bellinzona.ch\/online\/wp-json\/wp\/v2\/tags?post=14802"}],"curies":[{"name":"wp","href":"https:\/\/api.w.org\/{rel}","templated":true}]}}