{"id":14695,"date":"2025-08-17T16:20:19","date_gmt":"2025-08-17T14:20:19","guid":{"rendered":"https:\/\/gab-bellinzona.ch\/online\/?p=14695"},"modified":"2025-08-17T16:28:31","modified_gmt":"2025-08-17T14:28:31","slug":"risultati-citius-meeting-berna","status":"publish","type":"post","link":"https:\/\/gab-bellinzona.ch\/online\/risultati-citius-meeting-berna\/","title":{"rendered":"RISULTATI: CITIUS Meeting &#8211; Berna"},"content":{"rendered":"<p>Dopo un anno di pausa torna il CITIUS meeting: un programma internazionale con un pre-meeting di buon livello a scaldare i motori in vista dei Campionati svizzeri del prossimo weekend (Frauenfeld 23-24 agosto). <\/p><p>A distinguersi al Wankdorf \u00e8 stato Siro Gentilini, capace di abbattere il muro dei 4 minuti e quindi di assicurarsi il limite per i Campionati svizzeri per le prossime due stagioni. In gara con lui anche Gioele De Marco ed Enea Ratti, i due hanno provato a fare gara veloce, ma non aiutati dal gran caldo hanno poi sofferto sull&#8217;ultimo giro, mentre Siro ha saputo finire la gara con una cavalcata micidiale e ha chiuso in 3&#8217;59&#8243;55. Sempre a Berna buon tempo per Mattia Tajana nei 400m e per Nicola Fumagalli nei 200m. COMPLIMENTI!<\/p><p><strong>Risultati GAB<\/strong><\/p><ul class=\"wp-block-list\"><li>Nicola Fumagalli 200m 22&#8243;92<\/li>\n\n<li>Mattia Tajana 400m 48&#8243;57<\/li>\n\n<li>Gioele De Marco 1500m 3&#8217;58&#8243;11<\/li>\n\n<li>Siro Gentilini 1500m 3&#8217;59&#8243;55 <strong>SB -> Limite CS attivi<\/strong><\/li>\n\n<li>Enea Ratti 1500m 4&#8217;00&#8243;53<\/li><\/ul><p class=\"has-text-align-center\"><a href=\"https:\/\/slv.laportal.net\/Competitions\/Details\/17099\">&lt;&lt;RISULTATI COMPLETI&gt;&gt;<\/a><\/p><figure class=\"wp-block-gallery has-nested-images columns-default is-cropped wp-block-gallery-1 is-layout-flex wp-block-gallery-is-layout-flex\"><figure class=\"wp-block-image size-large\"><img loading=\"lazy\" decoding=\"async\" width=\"1024\" height=\"682\" data-id=\"14699\" src=\"https:\/\/gab-bellinzona.ch\/online\/wp-content\/uploads\/2025\/08\/20250816_Citius-Meeting_Bern_051RB-dimensioni-grandi-1024x682.jpeg\" alt=\"\" class=\"wp-image-14699\" srcset=\"https:\/\/gab-bellinzona.ch\/online\/wp-content\/uploads\/2025\/08\/20250816_Citius-Meeting_Bern_051RB-dimensioni-grandi-1024x682.jpeg 1024w, https:\/\/gab-bellinzona.ch\/online\/wp-content\/uploads\/2025\/08\/20250816_Citius-Meeting_Bern_051RB-dimensioni-grandi-300x200.jpeg 300w, https:\/\/gab-bellinzona.ch\/online\/wp-content\/uploads\/2025\/08\/20250816_Citius-Meeting_Bern_051RB-dimensioni-grandi-768x512.jpeg 768w, https:\/\/gab-bellinzona.ch\/online\/wp-content\/uploads\/2025\/08\/20250816_Citius-Meeting_Bern_051RB-dimensioni-grandi-630x420.jpeg 630w, https:\/\/gab-bellinzona.ch\/online\/wp-content\/uploads\/2025\/08\/20250816_Citius-Meeting_Bern_051RB-dimensioni-grandi-150x100.jpeg 150w, https:\/\/gab-bellinzona.ch\/online\/wp-content\/uploads\/2025\/08\/20250816_Citius-Meeting_Bern_051RB-dimensioni-grandi-696x464.jpeg 696w, https:\/\/gab-bellinzona.ch\/online\/wp-content\/uploads\/2025\/08\/20250816_Citius-Meeting_Bern_051RB-dimensioni-grandi-1068x712.jpeg 1068w, https:\/\/gab-bellinzona.ch\/online\/wp-content\/uploads\/2025\/08\/20250816_Citius-Meeting_Bern_051RB-dimensioni-grandi-600x400.jpeg 600w, https:\/\/gab-bellinzona.ch\/online\/wp-content\/uploads\/2025\/08\/20250816_Citius-Meeting_Bern_051RB-dimensioni-grandi.jpeg 1280w\" sizes=\"auto, (max-width: 1024px) 100vw, 1024px\" \/><figcaption class=\"wp-element-caption\">Tajana Mattia (GAB Bellinzona) at the Citius-Meeting on 16. August, 2025,  Wankdorfstadion in Bern<\/figcaption><\/figure>\n\n<figure class=\"wp-block-image size-large\"><img loading=\"lazy\" decoding=\"async\" width=\"1024\" height=\"682\" data-id=\"14697\" src=\"https:\/\/gab-bellinzona.ch\/online\/wp-content\/uploads\/2025\/08\/20250816_Citius-Meeting_Bern_274RB-dimensioni-grandi-1024x682.jpeg\" alt=\"\" class=\"wp-image-14697\" srcset=\"https:\/\/gab-bellinzona.ch\/online\/wp-content\/uploads\/2025\/08\/20250816_Citius-Meeting_Bern_274RB-dimensioni-grandi-1024x682.jpeg 1024w, https:\/\/gab-bellinzona.ch\/online\/wp-content\/uploads\/2025\/08\/20250816_Citius-Meeting_Bern_274RB-dimensioni-grandi-300x200.jpeg 300w, https:\/\/gab-bellinzona.ch\/online\/wp-content\/uploads\/2025\/08\/20250816_Citius-Meeting_Bern_274RB-dimensioni-grandi-768x512.jpeg 768w, https:\/\/gab-bellinzona.ch\/online\/wp-content\/uploads\/2025\/08\/20250816_Citius-Meeting_Bern_274RB-dimensioni-grandi-630x420.jpeg 630w, https:\/\/gab-bellinzona.ch\/online\/wp-content\/uploads\/2025\/08\/20250816_Citius-Meeting_Bern_274RB-dimensioni-grandi-150x100.jpeg 150w, https:\/\/gab-bellinzona.ch\/online\/wp-content\/uploads\/2025\/08\/20250816_Citius-Meeting_Bern_274RB-dimensioni-grandi-696x464.jpeg 696w, https:\/\/gab-bellinzona.ch\/online\/wp-content\/uploads\/2025\/08\/20250816_Citius-Meeting_Bern_274RB-dimensioni-grandi-1068x712.jpeg 1068w, https:\/\/gab-bellinzona.ch\/online\/wp-content\/uploads\/2025\/08\/20250816_Citius-Meeting_Bern_274RB-dimensioni-grandi-600x400.jpeg 600w, https:\/\/gab-bellinzona.ch\/online\/wp-content\/uploads\/2025\/08\/20250816_Citius-Meeting_Bern_274RB-dimensioni-grandi.jpeg 1280w\" sizes=\"auto, (max-width: 1024px) 100vw, 1024px\" \/><figcaption class=\"wp-element-caption\">Fumagalli Nicola (GAB Bellinzona) at the Citius-Meeting on 16. August, 2025,  Wankdorfstadion in Bern<\/figcaption><\/figure>\n\n<figure class=\"wp-block-image size-large\"><img loading=\"lazy\" decoding=\"async\" width=\"1024\" height=\"682\" data-id=\"14698\" src=\"https:\/\/gab-bellinzona.ch\/online\/wp-content\/uploads\/2025\/08\/20250816_Citius-Meeting_Bern_306RB-dimensioni-grandi-1024x682.jpeg\" alt=\"\" class=\"wp-image-14698\" srcset=\"https:\/\/gab-bellinzona.ch\/online\/wp-content\/uploads\/2025\/08\/20250816_Citius-Meeting_Bern_306RB-dimensioni-grandi-1024x682.jpeg 1024w, https:\/\/gab-bellinzona.ch\/online\/wp-content\/uploads\/2025\/08\/20250816_Citius-Meeting_Bern_306RB-dimensioni-grandi-300x200.jpeg 300w, https:\/\/gab-bellinzona.ch\/online\/wp-content\/uploads\/2025\/08\/20250816_Citius-Meeting_Bern_306RB-dimensioni-grandi-768x512.jpeg 768w, https:\/\/gab-bellinzona.ch\/online\/wp-content\/uploads\/2025\/08\/20250816_Citius-Meeting_Bern_306RB-dimensioni-grandi-630x420.jpeg 630w, https:\/\/gab-bellinzona.ch\/online\/wp-content\/uploads\/2025\/08\/20250816_Citius-Meeting_Bern_306RB-dimensioni-grandi-150x100.jpeg 150w, https:\/\/gab-bellinzona.ch\/online\/wp-content\/uploads\/2025\/08\/20250816_Citius-Meeting_Bern_306RB-dimensioni-grandi-696x464.jpeg 696w, https:\/\/gab-bellinzona.ch\/online\/wp-content\/uploads\/2025\/08\/20250816_Citius-Meeting_Bern_306RB-dimensioni-grandi-1068x712.jpeg 1068w, https:\/\/gab-bellinzona.ch\/online\/wp-content\/uploads\/2025\/08\/20250816_Citius-Meeting_Bern_306RB-dimensioni-grandi-600x400.jpeg 600w, https:\/\/gab-bellinzona.ch\/online\/wp-content\/uploads\/2025\/08\/20250816_Citius-Meeting_Bern_306RB-dimensioni-grandi.jpeg 1280w\" sizes=\"auto, (max-width: 1024px) 100vw, 1024px\" \/><figcaption class=\"wp-element-caption\">De Marco Gioele (GAB Bellinzona) at the Citius-Meeting on 16. August, 2025,  Wankdorfstadion in Bern<\/figcaption><\/figure>\n\n<figure class=\"wp-block-image size-large\"><img loading=\"lazy\" decoding=\"async\" width=\"1024\" height=\"682\" data-id=\"14696\" src=\"https:\/\/gab-bellinzona.ch\/online\/wp-content\/uploads\/2025\/08\/20250816_Citius-Meeting_Bern_318RB-dimensioni-grandi-1024x682.jpeg\" alt=\"\" class=\"wp-image-14696\" srcset=\"https:\/\/gab-bellinzona.ch\/online\/wp-content\/uploads\/2025\/08\/20250816_Citius-Meeting_Bern_318RB-dimensioni-grandi-1024x682.jpeg 1024w, https:\/\/gab-bellinzona.ch\/online\/wp-content\/uploads\/2025\/08\/20250816_Citius-Meeting_Bern_318RB-dimensioni-grandi-300x200.jpeg 300w, https:\/\/gab-bellinzona.ch\/online\/wp-content\/uploads\/2025\/08\/20250816_Citius-Meeting_Bern_318RB-dimensioni-grandi-768x512.jpeg 768w, https:\/\/gab-bellinzona.ch\/online\/wp-content\/uploads\/2025\/08\/20250816_Citius-Meeting_Bern_318RB-dimensioni-grandi-630x420.jpeg 630w, https:\/\/gab-bellinzona.ch\/online\/wp-content\/uploads\/2025\/08\/20250816_Citius-Meeting_Bern_318RB-dimensioni-grandi-150x100.jpeg 150w, https:\/\/gab-bellinzona.ch\/online\/wp-content\/uploads\/2025\/08\/20250816_Citius-Meeting_Bern_318RB-dimensioni-grandi-696x464.jpeg 696w, https:\/\/gab-bellinzona.ch\/online\/wp-content\/uploads\/2025\/08\/20250816_Citius-Meeting_Bern_318RB-dimensioni-grandi-1068x712.jpeg 1068w, https:\/\/gab-bellinzona.ch\/online\/wp-content\/uploads\/2025\/08\/20250816_Citius-Meeting_Bern_318RB-dimensioni-grandi-600x400.jpeg 600w, https:\/\/gab-bellinzona.ch\/online\/wp-content\/uploads\/2025\/08\/20250816_Citius-Meeting_Bern_318RB-dimensioni-grandi.jpeg 1280w\" sizes=\"auto, (max-width: 1024px) 100vw, 1024px\" \/><figcaption class=\"wp-element-caption\">Gentilini Siro (GAB Bellinzona) at the Citius-Meeting on 16. August, 2025,  Wankdorfstadion in Bern<\/figcaption><\/figure>\n\n<figure class=\"wp-block-image size-large\"><img loading=\"lazy\" decoding=\"async\" width=\"1024\" height=\"682\" data-id=\"14700\" src=\"https:\/\/gab-bellinzona.ch\/online\/wp-content\/uploads\/2025\/08\/PAL-BERN-20250816-132-dimensioni-grandi-1024x682.jpeg\" alt=\"\" class=\"wp-image-14700\" srcset=\"https:\/\/gab-bellinzona.ch\/online\/wp-content\/uploads\/2025\/08\/PAL-BERN-20250816-132-dimensioni-grandi-1024x682.jpeg 1024w, https:\/\/gab-bellinzona.ch\/online\/wp-content\/uploads\/2025\/08\/PAL-BERN-20250816-132-dimensioni-grandi-300x200.jpeg 300w, https:\/\/gab-bellinzona.ch\/online\/wp-content\/uploads\/2025\/08\/PAL-BERN-20250816-132-dimensioni-grandi-768x512.jpeg 768w, https:\/\/gab-bellinzona.ch\/online\/wp-content\/uploads\/2025\/08\/PAL-BERN-20250816-132-dimensioni-grandi-630x420.jpeg 630w, https:\/\/gab-bellinzona.ch\/online\/wp-content\/uploads\/2025\/08\/PAL-BERN-20250816-132-dimensioni-grandi-150x100.jpeg 150w, https:\/\/gab-bellinzona.ch\/online\/wp-content\/uploads\/2025\/08\/PAL-BERN-20250816-132-dimensioni-grandi-696x464.jpeg 696w, https:\/\/gab-bellinzona.ch\/online\/wp-content\/uploads\/2025\/08\/PAL-BERN-20250816-132-dimensioni-grandi-1068x712.jpeg 1068w, https:\/\/gab-bellinzona.ch\/online\/wp-content\/uploads\/2025\/08\/PAL-BERN-20250816-132-dimensioni-grandi-600x400.jpeg 600w, https:\/\/gab-bellinzona.ch\/online\/wp-content\/uploads\/2025\/08\/PAL-BERN-20250816-132-dimensioni-grandi.jpeg 1280w\" sizes=\"auto, (max-width: 1024px) 100vw, 1024px\" \/><figcaption class=\"wp-element-caption\">Noah Greisser (TV L\u00e4nggasse Bern) et Enea Ratti (GAB Bellinzona) lors du 1500m du CITIUS Meeting \u00e0 Berne le samedi 16 ao\u00fbt 2025. (ATHLETIX.CH\/Pierre-Adrien Lagrange)<\/figcaption><\/figure>\n\n<figure class=\"wp-block-image size-large\"><img loading=\"lazy\" decoding=\"async\" width=\"1024\" height=\"682\" data-id=\"14701\" src=\"https:\/\/gab-bellinzona.ch\/online\/wp-content\/uploads\/2025\/08\/PAL-BERN-20250816-136-dimensioni-grandi-1024x682.jpeg\" alt=\"\" class=\"wp-image-14701\" srcset=\"https:\/\/gab-bellinzona.ch\/online\/wp-content\/uploads\/2025\/08\/PAL-BERN-20250816-136-dimensioni-grandi-1024x682.jpeg 1024w, https:\/\/gab-bellinzona.ch\/online\/wp-content\/uploads\/2025\/08\/PAL-BERN-20250816-136-dimensioni-grandi-300x200.jpeg 300w, https:\/\/gab-bellinzona.ch\/online\/wp-content\/uploads\/2025\/08\/PAL-BERN-20250816-136-dimensioni-grandi-768x512.jpeg 768w, https:\/\/gab-bellinzona.ch\/online\/wp-content\/uploads\/2025\/08\/PAL-BERN-20250816-136-dimensioni-grandi-630x420.jpeg 630w, https:\/\/gab-bellinzona.ch\/online\/wp-content\/uploads\/2025\/08\/PAL-BERN-20250816-136-dimensioni-grandi-150x100.jpeg 150w, https:\/\/gab-bellinzona.ch\/online\/wp-content\/uploads\/2025\/08\/PAL-BERN-20250816-136-dimensioni-grandi-696x464.jpeg 696w, https:\/\/gab-bellinzona.ch\/online\/wp-content\/uploads\/2025\/08\/PAL-BERN-20250816-136-dimensioni-grandi-1068x712.jpeg 1068w, https:\/\/gab-bellinzona.ch\/online\/wp-content\/uploads\/2025\/08\/PAL-BERN-20250816-136-dimensioni-grandi-600x400.jpeg 600w, https:\/\/gab-bellinzona.ch\/online\/wp-content\/uploads\/2025\/08\/PAL-BERN-20250816-136-dimensioni-grandi.jpeg 1280w\" sizes=\"auto, (max-width: 1024px) 100vw, 1024px\" \/><figcaption class=\"wp-element-caption\">Noah Greisser (TV L\u00e4nggasse Bern), Enea Ratti (GAB Bellinzona), Loris Pellaz (LC Regensdorf) et Gioele De Marco (GAB Bellinzona) lors du 1500m du CITIUS Meeting \u00e0 Berne le samedi 16 ao\u00fbt 2025. (ATHLETIX.CH\/Pierre-Adrien Lagrange)<\/figcaption><\/figure>\n\n<figure class=\"wp-block-image size-large\"><img loading=\"lazy\" decoding=\"async\" width=\"1024\" height=\"683\" data-id=\"14702\" src=\"https:\/\/gab-bellinzona.ch\/online\/wp-content\/uploads\/2025\/08\/PAL-BERN-20250816-141-dimensioni-grandi-1024x683.jpeg\" alt=\"\" class=\"wp-image-14702\" srcset=\"https:\/\/gab-bellinzona.ch\/online\/wp-content\/uploads\/2025\/08\/PAL-BERN-20250816-141-dimensioni-grandi-1024x683.jpeg 1024w, https:\/\/gab-bellinzona.ch\/online\/wp-content\/uploads\/2025\/08\/PAL-BERN-20250816-141-dimensioni-grandi-300x200.jpeg 300w, https:\/\/gab-bellinzona.ch\/online\/wp-content\/uploads\/2025\/08\/PAL-BERN-20250816-141-dimensioni-grandi-768x512.jpeg 768w, https:\/\/gab-bellinzona.ch\/online\/wp-content\/uploads\/2025\/08\/PAL-BERN-20250816-141-dimensioni-grandi-630x420.jpeg 630w, https:\/\/gab-bellinzona.ch\/online\/wp-content\/uploads\/2025\/08\/PAL-BERN-20250816-141-dimensioni-grandi-150x100.jpeg 150w, https:\/\/gab-bellinzona.ch\/online\/wp-content\/uploads\/2025\/08\/PAL-BERN-20250816-141-dimensioni-grandi-696x464.jpeg 696w, https:\/\/gab-bellinzona.ch\/online\/wp-content\/uploads\/2025\/08\/PAL-BERN-20250816-141-dimensioni-grandi-1068x713.jpeg 1068w, https:\/\/gab-bellinzona.ch\/online\/wp-content\/uploads\/2025\/08\/PAL-BERN-20250816-141-dimensioni-grandi-600x400.jpeg 600w, https:\/\/gab-bellinzona.ch\/online\/wp-content\/uploads\/2025\/08\/PAL-BERN-20250816-141-dimensioni-grandi.jpeg 1280w\" sizes=\"auto, (max-width: 1024px) 100vw, 1024px\" \/><figcaption class=\"wp-element-caption\">Siro Gentilini (GAB Bellinzona) lors du 1500m du CITIUS Meeting \u00e0 Berne le samedi 16 ao\u00fbt 2025. (ATHLETIX.CH\/Pierre-Adrien Lagrange)<\/figcaption><\/figure><\/figure>","protected":false},"excerpt":{"rendered":"<p>Dopo un anno di pausa torna il CITIUS meeting: un programma internazionale con un pre-meeting di buon livello a scaldare i motori in vista dei Campionati svizzeri del prossimo weekend [&hellip;]<\/p>\n","protected":false},"author":2,"featured_media":14701,"comment_status":"closed","ping_status":"closed","sticky":false,"template":"","format":"standard","meta":{"footnotes":""},"categories":[1],"tags":[],"class_list":["post-14695","post","type-post","status-publish","format-standard","has-post-thumbnail","category-vuoto"],"_links":{"self":[{"href":"https:\/\/gab-bellinzona.ch\/online\/wp-json\/wp\/v2\/posts\/14695","targetHints":{"allow":["GET"]}}],"collection":[{"href":"https:\/\/gab-bellinzona.ch\/online\/wp-json\/wp\/v2\/posts"}],"about":[{"href":"https:\/\/gab-bellinzona.ch\/online\/wp-json\/wp\/v2\/types\/post"}],"author":[{"embeddable":true,"href":"https:\/\/gab-bellinzona.ch\/online\/wp-json\/wp\/v2\/users\/2"}],"replies":[{"embeddable":true,"href":"https:\/\/gab-bellinzona.ch\/online\/wp-json\/wp\/v2\/comments?post=14695"}],"version-history":[{"count":2,"href":"https:\/\/gab-bellinzona.ch\/online\/wp-json\/wp\/v2\/posts\/14695\/revisions"}],"predecessor-version":[{"id":14708,"href":"https:\/\/gab-bellinzona.ch\/online\/wp-json\/wp\/v2\/posts\/14695\/revisions\/14708"}],"wp:featuredmedia":[{"embeddable":true,"href":"https:\/\/gab-bellinzona.ch\/online\/wp-json\/wp\/v2\/media\/14701"}],"wp:attachment":[{"href":"https:\/\/gab-bellinzona.ch\/online\/wp-json\/wp\/v2\/media?parent=14695"}],"wp:term":[{"taxonomy":"category","embeddable":true,"href":"https:\/\/gab-bellinzona.ch\/online\/wp-json\/wp\/v2\/categories?post=14695"},{"taxonomy":"post_tag","embeddable":true,"href":"https:\/\/gab-bellinzona.ch\/online\/wp-json\/wp\/v2\/tags?post=14695"}],"curies":[{"name":"wp","href":"https:\/\/api.w.org\/{rel}","templated":true}]}}