{"id":14692,"date":"2025-08-16T09:05:37","date_gmt":"2025-08-16T07:05:37","guid":{"rendered":"https:\/\/gab-bellinzona.ch\/online\/?p=14692"},"modified":"2025-08-16T09:05:39","modified_gmt":"2025-08-16T07:05:39","slug":"risultati-abendmeeting-olten-fribourg-meeting-international","status":"publish","type":"post","link":"https:\/\/gab-bellinzona.ch\/online\/risultati-abendmeeting-olten-fribourg-meeting-international\/","title":{"rendered":"RISULTATI: Abendmeeting Olten + Fribourg Meeting International"},"content":{"rendered":"<p>\u00c8 un agosto caratterizzato da meeting oltre Gottardo: infatti sia marted\u00ec che mercoled\u00ec i nostri atleti sono stati impegnati a Olten e Friborgo. A Olten sono scesi in pedana i lanciatori con Alex, Martina e Nicole, mentre a Friborgo al nuovo meeting internazionale sono scesi in pista i mezzofondisti. Nella citt\u00e0 romana Filippo Balestra ha ottenuto il suo nuovo personale scendendo per la prima volta sotto la soglia del 1&#8217;54 con 1&#8217;53&#8243;45. Complimenti a tutti! Forza GAB<\/p><p><strong>Abendmeeting Olten &#8211; 12.08.2025\u00a0<\/strong><\/p><p>MASCHILE<\/p><p>Disco 2.00 kg (M)<\/p><figure class=\"wp-block-table\"><table class=\"has-fixed-layout\"><thead><tr><th>Rango<\/th><th>Risultato<\/th><th>Nome e Cognome<\/th><th>Info<\/th><\/tr><\/thead><tbody><tr><td>4f1<\/td><td>35.24&nbsp;<\/td><td>Alex Brechb\u00fchl (1975)<\/td><td><\/td><\/tr><\/tbody><\/table><\/figure><p>FEMMINILE<\/p><p>Disco 1.00 kg (W)<\/p><figure class=\"wp-block-table\"><table class=\"has-fixed-layout\"><thead><tr><th>Rango<\/th><th>Risultato<\/th><th>Nome e Cognome<\/th><th>Info<\/th><\/tr><\/thead><tbody><tr><td>4f1<\/td><td>32.45\u00a0<\/td><td>Nicole Brechb\u00fchl (2004)<\/td><td><\/td><\/tr><tr><td>8f1<\/td><td>24.31&nbsp;<\/td><td>Martina Mozzini (2009)<\/td><td><\/td><\/tr><\/tbody><\/table><\/figure><h1 class=\"wp-block-heading\"><\/h1><p class=\"has-text-align-center\"><a href=\"https:\/\/slv.laportal.net\/Competitions\/Details\/16867\">&lt;&lt;Risultati completi OLTEN>><\/a><\/p><p><strong>Fribourg International Meeting &#8211; 13.08.2025\u00a0<\/strong><\/p><p>MASCHILE<\/p><p>800 m (M)<\/p><figure class=\"wp-block-table\"><table class=\"has-fixed-layout\"><thead><tr><th>Rango<\/th><th>Risultato<\/th><th>Nome e Cognome<\/th><th>Info<\/th><\/tr><\/thead><tbody><tr><td>12r2<\/td><td>1:53.45&nbsp;<\/td><td>Filippo Balestra (2003)<\/td><td><strong>PB<\/strong><\/td><\/tr><\/tbody><\/table><\/figure><p>FEMMINILE<\/p><p>800 m (W)<\/p><figure class=\"wp-block-table\"><table class=\"has-fixed-layout\"><thead><tr><th>Rango<\/th><th>Risultato<\/th><th>Nome e Cognome<\/th><th>Info<\/th><\/tr><\/thead><tbody><tr><td>16r2<\/td><td>2:11.86&nbsp;<\/td><td>Aurora De Marco (2007)<\/td><td><\/td><\/tr><\/tbody><\/table><\/figure><p class=\"has-text-align-center\"><a href=\"https:\/\/slv.laportal.net\/Competitions\/Details\/17076\">&lt;&lt;Risultati completi FRIBORGO>><\/a><\/p>","protected":false},"excerpt":{"rendered":"<p>\u00c8 un agosto caratterizzato da meeting oltre Gottardo: infatti sia marted\u00ec che mercoled\u00ec i nostri atleti sono stati impegnati a Olten e Friborgo. A Olten sono scesi in pedana i [&hellip;]<\/p>\n","protected":false},"author":2,"featured_media":14693,"comment_status":"closed","ping_status":"closed","sticky":false,"template":"","format":"standard","meta":{"footnotes":""},"categories":[1],"tags":[],"class_list":["post-14692","post","type-post","status-publish","format-standard","has-post-thumbnail","category-vuoto"],"_links":{"self":[{"href":"https:\/\/gab-bellinzona.ch\/online\/wp-json\/wp\/v2\/posts\/14692","targetHints":{"allow":["GET"]}}],"collection":[{"href":"https:\/\/gab-bellinzona.ch\/online\/wp-json\/wp\/v2\/posts"}],"about":[{"href":"https:\/\/gab-bellinzona.ch\/online\/wp-json\/wp\/v2\/types\/post"}],"author":[{"embeddable":true,"href":"https:\/\/gab-bellinzona.ch\/online\/wp-json\/wp\/v2\/users\/2"}],"replies":[{"embeddable":true,"href":"https:\/\/gab-bellinzona.ch\/online\/wp-json\/wp\/v2\/comments?post=14692"}],"version-history":[{"count":1,"href":"https:\/\/gab-bellinzona.ch\/online\/wp-json\/wp\/v2\/posts\/14692\/revisions"}],"predecessor-version":[{"id":14694,"href":"https:\/\/gab-bellinzona.ch\/online\/wp-json\/wp\/v2\/posts\/14692\/revisions\/14694"}],"wp:featuredmedia":[{"embeddable":true,"href":"https:\/\/gab-bellinzona.ch\/online\/wp-json\/wp\/v2\/media\/14693"}],"wp:attachment":[{"href":"https:\/\/gab-bellinzona.ch\/online\/wp-json\/wp\/v2\/media?parent=14692"}],"wp:term":[{"taxonomy":"category","embeddable":true,"href":"https:\/\/gab-bellinzona.ch\/online\/wp-json\/wp\/v2\/categories?post=14692"},{"taxonomy":"post_tag","embeddable":true,"href":"https:\/\/gab-bellinzona.ch\/online\/wp-json\/wp\/v2\/tags?post=14692"}],"curies":[{"name":"wp","href":"https:\/\/api.w.org\/{rel}","templated":true}]}}