{"id":14664,"date":"2025-07-19T08:21:06","date_gmt":"2025-07-19T06:21:06","guid":{"rendered":"https:\/\/gab-bellinzona.ch\/online\/?p=14664"},"modified":"2025-07-19T08:21:08","modified_gmt":"2025-07-19T06:21:08","slug":"risultati-crl-meeting-rovellasca","status":"publish","type":"post","link":"https:\/\/gab-bellinzona.ch\/online\/risultati-crl-meeting-rovellasca\/","title":{"rendered":"RISULTATI: CRL meeting Rovellasca"},"content":{"rendered":"<p>Seconda uscita a Rovellasca per Alex Brechb\u00fchl, che mercoled\u00ec 16.07 si \u00e8 recato nella cittadina lombarda per competere nel lancio del disco. Disciplina dove ha scagliato l&#8217;attrezzo a 35.53m. Bravo Brech!<\/p><p><strong>Risultati GAB<\/strong><\/p><ul class=\"wp-block-list\"><li>Alex Brechb\u00fchl disco 35.53m<\/li><\/ul><p class=\"has-text-align-center\"><a href=\"https:\/\/www.fidal.it\/risultati\/2025\/REG40711\/Risultati\/Gara016.html\">&lt;&lt;RISULTATI COMPLETI>><\/a><\/p>","protected":false},"excerpt":{"rendered":"<p>Seconda uscita a Rovellasca per Alex Brechb\u00fchl, che mercoled\u00ec 16.07 si \u00e8 recato nella cittadina lombarda per competere nel lancio del disco. Disciplina dove ha scagliato l&#8217;attrezzo a 35.53m. Bravo [&hellip;]<\/p>\n","protected":false},"author":2,"featured_media":14562,"comment_status":"closed","ping_status":"closed","sticky":false,"template":"","format":"standard","meta":{"footnotes":""},"categories":[1],"tags":[],"class_list":["post-14664","post","type-post","status-publish","format-standard","has-post-thumbnail","category-vuoto"],"_links":{"self":[{"href":"https:\/\/gab-bellinzona.ch\/online\/wp-json\/wp\/v2\/posts\/14664","targetHints":{"allow":["GET"]}}],"collection":[{"href":"https:\/\/gab-bellinzona.ch\/online\/wp-json\/wp\/v2\/posts"}],"about":[{"href":"https:\/\/gab-bellinzona.ch\/online\/wp-json\/wp\/v2\/types\/post"}],"author":[{"embeddable":true,"href":"https:\/\/gab-bellinzona.ch\/online\/wp-json\/wp\/v2\/users\/2"}],"replies":[{"embeddable":true,"href":"https:\/\/gab-bellinzona.ch\/online\/wp-json\/wp\/v2\/comments?post=14664"}],"version-history":[{"count":1,"href":"https:\/\/gab-bellinzona.ch\/online\/wp-json\/wp\/v2\/posts\/14664\/revisions"}],"predecessor-version":[{"id":14665,"href":"https:\/\/gab-bellinzona.ch\/online\/wp-json\/wp\/v2\/posts\/14664\/revisions\/14665"}],"wp:featuredmedia":[{"embeddable":true,"href":"https:\/\/gab-bellinzona.ch\/online\/wp-json\/wp\/v2\/media\/14562"}],"wp:attachment":[{"href":"https:\/\/gab-bellinzona.ch\/online\/wp-json\/wp\/v2\/media?parent=14664"}],"wp:term":[{"taxonomy":"category","embeddable":true,"href":"https:\/\/gab-bellinzona.ch\/online\/wp-json\/wp\/v2\/categories?post=14664"},{"taxonomy":"post_tag","embeddable":true,"href":"https:\/\/gab-bellinzona.ch\/online\/wp-json\/wp\/v2\/tags?post=14664"}],"curies":[{"name":"wp","href":"https:\/\/api.w.org\/{rel}","templated":true}]}}