{"id":14284,"date":"2025-03-24T11:01:53","date_gmt":"2025-03-24T09:01:53","guid":{"rendered":"https:\/\/gab-bellinzona.ch\/online\/?p=14284"},"modified":"2025-03-24T11:29:58","modified_gmt":"2025-03-24T09:29:58","slug":"selezione-ticino-cross-cortenova-it","status":"publish","type":"post","link":"https:\/\/gab-bellinzona.ch\/online\/selezione-ticino-cross-cortenova-it\/","title":{"rendered":"Selezione Ticino Cross &#8211; Cortenova (IT)"},"content":{"rendered":"<p>Come da tradizione l\u2019ultima uscita di corsa campestre della stagione si \u00e8 svolta a Cortenova. Nella localit\u00e0 lecchese \u00e8 andato in scena il cross di Cortenova, gara riservata alle rappresentative. Per rappresentare il Ticino, la responsabile Jeannette Bragagnolo ha selezionato tre atleti: Giacomo, Riccardo e Pietro. I tre gabbini hanno portato a casa buoni risultati, con due top 10 e una top 20. Ricordiamo che la concorrenza al cross di cortenova \u00e8 altissima, vi sono infatti i miglior talenti del nord Italia e pi\u00f9 di 60 atleti al via per categoria. Con i loro ottimi risultati hanno contribuito al decimo posto finale della Selezione Ticino. BRAVI!<\/p><p><strong>Risultati GAB<\/strong><\/p><ul class=\"wp-block-list\"><li><strong>Giacomo Turrini<\/strong> ragazzi 2012 -&gt; 48\u00b0 posto<\/li>\n\n<li><strong>Riccardo Telesca<\/strong>&nbsp;Cadette 2011 -&gt; 46\u00b0 posto<\/li>\n\n<li><strong>Pietro Rando<\/strong>&nbsp;Cadetti 2010-&gt; 56\u00b0 posto<\/li><\/ul><p class=\"has-text-align-center\"><a href=\"https:\/\/www.fidal.it\/risultati\/2025\/REG38226\/RisTIC.htm\">&lt;&lt;RISULTATI COMPLETI&gt;&gt;<\/a><\/p><figure class=\"wp-block-gallery has-nested-images columns-default is-cropped wp-block-gallery-1 is-layout-flex wp-block-gallery-is-layout-flex\"><figure class=\"wp-block-image size-large\"><img loading=\"lazy\" decoding=\"async\" width=\"1024\" height=\"682\" data-id=\"14291\" src=\"https:\/\/gab-bellinzona.ch\/online\/wp-content\/uploads\/2025\/03\/54406676061_c3357d3737_o-1-1024x682.jpg\" alt=\"\" class=\"wp-image-14291\" srcset=\"https:\/\/gab-bellinzona.ch\/online\/wp-content\/uploads\/2025\/03\/54406676061_c3357d3737_o-1-1024x682.jpg 1024w, https:\/\/gab-bellinzona.ch\/online\/wp-content\/uploads\/2025\/03\/54406676061_c3357d3737_o-1-300x200.jpg 300w, https:\/\/gab-bellinzona.ch\/online\/wp-content\/uploads\/2025\/03\/54406676061_c3357d3737_o-1-768x512.jpg 768w, https:\/\/gab-bellinzona.ch\/online\/wp-content\/uploads\/2025\/03\/54406676061_c3357d3737_o-1-1536x1024.jpg 1536w, https:\/\/gab-bellinzona.ch\/online\/wp-content\/uploads\/2025\/03\/54406676061_c3357d3737_o-1-630x420.jpg 630w, https:\/\/gab-bellinzona.ch\/online\/wp-content\/uploads\/2025\/03\/54406676061_c3357d3737_o-1-150x100.jpg 150w, https:\/\/gab-bellinzona.ch\/online\/wp-content\/uploads\/2025\/03\/54406676061_c3357d3737_o-1-696x464.jpg 696w, https:\/\/gab-bellinzona.ch\/online\/wp-content\/uploads\/2025\/03\/54406676061_c3357d3737_o-1-1068x712.jpg 1068w, https:\/\/gab-bellinzona.ch\/online\/wp-content\/uploads\/2025\/03\/54406676061_c3357d3737_o-1-1920x1280.jpg 1920w, https:\/\/gab-bellinzona.ch\/online\/wp-content\/uploads\/2025\/03\/54406676061_c3357d3737_o-1-600x400.jpg 600w, https:\/\/gab-bellinzona.ch\/online\/wp-content\/uploads\/2025\/03\/54406676061_c3357d3737_o-1.jpg 2000w\" sizes=\"auto, (max-width: 1024px) 100vw, 1024px\" \/><\/figure>\n\n<figure class=\"wp-block-image size-large\"><img loading=\"lazy\" decoding=\"async\" width=\"1024\" height=\"682\" data-id=\"14288\" src=\"https:\/\/gab-bellinzona.ch\/online\/wp-content\/uploads\/2025\/03\/54406869034_ce17ab4e6f_o-1024x682.jpg\" alt=\"\" class=\"wp-image-14288\" srcset=\"https:\/\/gab-bellinzona.ch\/online\/wp-content\/uploads\/2025\/03\/54406869034_ce17ab4e6f_o-1024x682.jpg 1024w, https:\/\/gab-bellinzona.ch\/online\/wp-content\/uploads\/2025\/03\/54406869034_ce17ab4e6f_o-300x200.jpg 300w, https:\/\/gab-bellinzona.ch\/online\/wp-content\/uploads\/2025\/03\/54406869034_ce17ab4e6f_o-768x512.jpg 768w, https:\/\/gab-bellinzona.ch\/online\/wp-content\/uploads\/2025\/03\/54406869034_ce17ab4e6f_o-1536x1024.jpg 1536w, https:\/\/gab-bellinzona.ch\/online\/wp-content\/uploads\/2025\/03\/54406869034_ce17ab4e6f_o-630x420.jpg 630w, https:\/\/gab-bellinzona.ch\/online\/wp-content\/uploads\/2025\/03\/54406869034_ce17ab4e6f_o-150x100.jpg 150w, https:\/\/gab-bellinzona.ch\/online\/wp-content\/uploads\/2025\/03\/54406869034_ce17ab4e6f_o-696x464.jpg 696w, https:\/\/gab-bellinzona.ch\/online\/wp-content\/uploads\/2025\/03\/54406869034_ce17ab4e6f_o-1068x712.jpg 1068w, https:\/\/gab-bellinzona.ch\/online\/wp-content\/uploads\/2025\/03\/54406869034_ce17ab4e6f_o-1920x1280.jpg 1920w, https:\/\/gab-bellinzona.ch\/online\/wp-content\/uploads\/2025\/03\/54406869034_ce17ab4e6f_o-600x400.jpg 600w, https:\/\/gab-bellinzona.ch\/online\/wp-content\/uploads\/2025\/03\/54406869034_ce17ab4e6f_o.jpg 2000w\" sizes=\"auto, (max-width: 1024px) 100vw, 1024px\" \/><\/figure>\n\n<figure class=\"wp-block-image size-large\"><img loading=\"lazy\" decoding=\"async\" width=\"1024\" height=\"682\" data-id=\"14292\" src=\"https:\/\/gab-bellinzona.ch\/online\/wp-content\/uploads\/2025\/03\/54406881034_55cff0de0b_o-1024x682.jpg\" alt=\"\" class=\"wp-image-14292\" srcset=\"https:\/\/gab-bellinzona.ch\/online\/wp-content\/uploads\/2025\/03\/54406881034_55cff0de0b_o-1024x682.jpg 1024w, https:\/\/gab-bellinzona.ch\/online\/wp-content\/uploads\/2025\/03\/54406881034_55cff0de0b_o-300x200.jpg 300w, https:\/\/gab-bellinzona.ch\/online\/wp-content\/uploads\/2025\/03\/54406881034_55cff0de0b_o-768x512.jpg 768w, https:\/\/gab-bellinzona.ch\/online\/wp-content\/uploads\/2025\/03\/54406881034_55cff0de0b_o-1536x1024.jpg 1536w, https:\/\/gab-bellinzona.ch\/online\/wp-content\/uploads\/2025\/03\/54406881034_55cff0de0b_o-630x420.jpg 630w, https:\/\/gab-bellinzona.ch\/online\/wp-content\/uploads\/2025\/03\/54406881034_55cff0de0b_o-150x100.jpg 150w, https:\/\/gab-bellinzona.ch\/online\/wp-content\/uploads\/2025\/03\/54406881034_55cff0de0b_o-696x464.jpg 696w, https:\/\/gab-bellinzona.ch\/online\/wp-content\/uploads\/2025\/03\/54406881034_55cff0de0b_o-1068x712.jpg 1068w, https:\/\/gab-bellinzona.ch\/online\/wp-content\/uploads\/2025\/03\/54406881034_55cff0de0b_o-1920x1280.jpg 1920w, https:\/\/gab-bellinzona.ch\/online\/wp-content\/uploads\/2025\/03\/54406881034_55cff0de0b_o-600x400.jpg 600w, https:\/\/gab-bellinzona.ch\/online\/wp-content\/uploads\/2025\/03\/54406881034_55cff0de0b_o.jpg 2000w\" sizes=\"auto, (max-width: 1024px) 100vw, 1024px\" \/><\/figure>\n\n<figure class=\"wp-block-image size-large\"><img loading=\"lazy\" decoding=\"async\" width=\"1024\" height=\"682\" data-id=\"14289\" src=\"https:\/\/gab-bellinzona.ch\/online\/wp-content\/uploads\/2025\/03\/54406928478_cd8a1f139f_o-1024x682.jpg\" alt=\"\" class=\"wp-image-14289\" srcset=\"https:\/\/gab-bellinzona.ch\/online\/wp-content\/uploads\/2025\/03\/54406928478_cd8a1f139f_o-1024x682.jpg 1024w, https:\/\/gab-bellinzona.ch\/online\/wp-content\/uploads\/2025\/03\/54406928478_cd8a1f139f_o-300x200.jpg 300w, https:\/\/gab-bellinzona.ch\/online\/wp-content\/uploads\/2025\/03\/54406928478_cd8a1f139f_o-768x512.jpg 768w, https:\/\/gab-bellinzona.ch\/online\/wp-content\/uploads\/2025\/03\/54406928478_cd8a1f139f_o-1536x1024.jpg 1536w, https:\/\/gab-bellinzona.ch\/online\/wp-content\/uploads\/2025\/03\/54406928478_cd8a1f139f_o-630x420.jpg 630w, https:\/\/gab-bellinzona.ch\/online\/wp-content\/uploads\/2025\/03\/54406928478_cd8a1f139f_o-150x100.jpg 150w, https:\/\/gab-bellinzona.ch\/online\/wp-content\/uploads\/2025\/03\/54406928478_cd8a1f139f_o-696x464.jpg 696w, https:\/\/gab-bellinzona.ch\/online\/wp-content\/uploads\/2025\/03\/54406928478_cd8a1f139f_o-1068x712.jpg 1068w, https:\/\/gab-bellinzona.ch\/online\/wp-content\/uploads\/2025\/03\/54406928478_cd8a1f139f_o-1920x1280.jpg 1920w, https:\/\/gab-bellinzona.ch\/online\/wp-content\/uploads\/2025\/03\/54406928478_cd8a1f139f_o-600x400.jpg 600w, https:\/\/gab-bellinzona.ch\/online\/wp-content\/uploads\/2025\/03\/54406928478_cd8a1f139f_o.jpg 2000w\" sizes=\"auto, (max-width: 1024px) 100vw, 1024px\" \/><\/figure>\n\n<figure class=\"wp-block-image size-large\"><img loading=\"lazy\" decoding=\"async\" width=\"1024\" height=\"682\" data-id=\"14290\" src=\"https:\/\/gab-bellinzona.ch\/online\/wp-content\/uploads\/2025\/03\/54407100255_71d272588a_o-1024x682.jpg\" alt=\"\" class=\"wp-image-14290\" srcset=\"https:\/\/gab-bellinzona.ch\/online\/wp-content\/uploads\/2025\/03\/54407100255_71d272588a_o-1024x682.jpg 1024w, https:\/\/gab-bellinzona.ch\/online\/wp-content\/uploads\/2025\/03\/54407100255_71d272588a_o-300x200.jpg 300w, https:\/\/gab-bellinzona.ch\/online\/wp-content\/uploads\/2025\/03\/54407100255_71d272588a_o-768x512.jpg 768w, https:\/\/gab-bellinzona.ch\/online\/wp-content\/uploads\/2025\/03\/54407100255_71d272588a_o-1536x1024.jpg 1536w, https:\/\/gab-bellinzona.ch\/online\/wp-content\/uploads\/2025\/03\/54407100255_71d272588a_o-630x420.jpg 630w, https:\/\/gab-bellinzona.ch\/online\/wp-content\/uploads\/2025\/03\/54407100255_71d272588a_o-150x100.jpg 150w, https:\/\/gab-bellinzona.ch\/online\/wp-content\/uploads\/2025\/03\/54407100255_71d272588a_o-696x464.jpg 696w, https:\/\/gab-bellinzona.ch\/online\/wp-content\/uploads\/2025\/03\/54407100255_71d272588a_o-1068x712.jpg 1068w, https:\/\/gab-bellinzona.ch\/online\/wp-content\/uploads\/2025\/03\/54407100255_71d272588a_o-1920x1280.jpg 1920w, https:\/\/gab-bellinzona.ch\/online\/wp-content\/uploads\/2025\/03\/54407100255_71d272588a_o-600x400.jpg 600w, https:\/\/gab-bellinzona.ch\/online\/wp-content\/uploads\/2025\/03\/54407100255_71d272588a_o.jpg 2000w\" sizes=\"auto, (max-width: 1024px) 100vw, 1024px\" \/><\/figure><\/figure>","protected":false},"excerpt":{"rendered":"<p>Come da tradizione l\u2019ultima uscita di corsa campestre della stagione si \u00e8 svolta a Cortenova. Nella localit\u00e0 lecchese \u00e8 andato in scena il cross di Cortenova, gara riservata alle rappresentative. [&hellip;]<\/p>\n","protected":false},"author":2,"featured_media":14285,"comment_status":"closed","ping_status":"closed","sticky":false,"template":"","format":"standard","meta":{"footnotes":""},"categories":[1],"tags":[],"class_list":["post-14284","post","type-post","status-publish","format-standard","has-post-thumbnail","category-vuoto"],"_links":{"self":[{"href":"https:\/\/gab-bellinzona.ch\/online\/wp-json\/wp\/v2\/posts\/14284","targetHints":{"allow":["GET"]}}],"collection":[{"href":"https:\/\/gab-bellinzona.ch\/online\/wp-json\/wp\/v2\/posts"}],"about":[{"href":"https:\/\/gab-bellinzona.ch\/online\/wp-json\/wp\/v2\/types\/post"}],"author":[{"embeddable":true,"href":"https:\/\/gab-bellinzona.ch\/online\/wp-json\/wp\/v2\/users\/2"}],"replies":[{"embeddable":true,"href":"https:\/\/gab-bellinzona.ch\/online\/wp-json\/wp\/v2\/comments?post=14284"}],"version-history":[{"count":2,"href":"https:\/\/gab-bellinzona.ch\/online\/wp-json\/wp\/v2\/posts\/14284\/revisions"}],"predecessor-version":[{"id":14293,"href":"https:\/\/gab-bellinzona.ch\/online\/wp-json\/wp\/v2\/posts\/14284\/revisions\/14293"}],"wp:featuredmedia":[{"embeddable":true,"href":"https:\/\/gab-bellinzona.ch\/online\/wp-json\/wp\/v2\/media\/14285"}],"wp:attachment":[{"href":"https:\/\/gab-bellinzona.ch\/online\/wp-json\/wp\/v2\/media?parent=14284"}],"wp:term":[{"taxonomy":"category","embeddable":true,"href":"https:\/\/gab-bellinzona.ch\/online\/wp-json\/wp\/v2\/categories?post=14284"},{"taxonomy":"post_tag","embeddable":true,"href":"https:\/\/gab-bellinzona.ch\/online\/wp-json\/wp\/v2\/tags?post=14284"}],"curies":[{"name":"wp","href":"https:\/\/api.w.org\/{rel}","templated":true}]}}