{"id":14090,"date":"2024-12-02T11:18:47","date_gmt":"2024-12-02T09:18:47","guid":{"rendered":"https:\/\/gab-bellinzona.ch\/online\/?p=14090"},"modified":"2024-12-02T11:24:36","modified_gmt":"2024-12-02T09:24:36","slug":"assemblea-ordinaria-del-30-11-2024-cambiamenti-in-comitato","status":"publish","type":"post","link":"https:\/\/gab-bellinzona.ch\/online\/assemblea-ordinaria-del-30-11-2024-cambiamenti-in-comitato\/","title":{"rendered":"ASSEMBLEA ORDINARIA DEL 30.11.2024: CAMBIAMENTI IN COMITATO"},"content":{"rendered":"<p>Si \u00e8 svolta sabato 30 novembre 2020 l&#8217;assemblea generale ordinaria del Gruppo Atletico Bellinzona. <\/p><p>Dopo il saluto della presidente Laura Mudry Mangiaratti e la verifica del quorum, si \u00e8 passati alla nomina del presidente del giorno (Bruno Guidotti \u00e8 stato accettato con unanimit\u00e0). A far le veci di scrutinatore ci hanno pensato Mattia Sansossio e Victor Favarel. Passata anche l&#8217;approvazione del verbale del 2023, \u00e8 stata la volta della relazione della presidente, che passo dopo passo ha elencato i punti salienti della stagione e fatto i dovuti ringraziamenti. I successi atletici sono poi stati il tema della relazione del commissario tecnico Enrico Cariboni, seguita poi da quella del cassiere. Simone Nolli, ha mostrato la perdita d&#8217;esercizio ottenuta nell&#8217;anno contabile e ha spiegato quali sono state le problematiche che hanno portato a questa perdita. L&#8217;assemblea, su invito dei revisori, ha poi accettato i conti. \u00c8 poi arrivato il momento degli &#8220;addii&#8221;, ben due membri hanno infatti lasciato il comitato: Paola Stampanoni (membro) e Simone Nolli (resp. finanze). La presidente, a nome di tutta la societ\u00e0, a provveduto a ringraziare entrambi per l&#8217;ottimo lavoro svolto nei loro mandati. Si \u00e8 cos\u00ec dovuto nominare il nuovo comitato (rinnovo ogni due anni). A prendere il posto di Paola e Simone, ci penseranno Lara Kronauer (finanze) e il Mattia Fumagalli (organizzazione meeting). Quest&#8217;ultimo sostituir\u00e0 Mirco Moser, che passer\u00e0 al ruolo di segretario. Cambiamenti anche tra i revisori, Zuleika Bionda, dopo diversi anni servizio, per i quali la ringraziamo, lasceranno il posto all&#8217;uscente Ananchai Rodoni e alla new entry Alice Cavadini.<\/p><p>I circa 90 presenti all&#8217;assemblea si sono poi recati all&#8217;Hotel Unione per la tradizionale cena sociale, dove hanno potuto apprezzare l&#8217;impeccabile servizio della Famiglia Berini e del suo staff. <a href=\"https:\/\/drive.google.com\/drive\/folders\/1Ik_iBXs5c7_y1K6qTGae6D_KE4ylE0Xh?usp=share_link\">-> FOTO CENA SOCIALE<\/a><\/p><p><strong>Cambiamenti del comitato GAB:<\/strong><\/p><figure class=\"wp-block-table\"><table class=\"has-fixed-layout\"><thead><tr><th>Comitato 2022-2024<\/th><th>Comitato 2024-2026<\/th><\/tr><\/thead><tbody><tr><td><em>Presidente<\/em>: Laura Mudry-Mangiaratti <\/td><td>Laura Mudry-Mangiaratti<\/td><\/tr><tr><td><em>Vice-presidente<\/em>: Mirko Tam\u00f2<\/td><td>Mirko Tam\u00f2<\/td><\/tr><tr><td><em>Segretaria<\/em>: Paola Stampanoni<\/td><td>Mirco Moser<\/td><\/tr><tr><td><em>Cassiere<\/em>: Simone Nolli<\/td><td>Lara Kronauer<\/td><\/tr><tr><td><em>CT:<\/em> Enrico Cariboni<\/td><td>Enrico Cariboni<\/td><\/tr><tr><td><em>Resp. Meeting:<\/em> Mirco Moser<\/td><td>Mattia Fumagalli<\/td><\/tr><tr><td><em>Resp. IT:<\/em> Nicola Riva<\/td><td>Nicola Riva<\/td><\/tr><tr><td><em>Membro:<\/em> Massimo Balestra<\/td><td>Massimo Balestra<\/td><\/tr><tr><td><em>Membro:<\/em> Roberto Simone<\/td><td>Roberto Simone<\/td><\/tr><\/tbody><\/table><\/figure><p><strong>Cambiamento revisori GAB:<\/strong><\/p><figure class=\"wp-block-table\"><table class=\"has-fixed-layout\"><thead><tr><th>Revisori <strong>2022-20<\/strong>24<\/th><th>Revisori <strong>2024-20<\/strong>26<\/th><\/tr><\/thead><tbody><tr><td>Zuleika Bionda<\/td><td>Ananchai Rodoni<\/td><\/tr><tr><td>Ananchai Rodoni<\/td><td>Alice Cavadini<\/td><\/tr><\/tbody><\/table><\/figure><figure class=\"wp-block-gallery has-nested-images columns-default is-cropped wp-block-gallery-1 is-layout-flex wp-block-gallery-is-layout-flex\"><figure class=\"wp-block-image size-large\"><img loading=\"lazy\" decoding=\"async\" width=\"1024\" height=\"830\" data-id=\"14092\" src=\"https:\/\/gab-bellinzona.ch\/online\/wp-content\/uploads\/2024\/12\/Foto-comitato-24-26-copia-1024x830.png\" alt=\"\" class=\"wp-image-14092\" srcset=\"https:\/\/gab-bellinzona.ch\/online\/wp-content\/uploads\/2024\/12\/Foto-comitato-24-26-copia-1024x830.png 1024w, https:\/\/gab-bellinzona.ch\/online\/wp-content\/uploads\/2024\/12\/Foto-comitato-24-26-copia-300x243.png 300w, https:\/\/gab-bellinzona.ch\/online\/wp-content\/uploads\/2024\/12\/Foto-comitato-24-26-copia-768x623.png 768w, https:\/\/gab-bellinzona.ch\/online\/wp-content\/uploads\/2024\/12\/Foto-comitato-24-26-copia-1536x1246.png 1536w, https:\/\/gab-bellinzona.ch\/online\/wp-content\/uploads\/2024\/12\/Foto-comitato-24-26-copia-2048x1661.png 2048w, https:\/\/gab-bellinzona.ch\/online\/wp-content\/uploads\/2024\/12\/Foto-comitato-24-26-copia-518x420.png 518w, https:\/\/gab-bellinzona.ch\/online\/wp-content\/uploads\/2024\/12\/Foto-comitato-24-26-copia-150x122.png 150w, https:\/\/gab-bellinzona.ch\/online\/wp-content\/uploads\/2024\/12\/Foto-comitato-24-26-copia-696x564.png 696w, https:\/\/gab-bellinzona.ch\/online\/wp-content\/uploads\/2024\/12\/Foto-comitato-24-26-copia-1068x866.png 1068w, https:\/\/gab-bellinzona.ch\/online\/wp-content\/uploads\/2024\/12\/Foto-comitato-24-26-copia-1920x1557.png 1920w, https:\/\/gab-bellinzona.ch\/online\/wp-content\/uploads\/2024\/12\/Foto-comitato-24-26-copia-600x487.png 600w\" sizes=\"auto, (max-width: 1024px) 100vw, 1024px\" \/><figcaption class=\"wp-element-caption\">Comitato GAB (Fumagalli, Moser, Mudry, Balestra, Kronauer, Cariboni, Tam\u00f2, Simone e Riva)<\/figcaption><\/figure><\/figure><figure class=\"wp-block-image size-large\"><img loading=\"lazy\" decoding=\"async\" width=\"723\" height=\"1024\" src=\"https:\/\/gab-bellinzona.ch\/online\/wp-content\/uploads\/2024\/12\/PremioGiorgio2024-723x1024.jpg\" alt=\"\" class=\"wp-image-14094\" srcset=\"https:\/\/gab-bellinzona.ch\/online\/wp-content\/uploads\/2024\/12\/PremioGiorgio2024-723x1024.jpg 723w, https:\/\/gab-bellinzona.ch\/online\/wp-content\/uploads\/2024\/12\/PremioGiorgio2024-212x300.jpg 212w, https:\/\/gab-bellinzona.ch\/online\/wp-content\/uploads\/2024\/12\/PremioGiorgio2024-768x1087.jpg 768w, https:\/\/gab-bellinzona.ch\/online\/wp-content\/uploads\/2024\/12\/PremioGiorgio2024-1085x1536.jpg 1085w, https:\/\/gab-bellinzona.ch\/online\/wp-content\/uploads\/2024\/12\/PremioGiorgio2024-1446x2048.jpg 1446w, https:\/\/gab-bellinzona.ch\/online\/wp-content\/uploads\/2024\/12\/PremioGiorgio2024-297x420.jpg 297w, https:\/\/gab-bellinzona.ch\/online\/wp-content\/uploads\/2024\/12\/PremioGiorgio2024-150x212.jpg 150w, https:\/\/gab-bellinzona.ch\/online\/wp-content\/uploads\/2024\/12\/PremioGiorgio2024-300x425.jpg 300w, https:\/\/gab-bellinzona.ch\/online\/wp-content\/uploads\/2024\/12\/PremioGiorgio2024-696x985.jpg 696w, https:\/\/gab-bellinzona.ch\/online\/wp-content\/uploads\/2024\/12\/PremioGiorgio2024-1068x1512.jpg 1068w, https:\/\/gab-bellinzona.ch\/online\/wp-content\/uploads\/2024\/12\/PremioGiorgio2024-600x850.jpg 600w, https:\/\/gab-bellinzona.ch\/online\/wp-content\/uploads\/2024\/12\/PremioGiorgio2024.jpg 1789w\" sizes=\"auto, (max-width: 723px) 100vw, 723px\" \/><figcaption class=\"wp-element-caption\">Leonardo Lafranchi, Premio Giorgio 2024, con Giorgio Meneghetti e il CT Enrico Cariboni<\/figcaption><\/figure>","protected":false},"excerpt":{"rendered":"<p>Si \u00e8 svolta sabato 30 novembre 2020 l&#8217;assemblea generale ordinaria del Gruppo Atletico Bellinzona. Dopo il saluto della presidente Laura Mudry Mangiaratti e la verifica del quorum, si \u00e8 passati [&hellip;]<\/p>\n","protected":false},"author":2,"featured_media":14092,"comment_status":"closed","ping_status":"closed","sticky":false,"template":"","format":"standard","meta":{"footnotes":""},"categories":[1],"tags":[],"class_list":["post-14090","post","type-post","status-publish","format-standard","has-post-thumbnail","category-vuoto"],"_links":{"self":[{"href":"https:\/\/gab-bellinzona.ch\/online\/wp-json\/wp\/v2\/posts\/14090","targetHints":{"allow":["GET"]}}],"collection":[{"href":"https:\/\/gab-bellinzona.ch\/online\/wp-json\/wp\/v2\/posts"}],"about":[{"href":"https:\/\/gab-bellinzona.ch\/online\/wp-json\/wp\/v2\/types\/post"}],"author":[{"embeddable":true,"href":"https:\/\/gab-bellinzona.ch\/online\/wp-json\/wp\/v2\/users\/2"}],"replies":[{"embeddable":true,"href":"https:\/\/gab-bellinzona.ch\/online\/wp-json\/wp\/v2\/comments?post=14090"}],"version-history":[{"count":3,"href":"https:\/\/gab-bellinzona.ch\/online\/wp-json\/wp\/v2\/posts\/14090\/revisions"}],"predecessor-version":[{"id":14095,"href":"https:\/\/gab-bellinzona.ch\/online\/wp-json\/wp\/v2\/posts\/14090\/revisions\/14095"}],"wp:featuredmedia":[{"embeddable":true,"href":"https:\/\/gab-bellinzona.ch\/online\/wp-json\/wp\/v2\/media\/14092"}],"wp:attachment":[{"href":"https:\/\/gab-bellinzona.ch\/online\/wp-json\/wp\/v2\/media?parent=14090"}],"wp:term":[{"taxonomy":"category","embeddable":true,"href":"https:\/\/gab-bellinzona.ch\/online\/wp-json\/wp\/v2\/categories?post=14090"},{"taxonomy":"post_tag","embeddable":true,"href":"https:\/\/gab-bellinzona.ch\/online\/wp-json\/wp\/v2\/tags?post=14090"}],"curies":[{"name":"wp","href":"https:\/\/api.w.org\/{rel}","templated":true}]}}