{"id":13876,"date":"2024-08-19T08:25:02","date_gmt":"2024-08-19T06:25:02","guid":{"rendered":"https:\/\/gab-bellinzona.ch\/online\/?p=13876"},"modified":"2024-08-19T08:25:03","modified_gmt":"2024-08-19T06:25:03","slug":"cs-u20-u23-argento-per-nicola-fumagalli","status":"publish","type":"post","link":"https:\/\/gab-bellinzona.ch\/online\/cs-u20-u23-argento-per-nicola-fumagalli\/","title":{"rendered":"CS U20-U23: Argento per Nicola Fumagalli"},"content":{"rendered":"<p>Un argento, una medaglia di legno e 5 finali. I Campionati svizzeri U20-U23 tenutisi a Langenthal hanno visto ancora una volta il GAB sul podio. Questa volta \u00e8 stato Nicola Fumagalli a riportare in Ticino un bel argento ottenuto nei 400mH U23, confermando cos\u00ec il bronzo ottenuto la passata stagione. <\/p><p>Complimenti a tutte le atlete e gli atleti in gara per le loro grandi prestazioni e un grazie di cuore agli allenatori del gruppo \u00c9lite: Monica Pellegrinelli, Massimo Balestra, Alex Brechb\u00fchl, Enrico Cariboni e Michele R\u00fcfenacht per i loro sforzi instancabili a bordo pista. GRAZIE, FORZA GAB!<\/p><p><strong>Risultati GAB<\/strong><\/p><ul class=\"wp-block-list\"><li>Carol Brechb\u00fchl 100m Q: 12&#8243;72 1\/2: 12&#8243;78<\/li>\n\n<li>Zoe Rossi U20 800m 2&#8217;24&#8243;94<\/li>\n\n<li>Federica Baldi U20 1500m Q: 5&#8217;06&#8243;77 F: 5&#8217;09&#8243;62 <strong>-> 12\u00b0 posto<\/strong><\/li>\n\n<li>Maeva Tahou U23 100mH 14&#8243;48<\/li>\n\n<li>Nicole Brechb\u00fchl U23 disco 29.61m<\/li>\n\n<li>Gioele De Marco U20 800m Q: 1&#8217;56&#8243;77 F: 1&#8217;59&#8243;50 <strong>-> 7\u00b0 posto<\/strong><\/li>\n\n<li>Matteo De Biasio U20 110mH 99.1cm Q: 14&#8243;87 <strong>PB<\/strong> F: 15&#8243;02 <strong>-> 4\u00b0 posto<\/strong><\/li>\n\n<li>Filippo Balestra U23 800m Q: 1&#8217;57&#8243;36 F:2&#8217;01&#8243;14 <strong>-> 7\u00b0 posto<\/strong><\/li>\n\n<li>Nicola Fumagalli U20 400mH Q: 56&#8243;86 F: 55&#8243;23 <strong>-> 2\u00b0 posto &#8220;Vice-campione svizzero U23 400mh&#8221;<\/strong><\/li><\/ul><p class=\"has-text-align-center\"><a href=\"https:\/\/slv.laportal.net\/Content\/documents\/13872\/resultlist.pdf\">&lt;&lt;RISULTATI COMPLETI>><\/a><\/p><figure class=\"wp-block-image\"><img decoding=\"async\" src=\"blob:https:\/\/gab-bellinzona.ch\/4ebbcdbc-7e53-4694-8301-4d21c523e864\" alt=\"\"\/><\/figure><figure class=\"wp-block-gallery has-nested-images columns-default is-cropped wp-block-gallery-1 is-layout-flex wp-block-gallery-is-layout-flex\"><figure class=\"wp-block-image size-large\"><img loading=\"lazy\" decoding=\"async\" width=\"1024\" height=\"683\" data-id=\"13889\" src=\"https:\/\/gab-bellinzona.ch\/online\/wp-content\/uploads\/2024\/08\/SM_Langenthal-9625-Lackner-1-1024x683.jpg\" alt=\"\" class=\"wp-image-13889\" srcset=\"https:\/\/gab-bellinzona.ch\/online\/wp-content\/uploads\/2024\/08\/SM_Langenthal-9625-Lackner-1-1024x683.jpg 1024w, https:\/\/gab-bellinzona.ch\/online\/wp-content\/uploads\/2024\/08\/SM_Langenthal-9625-Lackner-1-300x200.jpg 300w, https:\/\/gab-bellinzona.ch\/online\/wp-content\/uploads\/2024\/08\/SM_Langenthal-9625-Lackner-1-768x512.jpg 768w, https:\/\/gab-bellinzona.ch\/online\/wp-content\/uploads\/2024\/08\/SM_Langenthal-9625-Lackner-1-1536x1024.jpg 1536w, https:\/\/gab-bellinzona.ch\/online\/wp-content\/uploads\/2024\/08\/SM_Langenthal-9625-Lackner-1-2048x1365.jpg 2048w, https:\/\/gab-bellinzona.ch\/online\/wp-content\/uploads\/2024\/08\/SM_Langenthal-9625-Lackner-1-630x420.jpg 630w, https:\/\/gab-bellinzona.ch\/online\/wp-content\/uploads\/2024\/08\/SM_Langenthal-9625-Lackner-1-150x100.jpg 150w, https:\/\/gab-bellinzona.ch\/online\/wp-content\/uploads\/2024\/08\/SM_Langenthal-9625-Lackner-1-696x464.jpg 696w, https:\/\/gab-bellinzona.ch\/online\/wp-content\/uploads\/2024\/08\/SM_Langenthal-9625-Lackner-1-1068x712.jpg 1068w, https:\/\/gab-bellinzona.ch\/online\/wp-content\/uploads\/2024\/08\/SM_Langenthal-9625-Lackner-1-1920x1280.jpg 1920w, https:\/\/gab-bellinzona.ch\/online\/wp-content\/uploads\/2024\/08\/SM_Langenthal-9625-Lackner-1-600x400.jpg 600w\" sizes=\"auto, (max-width: 1024px) 100vw, 1024px\" \/><figcaption class=\"wp-element-caption\">Matteo De Biasio (GAB Bellinzona) and C\u00e9dric Deillon (TV Teufen) and Simon K\u00f6gl (LC Z\u00fcrich) at the Schweizer Meisterschaften U20\/U23 in Langenthal, Stadion Hard, on Sunday, 18. August 2024<\/figcaption><\/figure><\/figure><figure class=\"wp-block-gallery has-nested-images columns-default is-cropped wp-block-gallery-2 is-layout-flex wp-block-gallery-is-layout-flex\"><figure class=\"wp-block-image size-large\"><img loading=\"lazy\" decoding=\"async\" width=\"1024\" height=\"683\" data-id=\"13881\" src=\"https:\/\/gab-bellinzona.ch\/online\/wp-content\/uploads\/2024\/08\/SM_Langenthal-5360-Lackner-1024x683.jpg\" alt=\"\" class=\"wp-image-13881\" srcset=\"https:\/\/gab-bellinzona.ch\/online\/wp-content\/uploads\/2024\/08\/SM_Langenthal-5360-Lackner-1024x683.jpg 1024w, https:\/\/gab-bellinzona.ch\/online\/wp-content\/uploads\/2024\/08\/SM_Langenthal-5360-Lackner-300x200.jpg 300w, https:\/\/gab-bellinzona.ch\/online\/wp-content\/uploads\/2024\/08\/SM_Langenthal-5360-Lackner-768x512.jpg 768w, https:\/\/gab-bellinzona.ch\/online\/wp-content\/uploads\/2024\/08\/SM_Langenthal-5360-Lackner-1536x1024.jpg 1536w, https:\/\/gab-bellinzona.ch\/online\/wp-content\/uploads\/2024\/08\/SM_Langenthal-5360-Lackner-600x400.jpg 600w\" sizes=\"auto, (max-width: 1024px) 100vw, 1024px\" \/><figcaption class=\"wp-element-caption\">Filippo Balestra (GAB Bellinzona) at the Schweizer Meisterschaften U20\/U23 in Langenthal, Stadion Hard, on Sunday, 18. August 2024<\/figcaption><\/figure>\n\n<figure class=\"wp-block-image size-large\"><img loading=\"lazy\" decoding=\"async\" width=\"1024\" height=\"683\" data-id=\"13886\" src=\"https:\/\/gab-bellinzona.ch\/online\/wp-content\/uploads\/2024\/08\/SM_Langenthal-6538-Lackner-1024x683.jpg\" alt=\"\" class=\"wp-image-13886\" srcset=\"https:\/\/gab-bellinzona.ch\/online\/wp-content\/uploads\/2024\/08\/SM_Langenthal-6538-Lackner-1024x683.jpg 1024w, https:\/\/gab-bellinzona.ch\/online\/wp-content\/uploads\/2024\/08\/SM_Langenthal-6538-Lackner-300x200.jpg 300w, https:\/\/gab-bellinzona.ch\/online\/wp-content\/uploads\/2024\/08\/SM_Langenthal-6538-Lackner-768x512.jpg 768w, https:\/\/gab-bellinzona.ch\/online\/wp-content\/uploads\/2024\/08\/SM_Langenthal-6538-Lackner-1536x1024.jpg 1536w, https:\/\/gab-bellinzona.ch\/online\/wp-content\/uploads\/2024\/08\/SM_Langenthal-6538-Lackner-2048x1365.jpg 2048w, https:\/\/gab-bellinzona.ch\/online\/wp-content\/uploads\/2024\/08\/SM_Langenthal-6538-Lackner-630x420.jpg 630w, https:\/\/gab-bellinzona.ch\/online\/wp-content\/uploads\/2024\/08\/SM_Langenthal-6538-Lackner-150x100.jpg 150w, https:\/\/gab-bellinzona.ch\/online\/wp-content\/uploads\/2024\/08\/SM_Langenthal-6538-Lackner-696x464.jpg 696w, https:\/\/gab-bellinzona.ch\/online\/wp-content\/uploads\/2024\/08\/SM_Langenthal-6538-Lackner-1068x712.jpg 1068w, https:\/\/gab-bellinzona.ch\/online\/wp-content\/uploads\/2024\/08\/SM_Langenthal-6538-Lackner-1920x1280.jpg 1920w, https:\/\/gab-bellinzona.ch\/online\/wp-content\/uploads\/2024\/08\/SM_Langenthal-6538-Lackner-600x400.jpg 600w\" sizes=\"auto, (max-width: 1024px) 100vw, 1024px\" \/><figcaption class=\"wp-element-caption\">Victor Favarel (GAB Bellinzona)  at the Schweizer Meisterschaften U20\/U23 in Langenthal, Stadion Hard, on Saturday, 17. August 2024<\/figcaption><\/figure>\n\n<figure class=\"wp-block-image size-large\"><img loading=\"lazy\" decoding=\"async\" width=\"1024\" height=\"683\" data-id=\"13882\" src=\"https:\/\/gab-bellinzona.ch\/online\/wp-content\/uploads\/2024\/08\/SM_Langenthal-7062-Lackner-1024x683.jpg\" alt=\"\" class=\"wp-image-13882\" srcset=\"https:\/\/gab-bellinzona.ch\/online\/wp-content\/uploads\/2024\/08\/SM_Langenthal-7062-Lackner-1024x683.jpg 1024w, https:\/\/gab-bellinzona.ch\/online\/wp-content\/uploads\/2024\/08\/SM_Langenthal-7062-Lackner-300x200.jpg 300w, https:\/\/gab-bellinzona.ch\/online\/wp-content\/uploads\/2024\/08\/SM_Langenthal-7062-Lackner-768x512.jpg 768w, https:\/\/gab-bellinzona.ch\/online\/wp-content\/uploads\/2024\/08\/SM_Langenthal-7062-Lackner-1536x1024.jpg 1536w, https:\/\/gab-bellinzona.ch\/online\/wp-content\/uploads\/2024\/08\/SM_Langenthal-7062-Lackner-2048x1365.jpg 2048w, https:\/\/gab-bellinzona.ch\/online\/wp-content\/uploads\/2024\/08\/SM_Langenthal-7062-Lackner-630x420.jpg 630w, https:\/\/gab-bellinzona.ch\/online\/wp-content\/uploads\/2024\/08\/SM_Langenthal-7062-Lackner-150x100.jpg 150w, https:\/\/gab-bellinzona.ch\/online\/wp-content\/uploads\/2024\/08\/SM_Langenthal-7062-Lackner-696x464.jpg 696w, https:\/\/gab-bellinzona.ch\/online\/wp-content\/uploads\/2024\/08\/SM_Langenthal-7062-Lackner-1068x712.jpg 1068w, https:\/\/gab-bellinzona.ch\/online\/wp-content\/uploads\/2024\/08\/SM_Langenthal-7062-Lackner-1920x1280.jpg 1920w, https:\/\/gab-bellinzona.ch\/online\/wp-content\/uploads\/2024\/08\/SM_Langenthal-7062-Lackner-600x400.jpg 600w\" sizes=\"auto, (max-width: 1024px) 100vw, 1024px\" \/><figcaption class=\"wp-element-caption\">Federica Baldi (GAB Bellinzona)  at the Schweizer Meisterschaften U20\/U23 in Langenthal, Stadion Hard, on Saturday, 17. August 2024<\/figcaption><\/figure>\n\n<figure class=\"wp-block-image size-large\"><img loading=\"lazy\" decoding=\"async\" width=\"1024\" height=\"683\" data-id=\"13883\" src=\"https:\/\/gab-bellinzona.ch\/online\/wp-content\/uploads\/2024\/08\/SM_Langenthal-9015-Lackner-1024x683.jpg\" alt=\"\" class=\"wp-image-13883\" srcset=\"https:\/\/gab-bellinzona.ch\/online\/wp-content\/uploads\/2024\/08\/SM_Langenthal-9015-Lackner-1024x683.jpg 1024w, https:\/\/gab-bellinzona.ch\/online\/wp-content\/uploads\/2024\/08\/SM_Langenthal-9015-Lackner-300x200.jpg 300w, https:\/\/gab-bellinzona.ch\/online\/wp-content\/uploads\/2024\/08\/SM_Langenthal-9015-Lackner-768x512.jpg 768w, https:\/\/gab-bellinzona.ch\/online\/wp-content\/uploads\/2024\/08\/SM_Langenthal-9015-Lackner-1536x1024.jpg 1536w, https:\/\/gab-bellinzona.ch\/online\/wp-content\/uploads\/2024\/08\/SM_Langenthal-9015-Lackner-2048x1365.jpg 2048w, https:\/\/gab-bellinzona.ch\/online\/wp-content\/uploads\/2024\/08\/SM_Langenthal-9015-Lackner-630x420.jpg 630w, https:\/\/gab-bellinzona.ch\/online\/wp-content\/uploads\/2024\/08\/SM_Langenthal-9015-Lackner-150x100.jpg 150w, https:\/\/gab-bellinzona.ch\/online\/wp-content\/uploads\/2024\/08\/SM_Langenthal-9015-Lackner-696x464.jpg 696w, https:\/\/gab-bellinzona.ch\/online\/wp-content\/uploads\/2024\/08\/SM_Langenthal-9015-Lackner-1068x712.jpg 1068w, https:\/\/gab-bellinzona.ch\/online\/wp-content\/uploads\/2024\/08\/SM_Langenthal-9015-Lackner-1920x1280.jpg 1920w, https:\/\/gab-bellinzona.ch\/online\/wp-content\/uploads\/2024\/08\/SM_Langenthal-9015-Lackner-600x400.jpg 600w\" sizes=\"auto, (max-width: 1024px) 100vw, 1024px\" \/><figcaption class=\"wp-element-caption\">Zoe Rossi (GAB Bellinzona) at the Schweizer Meisterschaften U20\/U23 in Langenthal, Stadion Hard, on Saturday, 17. August 2024<\/figcaption><\/figure>\n\n<figure class=\"wp-block-image size-large\"><img loading=\"lazy\" decoding=\"async\" width=\"1024\" height=\"683\" data-id=\"13884\" src=\"https:\/\/gab-bellinzona.ch\/online\/wp-content\/uploads\/2024\/08\/SM_Langenthal-9117-Lackner-1024x683.jpg\" alt=\"\" class=\"wp-image-13884\" srcset=\"https:\/\/gab-bellinzona.ch\/online\/wp-content\/uploads\/2024\/08\/SM_Langenthal-9117-Lackner-1024x683.jpg 1024w, https:\/\/gab-bellinzona.ch\/online\/wp-content\/uploads\/2024\/08\/SM_Langenthal-9117-Lackner-300x200.jpg 300w, https:\/\/gab-bellinzona.ch\/online\/wp-content\/uploads\/2024\/08\/SM_Langenthal-9117-Lackner-768x512.jpg 768w, https:\/\/gab-bellinzona.ch\/online\/wp-content\/uploads\/2024\/08\/SM_Langenthal-9117-Lackner-1536x1024.jpg 1536w, https:\/\/gab-bellinzona.ch\/online\/wp-content\/uploads\/2024\/08\/SM_Langenthal-9117-Lackner-2048x1365.jpg 2048w, https:\/\/gab-bellinzona.ch\/online\/wp-content\/uploads\/2024\/08\/SM_Langenthal-9117-Lackner-630x420.jpg 630w, https:\/\/gab-bellinzona.ch\/online\/wp-content\/uploads\/2024\/08\/SM_Langenthal-9117-Lackner-150x100.jpg 150w, https:\/\/gab-bellinzona.ch\/online\/wp-content\/uploads\/2024\/08\/SM_Langenthal-9117-Lackner-696x464.jpg 696w, https:\/\/gab-bellinzona.ch\/online\/wp-content\/uploads\/2024\/08\/SM_Langenthal-9117-Lackner-1068x712.jpg 1068w, https:\/\/gab-bellinzona.ch\/online\/wp-content\/uploads\/2024\/08\/SM_Langenthal-9117-Lackner-1920x1280.jpg 1920w, https:\/\/gab-bellinzona.ch\/online\/wp-content\/uploads\/2024\/08\/SM_Langenthal-9117-Lackner-600x400.jpg 600w\" sizes=\"auto, (max-width: 1024px) 100vw, 1024px\" \/><figcaption class=\"wp-element-caption\">Carol Brechb\u00fchl (GAB Bellinzona) at the Schweizer Meisterschaften U20\/U23 in Langenthal, Stadion Hard, on Saturday, 17. August 2024<\/figcaption><\/figure><\/figure><figure class=\"wp-block-gallery has-nested-images columns-default is-cropped wp-block-gallery-3 is-layout-flex wp-block-gallery-is-layout-flex\"><figure class=\"wp-block-image size-large\"><img loading=\"lazy\" decoding=\"async\" width=\"768\" height=\"1024\" data-id=\"13877\" src=\"https:\/\/gab-bellinzona.ch\/online\/wp-content\/uploads\/2024\/08\/IMG_6614-768x1024.jpg\" alt=\"\" class=\"wp-image-13877\" srcset=\"https:\/\/gab-bellinzona.ch\/online\/wp-content\/uploads\/2024\/08\/IMG_6614-768x1024.jpg 768w, https:\/\/gab-bellinzona.ch\/online\/wp-content\/uploads\/2024\/08\/IMG_6614-225x300.jpg 225w, https:\/\/gab-bellinzona.ch\/online\/wp-content\/uploads\/2024\/08\/IMG_6614-1152x1536.jpg 1152w, https:\/\/gab-bellinzona.ch\/online\/wp-content\/uploads\/2024\/08\/IMG_6614-315x420.jpg 315w, https:\/\/gab-bellinzona.ch\/online\/wp-content\/uploads\/2024\/08\/IMG_6614-150x200.jpg 150w, https:\/\/gab-bellinzona.ch\/online\/wp-content\/uploads\/2024\/08\/IMG_6614-300x400.jpg 300w, https:\/\/gab-bellinzona.ch\/online\/wp-content\/uploads\/2024\/08\/IMG_6614-696x928.jpg 696w, https:\/\/gab-bellinzona.ch\/online\/wp-content\/uploads\/2024\/08\/IMG_6614-1068x1424.jpg 1068w, https:\/\/gab-bellinzona.ch\/online\/wp-content\/uploads\/2024\/08\/IMG_6614-600x800.jpg 600w, https:\/\/gab-bellinzona.ch\/online\/wp-content\/uploads\/2024\/08\/IMG_6614.jpg 1200w\" sizes=\"auto, (max-width: 768px) 100vw, 768px\" \/><\/figure>\n\n<figure class=\"wp-block-image size-large\"><img loading=\"lazy\" decoding=\"async\" width=\"576\" height=\"1024\" data-id=\"13879\" src=\"https:\/\/gab-bellinzona.ch\/online\/wp-content\/uploads\/2024\/08\/IMG_6615-576x1024.jpg\" alt=\"\" class=\"wp-image-13879\" srcset=\"https:\/\/gab-bellinzona.ch\/online\/wp-content\/uploads\/2024\/08\/IMG_6615-576x1024.jpg 576w, https:\/\/gab-bellinzona.ch\/online\/wp-content\/uploads\/2024\/08\/IMG_6615-169x300.jpg 169w, https:\/\/gab-bellinzona.ch\/online\/wp-content\/uploads\/2024\/08\/IMG_6615-768x1365.jpg 768w, https:\/\/gab-bellinzona.ch\/online\/wp-content\/uploads\/2024\/08\/IMG_6615-864x1536.jpg 864w, https:\/\/gab-bellinzona.ch\/online\/wp-content\/uploads\/2024\/08\/IMG_6615-236x420.jpg 236w, https:\/\/gab-bellinzona.ch\/online\/wp-content\/uploads\/2024\/08\/IMG_6615-150x267.jpg 150w, https:\/\/gab-bellinzona.ch\/online\/wp-content\/uploads\/2024\/08\/IMG_6615-300x533.jpg 300w, https:\/\/gab-bellinzona.ch\/online\/wp-content\/uploads\/2024\/08\/IMG_6615-696x1237.jpg 696w, https:\/\/gab-bellinzona.ch\/online\/wp-content\/uploads\/2024\/08\/IMG_6615-600x1067.jpg 600w, https:\/\/gab-bellinzona.ch\/online\/wp-content\/uploads\/2024\/08\/IMG_6615.jpg 900w\" sizes=\"auto, (max-width: 576px) 100vw, 576px\" \/><\/figure>\n\n<figure class=\"wp-block-image size-large\"><img loading=\"lazy\" decoding=\"async\" width=\"768\" height=\"1024\" data-id=\"13880\" src=\"https:\/\/gab-bellinzona.ch\/online\/wp-content\/uploads\/2024\/08\/IMG_6616-768x1024.jpg\" alt=\"\" class=\"wp-image-13880\" srcset=\"https:\/\/gab-bellinzona.ch\/online\/wp-content\/uploads\/2024\/08\/IMG_6616-768x1024.jpg 768w, https:\/\/gab-bellinzona.ch\/online\/wp-content\/uploads\/2024\/08\/IMG_6616-225x300.jpg 225w, https:\/\/gab-bellinzona.ch\/online\/wp-content\/uploads\/2024\/08\/IMG_6616-1152x1536.jpg 1152w, https:\/\/gab-bellinzona.ch\/online\/wp-content\/uploads\/2024\/08\/IMG_6616-315x420.jpg 315w, https:\/\/gab-bellinzona.ch\/online\/wp-content\/uploads\/2024\/08\/IMG_6616-150x200.jpg 150w, https:\/\/gab-bellinzona.ch\/online\/wp-content\/uploads\/2024\/08\/IMG_6616-300x400.jpg 300w, https:\/\/gab-bellinzona.ch\/online\/wp-content\/uploads\/2024\/08\/IMG_6616-696x928.jpg 696w, https:\/\/gab-bellinzona.ch\/online\/wp-content\/uploads\/2024\/08\/IMG_6616-1068x1424.jpg 1068w, https:\/\/gab-bellinzona.ch\/online\/wp-content\/uploads\/2024\/08\/IMG_6616-600x800.jpg 600w, https:\/\/gab-bellinzona.ch\/online\/wp-content\/uploads\/2024\/08\/IMG_6616.jpg 1200w\" sizes=\"auto, (max-width: 768px) 100vw, 768px\" \/><\/figure>\n\n<figure class=\"wp-block-image size-large\"><img loading=\"lazy\" decoding=\"async\" width=\"768\" height=\"1024\" data-id=\"13878\" src=\"https:\/\/gab-bellinzona.ch\/online\/wp-content\/uploads\/2024\/08\/IMG_6617-768x1024.jpg\" alt=\"\" class=\"wp-image-13878\" srcset=\"https:\/\/gab-bellinzona.ch\/online\/wp-content\/uploads\/2024\/08\/IMG_6617-768x1024.jpg 768w, https:\/\/gab-bellinzona.ch\/online\/wp-content\/uploads\/2024\/08\/IMG_6617-225x300.jpg 225w, https:\/\/gab-bellinzona.ch\/online\/wp-content\/uploads\/2024\/08\/IMG_6617-1152x1536.jpg 1152w, https:\/\/gab-bellinzona.ch\/online\/wp-content\/uploads\/2024\/08\/IMG_6617-315x420.jpg 315w, https:\/\/gab-bellinzona.ch\/online\/wp-content\/uploads\/2024\/08\/IMG_6617-150x200.jpg 150w, https:\/\/gab-bellinzona.ch\/online\/wp-content\/uploads\/2024\/08\/IMG_6617-300x400.jpg 300w, https:\/\/gab-bellinzona.ch\/online\/wp-content\/uploads\/2024\/08\/IMG_6617-696x928.jpg 696w, https:\/\/gab-bellinzona.ch\/online\/wp-content\/uploads\/2024\/08\/IMG_6617-1068x1424.jpg 1068w, https:\/\/gab-bellinzona.ch\/online\/wp-content\/uploads\/2024\/08\/IMG_6617-600x800.jpg 600w, https:\/\/gab-bellinzona.ch\/online\/wp-content\/uploads\/2024\/08\/IMG_6617.jpg 1200w\" sizes=\"auto, (max-width: 768px) 100vw, 768px\" \/><\/figure><\/figure>","protected":false},"excerpt":{"rendered":"<p>Un argento, una medaglia di legno e 5 finali. I Campionati svizzeri U20-U23 tenutisi a Langenthal hanno visto ancora una volta il GAB sul podio. Questa volta \u00e8 stato Nicola [&hellip;]<\/p>\n","protected":false},"author":2,"featured_media":13878,"comment_status":"closed","ping_status":"closed","sticky":false,"template":"","format":"standard","meta":{"footnotes":""},"categories":[1],"tags":[],"class_list":["post-13876","post","type-post","status-publish","format-standard","has-post-thumbnail","category-vuoto"],"_links":{"self":[{"href":"https:\/\/gab-bellinzona.ch\/online\/wp-json\/wp\/v2\/posts\/13876","targetHints":{"allow":["GET"]}}],"collection":[{"href":"https:\/\/gab-bellinzona.ch\/online\/wp-json\/wp\/v2\/posts"}],"about":[{"href":"https:\/\/gab-bellinzona.ch\/online\/wp-json\/wp\/v2\/types\/post"}],"author":[{"embeddable":true,"href":"https:\/\/gab-bellinzona.ch\/online\/wp-json\/wp\/v2\/users\/2"}],"replies":[{"embeddable":true,"href":"https:\/\/gab-bellinzona.ch\/online\/wp-json\/wp\/v2\/comments?post=13876"}],"version-history":[{"count":2,"href":"https:\/\/gab-bellinzona.ch\/online\/wp-json\/wp\/v2\/posts\/13876\/revisions"}],"predecessor-version":[{"id":13894,"href":"https:\/\/gab-bellinzona.ch\/online\/wp-json\/wp\/v2\/posts\/13876\/revisions\/13894"}],"wp:featuredmedia":[{"embeddable":true,"href":"https:\/\/gab-bellinzona.ch\/online\/wp-json\/wp\/v2\/media\/13878"}],"wp:attachment":[{"href":"https:\/\/gab-bellinzona.ch\/online\/wp-json\/wp\/v2\/media?parent=13876"}],"wp:term":[{"taxonomy":"category","embeddable":true,"href":"https:\/\/gab-bellinzona.ch\/online\/wp-json\/wp\/v2\/categories?post=13876"},{"taxonomy":"post_tag","embeddable":true,"href":"https:\/\/gab-bellinzona.ch\/online\/wp-json\/wp\/v2\/tags?post=13876"}],"curies":[{"name":"wp","href":"https:\/\/api.w.org\/{rel}","templated":true}]}}