{"id":13706,"date":"2024-06-02T13:46:26","date_gmt":"2024-06-02T11:46:26","guid":{"rendered":"https:\/\/gab-bellinzona.ch\/online\/?p=13706"},"modified":"2025-03-09T22:22:15","modified_gmt":"2025-03-09T20:22:15","slug":"gala-dei-castelli-09-09-2024","status":"publish","type":"post","link":"https:\/\/gab-bellinzona.ch\/online\/gala-dei-castelli-09-09-2024\/","title":{"rendered":"Gal\u00e0 dei Castelli &#8211; 09.09.2024"},"content":{"rendered":"<p>Come da tradizione il GAB Bellinzona \u00e8 un partner del Gal\u00e0 dei Castelli. Tutte le informazioni sulla manifestazione che si terr\u00e0 l&#8217;8 settembre 2024 a Locarno (City Event) e il 9 settembre 2024 a Bellinzona (evento principale) si possono trovare sul sito <a href=\"https:\/\/www.galadeicastelli.ch\">https:\/\/www.galadeicastelli.ch<\/a><\/p>","protected":false},"excerpt":{"rendered":"<p>Come da tradizione il GAB Bellinzona \u00e8 un partner del Gal\u00e0 dei Castelli. Tutte le informazioni sulla manifestazione che si terr\u00e0 l&#8217;8 settembre 2024 a Locarno (City Event) e il [&hellip;]<\/p>\n","protected":false},"author":2,"featured_media":13707,"comment_status":"closed","ping_status":"closed","sticky":false,"template":"","format":"standard","meta":{"footnotes":""},"categories":[1],"tags":[],"class_list":["post-13706","post","type-post","status-publish","format-standard","has-post-thumbnail","category-vuoto"],"_links":{"self":[{"href":"https:\/\/gab-bellinzona.ch\/online\/wp-json\/wp\/v2\/posts\/13706","targetHints":{"allow":["GET"]}}],"collection":[{"href":"https:\/\/gab-bellinzona.ch\/online\/wp-json\/wp\/v2\/posts"}],"about":[{"href":"https:\/\/gab-bellinzona.ch\/online\/wp-json\/wp\/v2\/types\/post"}],"author":[{"embeddable":true,"href":"https:\/\/gab-bellinzona.ch\/online\/wp-json\/wp\/v2\/users\/2"}],"replies":[{"embeddable":true,"href":"https:\/\/gab-bellinzona.ch\/online\/wp-json\/wp\/v2\/comments?post=13706"}],"version-history":[{"count":1,"href":"https:\/\/gab-bellinzona.ch\/online\/wp-json\/wp\/v2\/posts\/13706\/revisions"}],"predecessor-version":[{"id":13708,"href":"https:\/\/gab-bellinzona.ch\/online\/wp-json\/wp\/v2\/posts\/13706\/revisions\/13708"}],"wp:featuredmedia":[{"embeddable":true,"href":"https:\/\/gab-bellinzona.ch\/online\/wp-json\/wp\/v2\/media\/13707"}],"wp:attachment":[{"href":"https:\/\/gab-bellinzona.ch\/online\/wp-json\/wp\/v2\/media?parent=13706"}],"wp:term":[{"taxonomy":"category","embeddable":true,"href":"https:\/\/gab-bellinzona.ch\/online\/wp-json\/wp\/v2\/categories?post=13706"},{"taxonomy":"post_tag","embeddable":true,"href":"https:\/\/gab-bellinzona.ch\/online\/wp-json\/wp\/v2\/tags?post=13706"}],"curies":[{"name":"wp","href":"https:\/\/api.w.org\/{rel}","templated":true}]}}