{"id":13664,"date":"2024-05-19T10:03:00","date_gmt":"2024-05-19T08:03:00","guid":{"rendered":"https:\/\/gab-bellinzona.ch\/online\/?p=13664"},"modified":"2024-05-19T10:03:02","modified_gmt":"2024-05-19T08:03:02","slug":"risultati-eliminatoria-rv-e-meeting-contorno","status":"publish","type":"post","link":"https:\/\/gab-bellinzona.ch\/online\/risultati-eliminatoria-rv-e-meeting-contorno\/","title":{"rendered":"RISULTATI: Eliminatoria R+V e meeting contorno"},"content":{"rendered":"<p>Mercoled\u00ec 15 maggio \u00e8 andata in scena l&#8217;eliminatoria del Bellinzonese del ragazzo\/a pi\u00f9 veloce del Ticino. Nonostante la pioggia molti giovani gabbini sono scesi in pista e hanno dato il meglio di s\u00e9. Complimenti a tutti loro per i risultati ottenuti. Per i qualificati alla finale la data da segnare sul calendario \u00e8 <a href=\"https:\/\/ftal.ch\/wp-content\/uploads\/2024\/04\/20240526visnaprogramma.pdf\">domenica 26 maggio 2024<\/a>, infatti in quel giorno si terr\u00e0 a Lugano la finale cantonale del Visana Sprint. <\/p><p><strong>Ecco i qualificati GAB:<\/strong><\/p><ul class=\"wp-block-list\"><li>Emma Dolfini W13 60m 8&#8243;94 <\/li>\n\n<li>Anna Bossi W13 60m 9&#8243;21<\/li>\n\n<li>Elisabetta Camarca W11 60m 10&#8243;01<\/li>\n\n<li>Kate Carbonell W11 60m 10&#8243;02<\/li>\n\n<li>Natalia Gregorio Da Silva W11 60m 9&#8243;93<\/li>\n\n<li>Mwana Tam\u00f2 W9 60m 10&#8243;08<\/li>\n\n<li>Alessandro Preziosi M13 60m 8&#8243;61<\/li>\n\n<li>Rafael Stalder M13 60m 9&#8243;30<\/li>\n\n<li>Nathan Moretti M12 60m 9&#8243;07<\/li>\n\n<li>Luca Rezzonico M12 60m 9&#8243;22<\/li>\n\n<li>Jean Guy Speroni M12 60m 9&#8243;36<\/li>\n\n<li>Davide Cavalli M12 60m 10&#8243;13<\/li>\n\n<li>Giacomo Turrini M12 60m 10&#8243;25<\/li>\n\n<li>Niko Golub M11 60m 9&#8243;59<\/li>\n\n<li>Ryan Moretti M9 60m 9&#8243;62<\/li><\/ul><p class=\"has-text-align-center\"><a href=\"https:\/\/ftal.ch\/wp-content\/uploads\/2024\/04\/20240515visanabellinzona.pdf\">&lt;&lt;RISULTATI EL. R+V BELLINZONA&gt;&gt;<\/a><\/p><p>Le categorie 2009-20010 possono iscriversi alla finale cantonale direttamente senza qualifica sugli 80m.<\/p><figure class=\"wp-block-gallery has-nested-images columns-default is-cropped wp-block-gallery-1 is-layout-flex wp-block-gallery-is-layout-flex\"><figure class=\"wp-block-image size-large\"><img loading=\"lazy\" decoding=\"async\" width=\"768\" height=\"1024\" data-id=\"13671\" src=\"https:\/\/gab-bellinzona.ch\/online\/wp-content\/uploads\/2024\/05\/IMG_4422-768x1024.jpg\" alt=\"\" class=\"wp-image-13671\" srcset=\"https:\/\/gab-bellinzona.ch\/online\/wp-content\/uploads\/2024\/05\/IMG_4422-768x1024.jpg 768w, https:\/\/gab-bellinzona.ch\/online\/wp-content\/uploads\/2024\/05\/IMG_4422-225x300.jpg 225w, https:\/\/gab-bellinzona.ch\/online\/wp-content\/uploads\/2024\/05\/IMG_4422-1152x1536.jpg 1152w, https:\/\/gab-bellinzona.ch\/online\/wp-content\/uploads\/2024\/05\/IMG_4422-1536x2048.jpg 1536w, https:\/\/gab-bellinzona.ch\/online\/wp-content\/uploads\/2024\/05\/IMG_4422-315x420.jpg 315w, https:\/\/gab-bellinzona.ch\/online\/wp-content\/uploads\/2024\/05\/IMG_4422-150x200.jpg 150w, https:\/\/gab-bellinzona.ch\/online\/wp-content\/uploads\/2024\/05\/IMG_4422-300x400.jpg 300w, https:\/\/gab-bellinzona.ch\/online\/wp-content\/uploads\/2024\/05\/IMG_4422-696x928.jpg 696w, https:\/\/gab-bellinzona.ch\/online\/wp-content\/uploads\/2024\/05\/IMG_4422-1068x1424.jpg 1068w, https:\/\/gab-bellinzona.ch\/online\/wp-content\/uploads\/2024\/05\/IMG_4422-scaled.jpg 1920w, https:\/\/gab-bellinzona.ch\/online\/wp-content\/uploads\/2024\/05\/IMG_4422-600x800.jpg 600w\" sizes=\"auto, (max-width: 768px) 100vw, 768px\" \/><\/figure>\n\n<figure class=\"wp-block-image size-large\"><img loading=\"lazy\" decoding=\"async\" width=\"768\" height=\"1024\" data-id=\"13668\" src=\"https:\/\/gab-bellinzona.ch\/online\/wp-content\/uploads\/2024\/05\/IMG_4424-768x1024.jpg\" alt=\"\" class=\"wp-image-13668\" srcset=\"https:\/\/gab-bellinzona.ch\/online\/wp-content\/uploads\/2024\/05\/IMG_4424-768x1024.jpg 768w, https:\/\/gab-bellinzona.ch\/online\/wp-content\/uploads\/2024\/05\/IMG_4424-225x300.jpg 225w, https:\/\/gab-bellinzona.ch\/online\/wp-content\/uploads\/2024\/05\/IMG_4424-1152x1536.jpg 1152w, https:\/\/gab-bellinzona.ch\/online\/wp-content\/uploads\/2024\/05\/IMG_4424-1536x2048.jpg 1536w, https:\/\/gab-bellinzona.ch\/online\/wp-content\/uploads\/2024\/05\/IMG_4424-315x420.jpg 315w, https:\/\/gab-bellinzona.ch\/online\/wp-content\/uploads\/2024\/05\/IMG_4424-150x200.jpg 150w, https:\/\/gab-bellinzona.ch\/online\/wp-content\/uploads\/2024\/05\/IMG_4424-300x400.jpg 300w, https:\/\/gab-bellinzona.ch\/online\/wp-content\/uploads\/2024\/05\/IMG_4424-696x928.jpg 696w, https:\/\/gab-bellinzona.ch\/online\/wp-content\/uploads\/2024\/05\/IMG_4424-1068x1424.jpg 1068w, https:\/\/gab-bellinzona.ch\/online\/wp-content\/uploads\/2024\/05\/IMG_4424-scaled.jpg 1920w, https:\/\/gab-bellinzona.ch\/online\/wp-content\/uploads\/2024\/05\/IMG_4424-600x800.jpg 600w\" sizes=\"auto, (max-width: 768px) 100vw, 768px\" \/><\/figure>\n\n<figure class=\"wp-block-image size-large\"><img loading=\"lazy\" decoding=\"async\" width=\"768\" height=\"1024\" data-id=\"13670\" src=\"https:\/\/gab-bellinzona.ch\/online\/wp-content\/uploads\/2024\/05\/IMG_4427-768x1024.jpg\" alt=\"\" class=\"wp-image-13670\" srcset=\"https:\/\/gab-bellinzona.ch\/online\/wp-content\/uploads\/2024\/05\/IMG_4427-768x1024.jpg 768w, https:\/\/gab-bellinzona.ch\/online\/wp-content\/uploads\/2024\/05\/IMG_4427-225x300.jpg 225w, https:\/\/gab-bellinzona.ch\/online\/wp-content\/uploads\/2024\/05\/IMG_4427-1152x1536.jpg 1152w, https:\/\/gab-bellinzona.ch\/online\/wp-content\/uploads\/2024\/05\/IMG_4427-1536x2048.jpg 1536w, https:\/\/gab-bellinzona.ch\/online\/wp-content\/uploads\/2024\/05\/IMG_4427-315x420.jpg 315w, https:\/\/gab-bellinzona.ch\/online\/wp-content\/uploads\/2024\/05\/IMG_4427-150x200.jpg 150w, https:\/\/gab-bellinzona.ch\/online\/wp-content\/uploads\/2024\/05\/IMG_4427-300x400.jpg 300w, https:\/\/gab-bellinzona.ch\/online\/wp-content\/uploads\/2024\/05\/IMG_4427-696x928.jpg 696w, https:\/\/gab-bellinzona.ch\/online\/wp-content\/uploads\/2024\/05\/IMG_4427-1068x1424.jpg 1068w, https:\/\/gab-bellinzona.ch\/online\/wp-content\/uploads\/2024\/05\/IMG_4427-scaled.jpg 1920w, https:\/\/gab-bellinzona.ch\/online\/wp-content\/uploads\/2024\/05\/IMG_4427-600x800.jpg 600w\" sizes=\"auto, (max-width: 768px) 100vw, 768px\" \/><\/figure>\n\n<figure class=\"wp-block-image size-large\"><img loading=\"lazy\" decoding=\"async\" width=\"743\" height=\"1024\" data-id=\"13666\" src=\"https:\/\/gab-bellinzona.ch\/online\/wp-content\/uploads\/2024\/05\/WhatsApp-Image-2024-05-15-at-21.52.23-1-743x1024.jpeg\" alt=\"\" class=\"wp-image-13666\" srcset=\"https:\/\/gab-bellinzona.ch\/online\/wp-content\/uploads\/2024\/05\/WhatsApp-Image-2024-05-15-at-21.52.23-1-743x1024.jpeg 743w, https:\/\/gab-bellinzona.ch\/online\/wp-content\/uploads\/2024\/05\/WhatsApp-Image-2024-05-15-at-21.52.23-1-218x300.jpeg 218w, https:\/\/gab-bellinzona.ch\/online\/wp-content\/uploads\/2024\/05\/WhatsApp-Image-2024-05-15-at-21.52.23-1-768x1059.jpeg 768w, https:\/\/gab-bellinzona.ch\/online\/wp-content\/uploads\/2024\/05\/WhatsApp-Image-2024-05-15-at-21.52.23-1-1114x1536.jpeg 1114w, https:\/\/gab-bellinzona.ch\/online\/wp-content\/uploads\/2024\/05\/WhatsApp-Image-2024-05-15-at-21.52.23-1-305x420.jpeg 305w, https:\/\/gab-bellinzona.ch\/online\/wp-content\/uploads\/2024\/05\/WhatsApp-Image-2024-05-15-at-21.52.23-1-150x207.jpeg 150w, https:\/\/gab-bellinzona.ch\/online\/wp-content\/uploads\/2024\/05\/WhatsApp-Image-2024-05-15-at-21.52.23-1-300x414.jpeg 300w, https:\/\/gab-bellinzona.ch\/online\/wp-content\/uploads\/2024\/05\/WhatsApp-Image-2024-05-15-at-21.52.23-1-696x960.jpeg 696w, https:\/\/gab-bellinzona.ch\/online\/wp-content\/uploads\/2024\/05\/WhatsApp-Image-2024-05-15-at-21.52.23-1-1068x1473.jpeg 1068w, https:\/\/gab-bellinzona.ch\/online\/wp-content\/uploads\/2024\/05\/WhatsApp-Image-2024-05-15-at-21.52.23-1-600x827.jpeg 600w, https:\/\/gab-bellinzona.ch\/online\/wp-content\/uploads\/2024\/05\/WhatsApp-Image-2024-05-15-at-21.52.23-1.jpeg 1485w\" sizes=\"auto, (max-width: 743px) 100vw, 743px\" \/><\/figure>\n\n<figure class=\"wp-block-image size-large\"><img loading=\"lazy\" decoding=\"async\" width=\"779\" height=\"1024\" data-id=\"13669\" src=\"https:\/\/gab-bellinzona.ch\/online\/wp-content\/uploads\/2024\/05\/WhatsApp-Image-2024-05-15-at-21.52.23-2-779x1024.jpeg\" alt=\"\" class=\"wp-image-13669\" srcset=\"https:\/\/gab-bellinzona.ch\/online\/wp-content\/uploads\/2024\/05\/WhatsApp-Image-2024-05-15-at-21.52.23-2-779x1024.jpeg 779w, https:\/\/gab-bellinzona.ch\/online\/wp-content\/uploads\/2024\/05\/WhatsApp-Image-2024-05-15-at-21.52.23-2-228x300.jpeg 228w, https:\/\/gab-bellinzona.ch\/online\/wp-content\/uploads\/2024\/05\/WhatsApp-Image-2024-05-15-at-21.52.23-2-768x1010.jpeg 768w, https:\/\/gab-bellinzona.ch\/online\/wp-content\/uploads\/2024\/05\/WhatsApp-Image-2024-05-15-at-21.52.23-2-1169x1536.jpeg 1169w, https:\/\/gab-bellinzona.ch\/online\/wp-content\/uploads\/2024\/05\/WhatsApp-Image-2024-05-15-at-21.52.23-2-320x420.jpeg 320w, https:\/\/gab-bellinzona.ch\/online\/wp-content\/uploads\/2024\/05\/WhatsApp-Image-2024-05-15-at-21.52.23-2-150x197.jpeg 150w, https:\/\/gab-bellinzona.ch\/online\/wp-content\/uploads\/2024\/05\/WhatsApp-Image-2024-05-15-at-21.52.23-2-300x394.jpeg 300w, https:\/\/gab-bellinzona.ch\/online\/wp-content\/uploads\/2024\/05\/WhatsApp-Image-2024-05-15-at-21.52.23-2-696x915.jpeg 696w, https:\/\/gab-bellinzona.ch\/online\/wp-content\/uploads\/2024\/05\/WhatsApp-Image-2024-05-15-at-21.52.23-2-1068x1404.jpeg 1068w, https:\/\/gab-bellinzona.ch\/online\/wp-content\/uploads\/2024\/05\/WhatsApp-Image-2024-05-15-at-21.52.23-2-600x789.jpeg 600w, https:\/\/gab-bellinzona.ch\/online\/wp-content\/uploads\/2024\/05\/WhatsApp-Image-2024-05-15-at-21.52.23-2.jpeg 1558w\" sizes=\"auto, (max-width: 779px) 100vw, 779px\" \/><\/figure>\n\n<figure class=\"wp-block-image size-large\"><img loading=\"lazy\" decoding=\"async\" width=\"888\" height=\"1024\" data-id=\"13667\" src=\"https:\/\/gab-bellinzona.ch\/online\/wp-content\/uploads\/2024\/05\/WhatsApp-Image-2024-05-15-at-21.52.23-3-888x1024.jpeg\" alt=\"\" class=\"wp-image-13667\" srcset=\"https:\/\/gab-bellinzona.ch\/online\/wp-content\/uploads\/2024\/05\/WhatsApp-Image-2024-05-15-at-21.52.23-3-888x1024.jpeg 888w, https:\/\/gab-bellinzona.ch\/online\/wp-content\/uploads\/2024\/05\/WhatsApp-Image-2024-05-15-at-21.52.23-3-260x300.jpeg 260w, https:\/\/gab-bellinzona.ch\/online\/wp-content\/uploads\/2024\/05\/WhatsApp-Image-2024-05-15-at-21.52.23-3-768x885.jpeg 768w, https:\/\/gab-bellinzona.ch\/online\/wp-content\/uploads\/2024\/05\/WhatsApp-Image-2024-05-15-at-21.52.23-3-1333x1536.jpeg 1333w, https:\/\/gab-bellinzona.ch\/online\/wp-content\/uploads\/2024\/05\/WhatsApp-Image-2024-05-15-at-21.52.23-3-364x420.jpeg 364w, https:\/\/gab-bellinzona.ch\/online\/wp-content\/uploads\/2024\/05\/WhatsApp-Image-2024-05-15-at-21.52.23-3-150x173.jpeg 150w, https:\/\/gab-bellinzona.ch\/online\/wp-content\/uploads\/2024\/05\/WhatsApp-Image-2024-05-15-at-21.52.23-3-300x346.jpeg 300w, https:\/\/gab-bellinzona.ch\/online\/wp-content\/uploads\/2024\/05\/WhatsApp-Image-2024-05-15-at-21.52.23-3-696x802.jpeg 696w, https:\/\/gab-bellinzona.ch\/online\/wp-content\/uploads\/2024\/05\/WhatsApp-Image-2024-05-15-at-21.52.23-3-1068x1231.jpeg 1068w, https:\/\/gab-bellinzona.ch\/online\/wp-content\/uploads\/2024\/05\/WhatsApp-Image-2024-05-15-at-21.52.23-3-600x692.jpeg 600w, https:\/\/gab-bellinzona.ch\/online\/wp-content\/uploads\/2024\/05\/WhatsApp-Image-2024-05-15-at-21.52.23-3.jpeg 1540w\" sizes=\"auto, (max-width: 888px) 100vw, 888px\" \/><\/figure>\n\n<figure class=\"wp-block-image size-large\"><img loading=\"lazy\" decoding=\"async\" width=\"748\" height=\"1024\" data-id=\"13672\" src=\"https:\/\/gab-bellinzona.ch\/online\/wp-content\/uploads\/2024\/05\/WhatsApp-Image-2024-05-15-at-21.52.23-748x1024.jpeg\" alt=\"\" class=\"wp-image-13672\" srcset=\"https:\/\/gab-bellinzona.ch\/online\/wp-content\/uploads\/2024\/05\/WhatsApp-Image-2024-05-15-at-21.52.23-748x1024.jpeg 748w, https:\/\/gab-bellinzona.ch\/online\/wp-content\/uploads\/2024\/05\/WhatsApp-Image-2024-05-15-at-21.52.23-219x300.jpeg 219w, https:\/\/gab-bellinzona.ch\/online\/wp-content\/uploads\/2024\/05\/WhatsApp-Image-2024-05-15-at-21.52.23-768x1052.jpeg 768w, https:\/\/gab-bellinzona.ch\/online\/wp-content\/uploads\/2024\/05\/WhatsApp-Image-2024-05-15-at-21.52.23-1121x1536.jpeg 1121w, https:\/\/gab-bellinzona.ch\/online\/wp-content\/uploads\/2024\/05\/WhatsApp-Image-2024-05-15-at-21.52.23-307x420.jpeg 307w, https:\/\/gab-bellinzona.ch\/online\/wp-content\/uploads\/2024\/05\/WhatsApp-Image-2024-05-15-at-21.52.23-150x205.jpeg 150w, https:\/\/gab-bellinzona.ch\/online\/wp-content\/uploads\/2024\/05\/WhatsApp-Image-2024-05-15-at-21.52.23-300x411.jpeg 300w, https:\/\/gab-bellinzona.ch\/online\/wp-content\/uploads\/2024\/05\/WhatsApp-Image-2024-05-15-at-21.52.23-696x953.jpeg 696w, https:\/\/gab-bellinzona.ch\/online\/wp-content\/uploads\/2024\/05\/WhatsApp-Image-2024-05-15-at-21.52.23-1068x1463.jpeg 1068w, https:\/\/gab-bellinzona.ch\/online\/wp-content\/uploads\/2024\/05\/WhatsApp-Image-2024-05-15-at-21.52.23-600x822.jpeg 600w, https:\/\/gab-bellinzona.ch\/online\/wp-content\/uploads\/2024\/05\/WhatsApp-Image-2024-05-15-at-21.52.23.jpeg 1495w\" sizes=\"auto, (max-width: 748px) 100vw, 748px\" \/><\/figure><\/figure><p><strong>Meeting di contorno:<\/strong><\/p><p>Nel meeting di contorno riservato agli attivi sono arrivati anche diversi personali nel getto del peso e nei 100m. Bravi FORZA GAB!<\/p><ul class=\"wp-block-list\"><li>Maeva Tahou 100m 12&#8243;38<\/li>\n\n<li>Carol Brechb\u00fchl 100m 12&#8243;50 <strong>PB<\/strong><\/li>\n\n<li>Gaia Ferrari 100m 13&#8243;46 <strong>SB<\/strong><\/li>\n\n<li>Jenna Rezzonico 100m 13&#8243;56<\/li>\n\n<li>Alexia Giudicetti 100m 13&#8243;65 <strong>PB<\/strong><\/li>\n\n<li>Ambra Stroppinni 100m 13&#8243;81<\/li>\n\n<li>Camilla Mozzini 100m 14&#8243;57 | peso 3kg 9.76m <strong>PB<\/strong><\/li>\n\n<li>Sara Gianinazzi peso 3kg 9.53m <strong>PB<\/strong><\/li>\n\n<li>Nicole Brechb\u00fchl peso 4kg 7.22m <strong>PB<\/strong><\/li>\n\n<li>Nicola Fumagalli 100m 11&#8243;20<\/li>\n\n<li>Leonardo Lafranchi 100m 11&#8243;20<\/li>\n\n<li>Hagos Boo 100m 11&#8243;23<\/li>\n\n<li>Victor Favarel 100m 11&#8243;44 <strong>PB<\/strong><\/li>\n\n<li>Martin Malinverno 100m 11&#8243;59<\/li>\n\n<li>Matteo De Biasio 100m 11&#8243;65<\/li>\n\n<li>Ananchai Rodoni 100m 12&#8243;00<\/li>\n\n<li>Matteo Squicciarini peso 5kg 11.95m <strong>PB<\/strong><\/li>\n\n<li>Jan Colombini peso 12.03m <\/li>\n\n<li>Alex Brechb\u00fchl peso 9.42m<\/li><\/ul><p class=\"has-text-align-center\"><a href=\"https:\/\/ftal.ch\/wp-content\/uploads\/2024\/05\/20240515meetinggab.pdf\">&lt;&lt;RISULTATI COMPLETI>><\/a><\/p>","protected":false},"excerpt":{"rendered":"<p>Mercoled\u00ec 15 maggio \u00e8 andata in scena l&#8217;eliminatoria del Bellinzonese del ragazzo\/a pi\u00f9 veloce del Ticino. Nonostante la pioggia molti giovani gabbini sono scesi in pista e hanno dato il [&hellip;]<\/p>\n","protected":false},"author":2,"featured_media":13671,"comment_status":"closed","ping_status":"closed","sticky":false,"template":"","format":"standard","meta":{"footnotes":""},"categories":[1],"tags":[],"class_list":["post-13664","post","type-post","status-publish","format-standard","has-post-thumbnail","category-vuoto"],"_links":{"self":[{"href":"https:\/\/gab-bellinzona.ch\/online\/wp-json\/wp\/v2\/posts\/13664","targetHints":{"allow":["GET"]}}],"collection":[{"href":"https:\/\/gab-bellinzona.ch\/online\/wp-json\/wp\/v2\/posts"}],"about":[{"href":"https:\/\/gab-bellinzona.ch\/online\/wp-json\/wp\/v2\/types\/post"}],"author":[{"embeddable":true,"href":"https:\/\/gab-bellinzona.ch\/online\/wp-json\/wp\/v2\/users\/2"}],"replies":[{"embeddable":true,"href":"https:\/\/gab-bellinzona.ch\/online\/wp-json\/wp\/v2\/comments?post=13664"}],"version-history":[{"count":1,"href":"https:\/\/gab-bellinzona.ch\/online\/wp-json\/wp\/v2\/posts\/13664\/revisions"}],"predecessor-version":[{"id":13673,"href":"https:\/\/gab-bellinzona.ch\/online\/wp-json\/wp\/v2\/posts\/13664\/revisions\/13673"}],"wp:featuredmedia":[{"embeddable":true,"href":"https:\/\/gab-bellinzona.ch\/online\/wp-json\/wp\/v2\/media\/13671"}],"wp:attachment":[{"href":"https:\/\/gab-bellinzona.ch\/online\/wp-json\/wp\/v2\/media?parent=13664"}],"wp:term":[{"taxonomy":"category","embeddable":true,"href":"https:\/\/gab-bellinzona.ch\/online\/wp-json\/wp\/v2\/categories?post=13664"},{"taxonomy":"post_tag","embeddable":true,"href":"https:\/\/gab-bellinzona.ch\/online\/wp-json\/wp\/v2\/tags?post=13664"}],"curies":[{"name":"wp","href":"https:\/\/api.w.org\/{rel}","templated":true}]}}