{"id":13570,"date":"2024-04-15T08:34:37","date_gmt":"2024-04-15T06:34:37","guid":{"rendered":"https:\/\/gab-bellinzona.ch\/online\/?p=13570"},"modified":"2024-04-15T08:34:39","modified_gmt":"2024-04-15T06:34:39","slug":"risultati-meeting-lanci-biasca-athletic-elite-milano","status":"publish","type":"post","link":"https:\/\/gab-bellinzona.ch\/online\/risultati-meeting-lanci-biasca-athletic-elite-milano\/","title":{"rendered":"RISULTATI: meeting lanci Biasca + Athletic Elite Milano"},"content":{"rendered":"<p>Aperta la stagione in pista 2024. A Bisca un bel gruppetto di lanciatori ha esordito al primo meeting stagionale su terra ticinese con ottimi lanci, mentre all&#8217;Arena di Milano Mattia Tajana \u00e8 sceso in pista nei 150m e 500m. La stagione \u00e8 cos\u00ec lanciata!<\/p><p><strong><strong>Risultati Athletic Elite &#8211; Milano<\/strong><\/strong><\/p><p>Mattia Tajana 150m 16&#8243;69 | 500m 1&#8217;03&#8243;48<\/p><p class=\"has-text-align-center\"><a href=\"https:\/\/www.fidal.it\/risultati\/2024\/COD11199\/Risultati\/Gara306.html\">&lt;&lt;RSIULTATI COMPLETI>><\/a><\/p><figure class=\"wp-block-video\"><video height=\"480\" style=\"aspect-ratio: 848 \/ 480;\" width=\"848\" controls src=\"https:\/\/gab-bellinzona.ch\/online\/wp-content\/uploads\/2024\/04\/VIDEO-2024-04-13-19-58-52.mp4\"><\/video><\/figure><p><strong>Risultati Meeting Lanci &#8211; Biasca<\/strong><\/p><ul class=\"wp-block-list\"><li>Camilla Mozzini U18 disco 1kg 33.80m |\u00a0giavellotto 500g 27.48m |\u00a0peso 8.99m<\/li>\n\n<li>Sara Gianinazzi U18 giavellotto 500g 34.99m |\u00a0peso 3kg 9.28m<\/li>\n\n<li>Nicole Brechb\u00fchl U23 peso 4kg 7.14m |\u00a0disco 29.24m SB<\/li>\n\n<li>Matteo Squicciarini U18 peso 5kg 11.38m | disco 1.5kg 33.54m <strong>PB<\/strong><\/li>\n\n<li>Jan Colombini peso 12.09m<\/li><\/ul><p class=\"has-text-align-center\"><a href=\"https:\/\/swiss-athletics.ch\/de\/live-resultate\/\">&lt;&lt;RISULTATI COMPLETI>><\/a><\/p><p><\/p>","protected":false},"excerpt":{"rendered":"<p>Aperta la stagione in pista 2024. A Bisca un bel gruppetto di lanciatori ha esordito al primo meeting stagionale su terra ticinese con ottimi lanci, mentre all&#8217;Arena di Milano Mattia [&hellip;]<\/p>\n","protected":false},"author":2,"featured_media":13572,"comment_status":"closed","ping_status":"closed","sticky":false,"template":"","format":"standard","meta":{"footnotes":""},"categories":[1],"tags":[],"class_list":["post-13570","post","type-post","status-publish","format-standard","has-post-thumbnail","category-vuoto"],"_links":{"self":[{"href":"https:\/\/gab-bellinzona.ch\/online\/wp-json\/wp\/v2\/posts\/13570","targetHints":{"allow":["GET"]}}],"collection":[{"href":"https:\/\/gab-bellinzona.ch\/online\/wp-json\/wp\/v2\/posts"}],"about":[{"href":"https:\/\/gab-bellinzona.ch\/online\/wp-json\/wp\/v2\/types\/post"}],"author":[{"embeddable":true,"href":"https:\/\/gab-bellinzona.ch\/online\/wp-json\/wp\/v2\/users\/2"}],"replies":[{"embeddable":true,"href":"https:\/\/gab-bellinzona.ch\/online\/wp-json\/wp\/v2\/comments?post=13570"}],"version-history":[{"count":1,"href":"https:\/\/gab-bellinzona.ch\/online\/wp-json\/wp\/v2\/posts\/13570\/revisions"}],"predecessor-version":[{"id":13573,"href":"https:\/\/gab-bellinzona.ch\/online\/wp-json\/wp\/v2\/posts\/13570\/revisions\/13573"}],"wp:featuredmedia":[{"embeddable":true,"href":"https:\/\/gab-bellinzona.ch\/online\/wp-json\/wp\/v2\/media\/13572"}],"wp:attachment":[{"href":"https:\/\/gab-bellinzona.ch\/online\/wp-json\/wp\/v2\/media?parent=13570"}],"wp:term":[{"taxonomy":"category","embeddable":true,"href":"https:\/\/gab-bellinzona.ch\/online\/wp-json\/wp\/v2\/categories?post=13570"},{"taxonomy":"post_tag","embeddable":true,"href":"https:\/\/gab-bellinzona.ch\/online\/wp-json\/wp\/v2\/tags?post=13570"}],"curies":[{"name":"wp","href":"https:\/\/api.w.org\/{rel}","templated":true}]}}