{"id":13363,"date":"2024-02-26T09:01:57","date_gmt":"2024-02-26T07:01:57","guid":{"rendered":"https:\/\/gab-bellinzona.ch\/online\/?p=13363"},"modified":"2024-02-26T09:01:59","modified_gmt":"2024-02-26T07:01:59","slug":"cs-lanci-invernali-bronzo-per-gillian","status":"publish","type":"post","link":"https:\/\/gab-bellinzona.ch\/online\/cs-lanci-invernali-bronzo-per-gillian\/","title":{"rendered":"CS lanci invernali: bronzo per Gillian!"},"content":{"rendered":"<p>Alla prima edizione dei Campionati svizzeri di lanci invernali Gillian Ferrari ha saputo esprimersi sui suoi miglior lanci portandosi a casa la medaglia di bronzo tra le attive. A Lucerna con un lancio di 42.35m Gillian \u00e8 salita sul gradino pi\u00f9 basso del podio, ponendo cos\u00ec fine all&#8217;infinita di quarti posti ottenuti nelle scorse stagioni. <\/p><p>Complimenti a lei e al suo allenatore Alex Brechb\u00fchl. Forza GAB!<\/p><p><strong>Risultati CS lanchi invernali<\/strong><\/p><ul class=\"wp-block-list\"><li>Gillian Ferrari disco 42.35m -> 3\u00b0 posto<\/li><\/ul><p class=\"has-text-align-center\"><a href=\"https:\/\/slv.laportal.net\/Content\/documents\/11985\/resultlist.pdf\">&lt;&lt;RISULTATI COMPLETI>><\/a><\/p><figure class=\"wp-block-gallery has-nested-images columns-default is-cropped wp-block-gallery-1 is-layout-flex wp-block-gallery-is-layout-flex\"><figure class=\"wp-block-image size-large\"><img loading=\"lazy\" decoding=\"async\" width=\"1024\" height=\"768\" data-id=\"13365\" src=\"https:\/\/gab-bellinzona.ch\/online\/wp-content\/uploads\/2024\/02\/PHOTO-2024-02-25-16-13-49-1024x768.jpg\" alt=\"\" class=\"wp-image-13365\" srcset=\"https:\/\/gab-bellinzona.ch\/online\/wp-content\/uploads\/2024\/02\/PHOTO-2024-02-25-16-13-49-1024x768.jpg 1024w, https:\/\/gab-bellinzona.ch\/online\/wp-content\/uploads\/2024\/02\/PHOTO-2024-02-25-16-13-49-300x225.jpg 300w, https:\/\/gab-bellinzona.ch\/online\/wp-content\/uploads\/2024\/02\/PHOTO-2024-02-25-16-13-49-768x576.jpg 768w, https:\/\/gab-bellinzona.ch\/online\/wp-content\/uploads\/2024\/02\/PHOTO-2024-02-25-16-13-49-1536x1152.jpg 1536w, https:\/\/gab-bellinzona.ch\/online\/wp-content\/uploads\/2024\/02\/PHOTO-2024-02-25-16-13-49-150x113.jpg 150w, https:\/\/gab-bellinzona.ch\/online\/wp-content\/uploads\/2024\/02\/PHOTO-2024-02-25-16-13-49-696x522.jpg 696w, https:\/\/gab-bellinzona.ch\/online\/wp-content\/uploads\/2024\/02\/PHOTO-2024-02-25-16-13-49-1068x801.jpg 1068w, https:\/\/gab-bellinzona.ch\/online\/wp-content\/uploads\/2024\/02\/PHOTO-2024-02-25-16-13-49-1920x1440.jpg 1920w, https:\/\/gab-bellinzona.ch\/online\/wp-content\/uploads\/2024\/02\/PHOTO-2024-02-25-16-13-49-560x420.jpg 560w, https:\/\/gab-bellinzona.ch\/online\/wp-content\/uploads\/2024\/02\/PHOTO-2024-02-25-16-13-49-80x60.jpg 80w, https:\/\/gab-bellinzona.ch\/online\/wp-content\/uploads\/2024\/02\/PHOTO-2024-02-25-16-13-49-265x198.jpg 265w, https:\/\/gab-bellinzona.ch\/online\/wp-content\/uploads\/2024\/02\/PHOTO-2024-02-25-16-13-49-600x450.jpg 600w, https:\/\/gab-bellinzona.ch\/online\/wp-content\/uploads\/2024\/02\/PHOTO-2024-02-25-16-13-49.jpg 2016w\" sizes=\"auto, (max-width: 1024px) 100vw, 1024px\" \/><\/figure>\n\n<figure class=\"wp-block-image size-large\"><img loading=\"lazy\" decoding=\"async\" width=\"768\" height=\"1024\" data-id=\"13364\" src=\"https:\/\/gab-bellinzona.ch\/online\/wp-content\/uploads\/2024\/02\/PHOTO-2024-02-25-16-13-49-3-768x1024.jpg\" alt=\"\" class=\"wp-image-13364\" srcset=\"https:\/\/gab-bellinzona.ch\/online\/wp-content\/uploads\/2024\/02\/PHOTO-2024-02-25-16-13-49-3-768x1024.jpg 768w, https:\/\/gab-bellinzona.ch\/online\/wp-content\/uploads\/2024\/02\/PHOTO-2024-02-25-16-13-49-3-225x300.jpg 225w, https:\/\/gab-bellinzona.ch\/online\/wp-content\/uploads\/2024\/02\/PHOTO-2024-02-25-16-13-49-3-1152x1536.jpg 1152w, https:\/\/gab-bellinzona.ch\/online\/wp-content\/uploads\/2024\/02\/PHOTO-2024-02-25-16-13-49-3-150x200.jpg 150w, https:\/\/gab-bellinzona.ch\/online\/wp-content\/uploads\/2024\/02\/PHOTO-2024-02-25-16-13-49-3-300x400.jpg 300w, https:\/\/gab-bellinzona.ch\/online\/wp-content\/uploads\/2024\/02\/PHOTO-2024-02-25-16-13-49-3-696x928.jpg 696w, https:\/\/gab-bellinzona.ch\/online\/wp-content\/uploads\/2024\/02\/PHOTO-2024-02-25-16-13-49-3-1068x1424.jpg 1068w, https:\/\/gab-bellinzona.ch\/online\/wp-content\/uploads\/2024\/02\/PHOTO-2024-02-25-16-13-49-3-315x420.jpg 315w, https:\/\/gab-bellinzona.ch\/online\/wp-content\/uploads\/2024\/02\/PHOTO-2024-02-25-16-13-49-3-600x800.jpg 600w, https:\/\/gab-bellinzona.ch\/online\/wp-content\/uploads\/2024\/02\/PHOTO-2024-02-25-16-13-49-3.jpg 1512w\" sizes=\"auto, (max-width: 768px) 100vw, 768px\" \/><\/figure>\n\n<figure class=\"wp-block-image size-large\"><img loading=\"lazy\" decoding=\"async\" width=\"768\" height=\"1024\" data-id=\"13366\" src=\"https:\/\/gab-bellinzona.ch\/online\/wp-content\/uploads\/2024\/02\/PHOTO-2024-02-25-11-11-50-768x1024.jpg\" alt=\"\" class=\"wp-image-13366\" srcset=\"https:\/\/gab-bellinzona.ch\/online\/wp-content\/uploads\/2024\/02\/PHOTO-2024-02-25-11-11-50-768x1024.jpg 768w, https:\/\/gab-bellinzona.ch\/online\/wp-content\/uploads\/2024\/02\/PHOTO-2024-02-25-11-11-50-225x300.jpg 225w, https:\/\/gab-bellinzona.ch\/online\/wp-content\/uploads\/2024\/02\/PHOTO-2024-02-25-11-11-50-1152x1536.jpg 1152w, https:\/\/gab-bellinzona.ch\/online\/wp-content\/uploads\/2024\/02\/PHOTO-2024-02-25-11-11-50-150x200.jpg 150w, https:\/\/gab-bellinzona.ch\/online\/wp-content\/uploads\/2024\/02\/PHOTO-2024-02-25-11-11-50-300x400.jpg 300w, https:\/\/gab-bellinzona.ch\/online\/wp-content\/uploads\/2024\/02\/PHOTO-2024-02-25-11-11-50-696x928.jpg 696w, https:\/\/gab-bellinzona.ch\/online\/wp-content\/uploads\/2024\/02\/PHOTO-2024-02-25-11-11-50-1068x1424.jpg 1068w, https:\/\/gab-bellinzona.ch\/online\/wp-content\/uploads\/2024\/02\/PHOTO-2024-02-25-11-11-50-315x420.jpg 315w, https:\/\/gab-bellinzona.ch\/online\/wp-content\/uploads\/2024\/02\/PHOTO-2024-02-25-11-11-50-600x800.jpg 600w, https:\/\/gab-bellinzona.ch\/online\/wp-content\/uploads\/2024\/02\/PHOTO-2024-02-25-11-11-50.jpg 1536w\" sizes=\"auto, (max-width: 768px) 100vw, 768px\" \/><\/figure><\/figure>","protected":false},"excerpt":{"rendered":"<p>Alla prima edizione dei Campionati svizzeri di lanci invernali Gillian Ferrari ha saputo esprimersi sui suoi miglior lanci portandosi a casa la medaglia di bronzo tra le attive. A Lucerna [&hellip;]<\/p>\n","protected":false},"author":2,"featured_media":13366,"comment_status":"closed","ping_status":"closed","sticky":false,"template":"","format":"standard","meta":{"footnotes":""},"categories":[1],"tags":[],"class_list":["post-13363","post","type-post","status-publish","format-standard","has-post-thumbnail","category-vuoto"],"_links":{"self":[{"href":"https:\/\/gab-bellinzona.ch\/online\/wp-json\/wp\/v2\/posts\/13363","targetHints":{"allow":["GET"]}}],"collection":[{"href":"https:\/\/gab-bellinzona.ch\/online\/wp-json\/wp\/v2\/posts"}],"about":[{"href":"https:\/\/gab-bellinzona.ch\/online\/wp-json\/wp\/v2\/types\/post"}],"author":[{"embeddable":true,"href":"https:\/\/gab-bellinzona.ch\/online\/wp-json\/wp\/v2\/users\/2"}],"replies":[{"embeddable":true,"href":"https:\/\/gab-bellinzona.ch\/online\/wp-json\/wp\/v2\/comments?post=13363"}],"version-history":[{"count":1,"href":"https:\/\/gab-bellinzona.ch\/online\/wp-json\/wp\/v2\/posts\/13363\/revisions"}],"predecessor-version":[{"id":13367,"href":"https:\/\/gab-bellinzona.ch\/online\/wp-json\/wp\/v2\/posts\/13363\/revisions\/13367"}],"wp:featuredmedia":[{"embeddable":true,"href":"https:\/\/gab-bellinzona.ch\/online\/wp-json\/wp\/v2\/media\/13366"}],"wp:attachment":[{"href":"https:\/\/gab-bellinzona.ch\/online\/wp-json\/wp\/v2\/media?parent=13363"}],"wp:term":[{"taxonomy":"category","embeddable":true,"href":"https:\/\/gab-bellinzona.ch\/online\/wp-json\/wp\/v2\/categories?post=13363"},{"taxonomy":"post_tag","embeddable":true,"href":"https:\/\/gab-bellinzona.ch\/online\/wp-json\/wp\/v2\/tags?post=13363"}],"curies":[{"name":"wp","href":"https:\/\/api.w.org\/{rel}","templated":true}]}}