{"id":12722,"date":"2023-07-05T09:51:31","date_gmt":"2023-07-05T07:51:31","guid":{"rendered":"https:\/\/gab-bellinzona.ch\/online\/?p=12722"},"modified":"2023-07-05T09:54:50","modified_gmt":"2023-07-05T07:54:50","slug":"ce-u23-maeva-selezionata","status":"publish","type":"post","link":"https:\/\/gab-bellinzona.ch\/online\/ce-u23-maeva-selezionata\/","title":{"rendered":"CE U23: Maeva selezionata!"},"content":{"rendered":"<p>Maeva Tahou \u00e8 stata selezionata per i Campionati europei U23 nei 100mH. Ma\u00ebva Tahou sar\u00e0 in gara a Espoo in Finlandia dal 13 al 16 luglio. Il GAB continua cos\u00ec la sua striscia positiva di atleti al via ai CE giovanili. <\/p><p>Un grande applauso a Maeva per il limite ottenuto correndo 13&#8243;87 sui 100mH. Complimenti anche agli allenatori Monica Pellegrinelli e Michele R\u00fcfenacht che l&#8217;hanno accompagnata nella sua stagione. BRAVI!<\/p><p class=\"has-text-align-center\"><a href=\"https:\/\/www.european-athletics.com\/competitions\/european-athletics-u23-championships\/overview\">&lt;&lt;SITO DEI CAMPIONATI>><\/a><\/p>","protected":false},"excerpt":{"rendered":"<p>Maeva Tahou \u00e8 stata selezionata per i Campionati europei U23 nei 100mH. Ma\u00ebva Tahou sar\u00e0 in gara a Espoo in Finlandia dal 13 al 16 luglio. Il GAB continua cos\u00ec [&hellip;]<\/p>\n","protected":false},"author":2,"featured_media":12721,"comment_status":"closed","ping_status":"closed","sticky":false,"template":"","format":"standard","meta":{"footnotes":""},"categories":[1],"tags":[],"class_list":["post-12722","post","type-post","status-publish","format-standard","has-post-thumbnail","category-vuoto"],"_links":{"self":[{"href":"https:\/\/gab-bellinzona.ch\/online\/wp-json\/wp\/v2\/posts\/12722","targetHints":{"allow":["GET"]}}],"collection":[{"href":"https:\/\/gab-bellinzona.ch\/online\/wp-json\/wp\/v2\/posts"}],"about":[{"href":"https:\/\/gab-bellinzona.ch\/online\/wp-json\/wp\/v2\/types\/post"}],"author":[{"embeddable":true,"href":"https:\/\/gab-bellinzona.ch\/online\/wp-json\/wp\/v2\/users\/2"}],"replies":[{"embeddable":true,"href":"https:\/\/gab-bellinzona.ch\/online\/wp-json\/wp\/v2\/comments?post=12722"}],"version-history":[{"count":1,"href":"https:\/\/gab-bellinzona.ch\/online\/wp-json\/wp\/v2\/posts\/12722\/revisions"}],"predecessor-version":[{"id":12723,"href":"https:\/\/gab-bellinzona.ch\/online\/wp-json\/wp\/v2\/posts\/12722\/revisions\/12723"}],"wp:featuredmedia":[{"embeddable":true,"href":"https:\/\/gab-bellinzona.ch\/online\/wp-json\/wp\/v2\/media\/12721"}],"wp:attachment":[{"href":"https:\/\/gab-bellinzona.ch\/online\/wp-json\/wp\/v2\/media?parent=12722"}],"wp:term":[{"taxonomy":"category","embeddable":true,"href":"https:\/\/gab-bellinzona.ch\/online\/wp-json\/wp\/v2\/categories?post=12722"},{"taxonomy":"post_tag","embeddable":true,"href":"https:\/\/gab-bellinzona.ch\/online\/wp-json\/wp\/v2\/tags?post=12722"}],"curies":[{"name":"wp","href":"https:\/\/api.w.org\/{rel}","templated":true}]}}