{"id":127,"date":"2014-10-05T21:26:16","date_gmt":"2014-10-05T19:26:16","guid":{"rendered":"http:\/\/www.gab-bellinzona.ch\/?p=1398"},"modified":"2015-09-29T15:59:07","modified_gmt":"2015-09-29T13:59:07","slug":"stop-alla-violenza-sui-bambini","status":"publish","type":"post","link":"https:\/\/gab-bellinzona.ch\/online\/stop-alla-violenza-sui-bambini\/","title":{"rendered":"STOP alla violenza sui bambini!"},"content":{"rendered":"<p>Il comitato del Gruppo Atletico Bellinzona \u00e8 sensibile alla problematica della violenza sui bambini e sui ragazzi. Per questo motivo si sta muovendo concretamente per favorire la prevenzione e la formazione all&#8217;interno della societ\u00e0.<\/p>\n<p><a href=\"http:\/\/www.gab-bellinzona.ch\/2011\/11\/29\/stop-alla-violenza-sui-bambini\/cartaet\/\" rel=\"attachment wp-att-1449\"><img loading=\"lazy\" decoding=\"async\" class=\"alignleft size-full wp-image-1449\" title=\"cartaET\" src=\"http:\/\/www.gab-bellinzona.ch\/www\/wp-content\/uploads\/2011\/11\/cartaET.jpg\" alt=\"\" width=\"176\" height=\"138\" \/><\/a>Alcuni membri di comitato e monitori hanno seguito una formazione organizzata dall&#8217;Ufficio giovent\u00f9 e sport in collaborazione con l&#8217;ASPI (Associazione per il sostegno e la protezione dell&#8217;infanzia).<br \/>\nIn parallelo, negli statuti della societ\u00e0, sono stati inseriti i principi della carta etica nello sport di Swiss Olympics. La carta etica completa \u00e8 scaricabile qui:<br \/>\n&#8211;&gt; <a title=\"Carta etica\" href=\"http:\/\/www.gab-bellinzona.ch\/www\/wp-content\/uploads\/2011\/11\/stopstampa.pdf\">carta etica da scaricare<\/a><\/p>\n<p>&nbsp;<\/p>\n<p>All&#8217;interno del comitato \u00e8 stata inoltre scelta una persona di contatto per qualsiasi necessit\u00e0 o informazione a disposizione dei ragazzi, dei genitori e dei monitori della societ\u00e0. La persona di contatto \u00e8 <a title=\"contatta Paola\" href=\"mailto:paola.andreazzi@gab-bellinzona.ch\">Paola Andreazzi<\/a>, rappresentante degli atleti in seno al comitato.<\/p>\n<p>&nbsp;<\/p>\n<p><strong>Altre informazioni sono disponibili sui seguenti siti internet.<\/strong><\/p>\n<p><a href=\"http:\/\/www.gab-bellinzona.ch\/2011\/11\/29\/stop-alla-violenza-sui-bambini\/swissol\/\" rel=\"attachment wp-att-1438\"><img loading=\"lazy\" decoding=\"async\" class=\"alignleft size-full wp-image-1438\" title=\"swissOL\" src=\"http:\/\/www.gab-bellinzona.ch\/www\/wp-content\/uploads\/2011\/11\/swissOL.jpg\" alt=\"\" width=\"176\" height=\"74\" \/><\/a>\u2022 Swiss olympics, all&#8217;interno del sito si trova una sezione dedicata all&#8217;etica nello sport con diversi materiali in lingua italiana.<br \/>\n<a title=\"swissolympic\" href=\"www.swissolympic.ch\/it\/desktopdefault.aspx\/tabid-3890\/\"> www.swissolympic.ch\/it\/desktopdefault.aspx\/tabid-3890\/<\/a><\/p>\n<p>&nbsp;<\/p>\n<p><a href=\"http:\/\/www.gab-bellinzona.ch\/2011\/11\/29\/stop-alla-violenza-sui-bambini\/aspias\/\" rel=\"attachment wp-att-1439\"><img loading=\"lazy\" decoding=\"async\" class=\"alignleft size-full wp-image-1439\" title=\"aspiAS\" src=\"http:\/\/www.gab-bellinzona.ch\/www\/wp-content\/uploads\/2011\/11\/aspiAS.jpg\" alt=\"\" width=\"176\" height=\"142\" \/><\/a>\u2022 La Fondazione della Svizzera italiana per l\u2019Aiuto, il Sostegno e la Protezione dell\u2019Infanzia (ASPI), si basa su tre pilastri: la formazione, la prevenzione e la sensibilizzazione. Le prestazioni offerte in questi tre campi di attivit\u00e0 sono complementari e si basano su un concetto olistico della prevenzione. La fondazione si occupa di numerosi progetti, alcuni dei quali rivolti alle scuole elementari del cantone Ticino.<br \/>\n<a title=\"ASPI\" href=\"www.aspi.ch\">www.aspi.ch<\/a><\/p>\n<p>&nbsp;<\/p>\n<p><a href=\"http:\/\/www.gab-bellinzona.ch\/2011\/11\/29\/stop-alla-violenza-sui-bambini\/dlav\/\" rel=\"attachment wp-att-1440\"><img loading=\"lazy\" decoding=\"async\" class=\"alignleft size-full wp-image-1440\" title=\"DLAV\" src=\"http:\/\/www.gab-bellinzona.ch\/www\/wp-content\/uploads\/2011\/11\/DLAV.jpg\" alt=\"\" width=\"176\" height=\"106\" \/><\/a>\u2022 Servizio per l&#8217;aiuto alle vittime di reati (LAV), \u00e8 una struttura cantonale coordinata da un delegato e finalizzata all&#8217;aiuto alle vittime di reati. In Ticino vi sono quattro sedi regionali (Bellinzona, Locarno, Lugano e Mendrisio) ove gli operatori sociali prestano la loro attivit\u00e0.<br \/>\n<a title=\"LAV\" href=\"www.ti.ch\/lav\"> www.ti.ch\/lav<\/a><\/p>\n<p>&nbsp;<\/p>\n<p>Indirizzi di contatto: <a title=\"Paola Andreazzi\" href=\"mailto:paola.andreazzi@gab-bellinzona.ch\">paola.andreazzi@gab-bellinzona.ch<\/a><\/p>\n","protected":false},"excerpt":{"rendered":"<p>Il comitato del Gruppo Atletico Bellinzona \u00e8 sensibile alla problematica della violenza sui bambini e sui ragazzi. Per questo motivo si sta muovendo concretamente per favorire la prevenzione e la [&hellip;]<\/p>\n","protected":false},"author":1,"featured_media":0,"comment_status":"open","ping_status":"closed","sticky":false,"template":"","format":"standard","meta":{"footnotes":""},"categories":[],"tags":[],"class_list":["post-127","post","type-post","status-publish","format-standard"],"_links":{"self":[{"href":"https:\/\/gab-bellinzona.ch\/online\/wp-json\/wp\/v2\/posts\/127","targetHints":{"allow":["GET"]}}],"collection":[{"href":"https:\/\/gab-bellinzona.ch\/online\/wp-json\/wp\/v2\/posts"}],"about":[{"href":"https:\/\/gab-bellinzona.ch\/online\/wp-json\/wp\/v2\/types\/post"}],"author":[{"embeddable":true,"href":"https:\/\/gab-bellinzona.ch\/online\/wp-json\/wp\/v2\/users\/1"}],"replies":[{"embeddable":true,"href":"https:\/\/gab-bellinzona.ch\/online\/wp-json\/wp\/v2\/comments?post=127"}],"version-history":[{"count":0,"href":"https:\/\/gab-bellinzona.ch\/online\/wp-json\/wp\/v2\/posts\/127\/revisions"}],"wp:attachment":[{"href":"https:\/\/gab-bellinzona.ch\/online\/wp-json\/wp\/v2\/media?parent=127"}],"wp:term":[{"taxonomy":"category","embeddable":true,"href":"https:\/\/gab-bellinzona.ch\/online\/wp-json\/wp\/v2\/categories?post=127"},{"taxonomy":"post_tag","embeddable":true,"href":"https:\/\/gab-bellinzona.ch\/online\/wp-json\/wp\/v2\/tags?post=127"}],"curies":[{"name":"wp","href":"https:\/\/api.w.org\/{rel}","templated":true}]}}