{"id":12529,"date":"2023-05-02T09:51:50","date_gmt":"2023-05-02T07:51:50","guid":{"rendered":"https:\/\/gab-bellinzona.ch\/online\/?p=12529"},"modified":"2023-05-02T11:44:37","modified_gmt":"2023-05-02T09:44:37","slug":"risultati-lematrail-stralosone-mezza-di-estepona","status":"publish","type":"post","link":"https:\/\/gab-bellinzona.ch\/online\/risultati-lematrail-stralosone-mezza-di-estepona\/","title":{"rendered":"RISULTATI: LemaTrail + StraLosone + Mezza di Estepona"},"content":{"rendered":"<p class=\"has-text-align-center\"><a href=\"https:\/\/gab-bellinzona.ch\/archivio_foto\/\">&lt;&lt;FOTO GAB>><\/a><\/p><p>Il weekend lungo \u00e8 stata caratterizzato da molti impegni per gli atleti GAB, tra questi anche alcune gare su strada e su sentieri. Ecco un piccolo riassunto:<\/p><p><strong>Lema Trail<\/strong><\/p><p>Sulle pendici del Monte Lema a vestire la maglia GAB sono stati Paola Stampanoni e Lukas Oehen. Purtroppo quest&#8217;anno non \u00e8 riuscita la doppietta. Ci\u00f2 nonostante \u00e8 arrivata la vittoria tra le donne di Paola, che ha coperto la distanza Miglieglia-Vetta in 54&#8217;44 e il terzo posto di Lukas tra gli uomini. Lukas che ha condiviso il podio con Delorenzi e l&#8217;ex Campione del mondo di ciclismo Cadel Evans.<\/p><ul class=\"wp-block-list\"><li><strong>Paola Stampanoni<\/strong> 54&#8217;44 -&gt;1\u00b0 posto<\/li>\n\n<li><strong>Lukas Oehen<\/strong> 49&#8243;15 -&gt; 3\u00b0 posto<\/li><\/ul><p class=\"has-text-align-center\"><a href=\"https:\/\/www.performancesportlive.ch\/races\/lematrail\/2022\/LT_2022.pdf\">&lt;&lt;RISULTATI COMPLETI&gt;&gt;<\/a><\/p><figure class=\"wp-block-gallery has-nested-images columns-default is-cropped wp-block-gallery-1 is-layout-flex wp-block-gallery-is-layout-flex\"><figure class=\"wp-block-image size-large\"><img loading=\"lazy\" decoding=\"async\" width=\"828\" height=\"554\" data-id=\"12536\" src=\"https:\/\/gab-bellinzona.ch\/online\/wp-content\/uploads\/2023\/05\/IMG_8092.jpg\" alt=\"\" class=\"wp-image-12536\" srcset=\"https:\/\/gab-bellinzona.ch\/online\/wp-content\/uploads\/2023\/05\/IMG_8092.jpg 828w, https:\/\/gab-bellinzona.ch\/online\/wp-content\/uploads\/2023\/05\/IMG_8092-300x201.jpg 300w, https:\/\/gab-bellinzona.ch\/online\/wp-content\/uploads\/2023\/05\/IMG_8092-768x514.jpg 768w, https:\/\/gab-bellinzona.ch\/online\/wp-content\/uploads\/2023\/05\/IMG_8092-150x100.jpg 150w, https:\/\/gab-bellinzona.ch\/online\/wp-content\/uploads\/2023\/05\/IMG_8092-696x466.jpg 696w, https:\/\/gab-bellinzona.ch\/online\/wp-content\/uploads\/2023\/05\/IMG_8092-628x420.jpg 628w, https:\/\/gab-bellinzona.ch\/online\/wp-content\/uploads\/2023\/05\/IMG_8092-600x401.jpg 600w\" sizes=\"auto, (max-width: 828px) 100vw, 828px\" \/><\/figure>\n\n<figure class=\"wp-block-image size-large\"><img loading=\"lazy\" decoding=\"async\" width=\"828\" height=\"546\" data-id=\"12535\" src=\"https:\/\/gab-bellinzona.ch\/online\/wp-content\/uploads\/2023\/05\/IMG_8093.jpg\" alt=\"\" class=\"wp-image-12535\" srcset=\"https:\/\/gab-bellinzona.ch\/online\/wp-content\/uploads\/2023\/05\/IMG_8093.jpg 828w, https:\/\/gab-bellinzona.ch\/online\/wp-content\/uploads\/2023\/05\/IMG_8093-300x198.jpg 300w, https:\/\/gab-bellinzona.ch\/online\/wp-content\/uploads\/2023\/05\/IMG_8093-768x506.jpg 768w, https:\/\/gab-bellinzona.ch\/online\/wp-content\/uploads\/2023\/05\/IMG_8093-150x99.jpg 150w, https:\/\/gab-bellinzona.ch\/online\/wp-content\/uploads\/2023\/05\/IMG_8093-696x459.jpg 696w, https:\/\/gab-bellinzona.ch\/online\/wp-content\/uploads\/2023\/05\/IMG_8093-637x420.jpg 637w, https:\/\/gab-bellinzona.ch\/online\/wp-content\/uploads\/2023\/05\/IMG_8093-600x396.jpg 600w\" sizes=\"auto, (max-width: 828px) 100vw, 828px\" \/><\/figure><\/figure><p><strong>Vertical della Croce<\/strong><\/p><p>Doppio impegno per Paola Stampanoni, che il giorno dopo aver dominato sul Lema si classifica seconda alla K4 Vertical della Croce in Capriasca. Gara conclusa in seconda posizione in 43&#8217;50.<\/p><p><\/p><ul class=\"wp-block-list\"><li><strong>Paola Stampanoni<\/strong> 43&#8217;50 -&gt; 2\u00b0 posto<\/li><\/ul><div data-wp-interactive=\"core\/file\" class=\"wp-block-file\"><object data-wp-bind--hidden=\"!state.hasPdfPreview\" hidden class=\"wp-block-file__embed\" data=\"https:\/\/gab-bellinzona.ch\/online\/wp-content\/uploads\/2023\/05\/0230501-ClassificaPT.pdf\" type=\"application\/pdf\" style=\"width:100%;height:600px\" aria-label=\"Incorporamento di Classifica completa.\"><\/object><a id=\"wp-block-file--media-a6550482-8ae7-4f01-bbbf-292758d81e4e\" href=\"https:\/\/gab-bellinzona.ch\/online\/wp-content\/uploads\/2023\/05\/0230501-ClassificaPT.pdf\">Classifica completa<\/a><a href=\"https:\/\/gab-bellinzona.ch\/online\/wp-content\/uploads\/2023\/05\/0230501-ClassificaPT.pdf\" class=\"wp-block-file__button wp-element-button\" download aria-describedby=\"wp-block-file--media-a6550482-8ae7-4f01-bbbf-292758d81e4e\">Download<\/a><\/div><p><strong>StraLosone<\/strong><\/p><p>Vittoria GAB anche alla StraLosone, dove Tamara Winkler ha dominato la concorrenza imponendosi in 37&#8217;12. Ottima prova anche per Zuleika Bionda in 49&#8217;43. <\/p><ul class=\"wp-block-list\"><li><strong>Tamara Winkler <\/strong>37&#8217;12 -&gt; 1\u00b0 posto<\/li>\n\n<li><strong>Zuleika Bionda<\/strong> 49&#8217;43 <\/li><\/ul><p class=\"has-text-align-center\"><a href=\"https:\/\/www.performancesportlive.ch\/g-live.html?f=races\/stralosone\/2023\/StraLosone_2023.clax\">&lt;&lt;RISULTATI COMLETI&gt;&gt;<\/a><\/p><p><strong>Mezza di Estepona (ESP)<\/strong><\/p><p>Nella torrida primavera spagnolo Floriano Cipp\u00e0 ha concluso la sua mezza Maratona di Estepona in 1&#8217;26&#8243;08 concludendo al 22esimo posto generale e al 3\u00b0 posto di categoria. Complimenti!<\/p><ul class=\"wp-block-list\"><li><strong>Floriano Cipp\u00e0<\/strong> mezza maratona M45 1&#8217;26&#8243;08 -&gt; 3\u00b0 posto M45<\/li><\/ul><figure class=\"wp-block-gallery has-nested-images columns-default is-cropped wp-block-gallery-2 is-layout-flex wp-block-gallery-is-layout-flex\"><figure class=\"wp-block-image size-large\"><img loading=\"lazy\" decoding=\"async\" width=\"819\" height=\"1024\" data-id=\"12530\" src=\"https:\/\/gab-bellinzona.ch\/online\/wp-content\/uploads\/2023\/05\/PHOTO-2023-04-30-16-53-58-1-819x1024.jpg\" alt=\"\" class=\"wp-image-12530\" srcset=\"https:\/\/gab-bellinzona.ch\/online\/wp-content\/uploads\/2023\/05\/PHOTO-2023-04-30-16-53-58-1-819x1024.jpg 819w, https:\/\/gab-bellinzona.ch\/online\/wp-content\/uploads\/2023\/05\/PHOTO-2023-04-30-16-53-58-1-240x300.jpg 240w, https:\/\/gab-bellinzona.ch\/online\/wp-content\/uploads\/2023\/05\/PHOTO-2023-04-30-16-53-58-1-768x960.jpg 768w, https:\/\/gab-bellinzona.ch\/online\/wp-content\/uploads\/2023\/05\/PHOTO-2023-04-30-16-53-58-1-1229x1536.jpg 1229w, https:\/\/gab-bellinzona.ch\/online\/wp-content\/uploads\/2023\/05\/PHOTO-2023-04-30-16-53-58-1-150x188.jpg 150w, https:\/\/gab-bellinzona.ch\/online\/wp-content\/uploads\/2023\/05\/PHOTO-2023-04-30-16-53-58-1-300x375.jpg 300w, https:\/\/gab-bellinzona.ch\/online\/wp-content\/uploads\/2023\/05\/PHOTO-2023-04-30-16-53-58-1-696x870.jpg 696w, https:\/\/gab-bellinzona.ch\/online\/wp-content\/uploads\/2023\/05\/PHOTO-2023-04-30-16-53-58-1-1068x1335.jpg 1068w, https:\/\/gab-bellinzona.ch\/online\/wp-content\/uploads\/2023\/05\/PHOTO-2023-04-30-16-53-58-1-336x420.jpg 336w, https:\/\/gab-bellinzona.ch\/online\/wp-content\/uploads\/2023\/05\/PHOTO-2023-04-30-16-53-58-1-600x750.jpg 600w, https:\/\/gab-bellinzona.ch\/online\/wp-content\/uploads\/2023\/05\/PHOTO-2023-04-30-16-53-58-1.jpg 1440w\" sizes=\"auto, (max-width: 819px) 100vw, 819px\" \/><\/figure>\n\n<figure class=\"wp-block-image size-large\"><img loading=\"lazy\" decoding=\"async\" width=\"819\" height=\"1024\" data-id=\"12531\" src=\"https:\/\/gab-bellinzona.ch\/online\/wp-content\/uploads\/2023\/05\/PHOTO-2023-04-30-16-53-58-819x1024.jpg\" alt=\"\" class=\"wp-image-12531\" srcset=\"https:\/\/gab-bellinzona.ch\/online\/wp-content\/uploads\/2023\/05\/PHOTO-2023-04-30-16-53-58-819x1024.jpg 819w, https:\/\/gab-bellinzona.ch\/online\/wp-content\/uploads\/2023\/05\/PHOTO-2023-04-30-16-53-58-240x300.jpg 240w, https:\/\/gab-bellinzona.ch\/online\/wp-content\/uploads\/2023\/05\/PHOTO-2023-04-30-16-53-58-768x960.jpg 768w, https:\/\/gab-bellinzona.ch\/online\/wp-content\/uploads\/2023\/05\/PHOTO-2023-04-30-16-53-58-1229x1536.jpg 1229w, https:\/\/gab-bellinzona.ch\/online\/wp-content\/uploads\/2023\/05\/PHOTO-2023-04-30-16-53-58-150x188.jpg 150w, https:\/\/gab-bellinzona.ch\/online\/wp-content\/uploads\/2023\/05\/PHOTO-2023-04-30-16-53-58-300x375.jpg 300w, https:\/\/gab-bellinzona.ch\/online\/wp-content\/uploads\/2023\/05\/PHOTO-2023-04-30-16-53-58-696x870.jpg 696w, https:\/\/gab-bellinzona.ch\/online\/wp-content\/uploads\/2023\/05\/PHOTO-2023-04-30-16-53-58-1068x1335.jpg 1068w, https:\/\/gab-bellinzona.ch\/online\/wp-content\/uploads\/2023\/05\/PHOTO-2023-04-30-16-53-58-336x420.jpg 336w, https:\/\/gab-bellinzona.ch\/online\/wp-content\/uploads\/2023\/05\/PHOTO-2023-04-30-16-53-58-600x750.jpg 600w, https:\/\/gab-bellinzona.ch\/online\/wp-content\/uploads\/2023\/05\/PHOTO-2023-04-30-16-53-58.jpg 1440w\" sizes=\"auto, (max-width: 819px) 100vw, 819px\" \/><\/figure>\n\n<figure class=\"wp-block-image size-large\"><img loading=\"lazy\" decoding=\"async\" width=\"768\" height=\"1024\" data-id=\"12532\" src=\"https:\/\/gab-bellinzona.ch\/online\/wp-content\/uploads\/2023\/05\/PHOTO-2023-04-30-16-53-59-768x1024.jpg\" alt=\"\" class=\"wp-image-12532\" srcset=\"https:\/\/gab-bellinzona.ch\/online\/wp-content\/uploads\/2023\/05\/PHOTO-2023-04-30-16-53-59-768x1024.jpg 768w, https:\/\/gab-bellinzona.ch\/online\/wp-content\/uploads\/2023\/05\/PHOTO-2023-04-30-16-53-59-225x300.jpg 225w, https:\/\/gab-bellinzona.ch\/online\/wp-content\/uploads\/2023\/05\/PHOTO-2023-04-30-16-53-59-1152x1536.jpg 1152w, https:\/\/gab-bellinzona.ch\/online\/wp-content\/uploads\/2023\/05\/PHOTO-2023-04-30-16-53-59-150x200.jpg 150w, https:\/\/gab-bellinzona.ch\/online\/wp-content\/uploads\/2023\/05\/PHOTO-2023-04-30-16-53-59-300x400.jpg 300w, https:\/\/gab-bellinzona.ch\/online\/wp-content\/uploads\/2023\/05\/PHOTO-2023-04-30-16-53-59-696x928.jpg 696w, https:\/\/gab-bellinzona.ch\/online\/wp-content\/uploads\/2023\/05\/PHOTO-2023-04-30-16-53-59-1068x1424.jpg 1068w, https:\/\/gab-bellinzona.ch\/online\/wp-content\/uploads\/2023\/05\/PHOTO-2023-04-30-16-53-59-315x420.jpg 315w, https:\/\/gab-bellinzona.ch\/online\/wp-content\/uploads\/2023\/05\/PHOTO-2023-04-30-16-53-59-600x800.jpg 600w, https:\/\/gab-bellinzona.ch\/online\/wp-content\/uploads\/2023\/05\/PHOTO-2023-04-30-16-53-59.jpg 1536w\" sizes=\"auto, (max-width: 768px) 100vw, 768px\" \/><\/figure><\/figure>","protected":false},"excerpt":{"rendered":"<p>&lt;&lt;FOTO GAB>> Il weekend lungo \u00e8 stata caratterizzato da molti impegni per gli atleti GAB, tra questi anche alcune gare su strada e su sentieri. Ecco un piccolo riassunto: Lema [&hellip;]<\/p>\n","protected":false},"author":2,"featured_media":12530,"comment_status":"closed","ping_status":"closed","sticky":false,"template":"","format":"standard","meta":{"footnotes":""},"categories":[1],"tags":[],"class_list":["post-12529","post","type-post","status-publish","format-standard","has-post-thumbnail","category-vuoto"],"_links":{"self":[{"href":"https:\/\/gab-bellinzona.ch\/online\/wp-json\/wp\/v2\/posts\/12529","targetHints":{"allow":["GET"]}}],"collection":[{"href":"https:\/\/gab-bellinzona.ch\/online\/wp-json\/wp\/v2\/posts"}],"about":[{"href":"https:\/\/gab-bellinzona.ch\/online\/wp-json\/wp\/v2\/types\/post"}],"author":[{"embeddable":true,"href":"https:\/\/gab-bellinzona.ch\/online\/wp-json\/wp\/v2\/users\/2"}],"replies":[{"embeddable":true,"href":"https:\/\/gab-bellinzona.ch\/online\/wp-json\/wp\/v2\/comments?post=12529"}],"version-history":[{"count":3,"href":"https:\/\/gab-bellinzona.ch\/online\/wp-json\/wp\/v2\/posts\/12529\/revisions"}],"predecessor-version":[{"id":12539,"href":"https:\/\/gab-bellinzona.ch\/online\/wp-json\/wp\/v2\/posts\/12529\/revisions\/12539"}],"wp:featuredmedia":[{"embeddable":true,"href":"https:\/\/gab-bellinzona.ch\/online\/wp-json\/wp\/v2\/media\/12530"}],"wp:attachment":[{"href":"https:\/\/gab-bellinzona.ch\/online\/wp-json\/wp\/v2\/media?parent=12529"}],"wp:term":[{"taxonomy":"category","embeddable":true,"href":"https:\/\/gab-bellinzona.ch\/online\/wp-json\/wp\/v2\/categories?post=12529"},{"taxonomy":"post_tag","embeddable":true,"href":"https:\/\/gab-bellinzona.ch\/online\/wp-json\/wp\/v2\/tags?post=12529"}],"curies":[{"name":"wp","href":"https:\/\/api.w.org\/{rel}","templated":true}]}}