{"id":12438,"date":"2023-04-10T14:55:06","date_gmt":"2023-04-10T12:55:06","guid":{"rendered":"https:\/\/gab-bellinzona.ch\/online\/?p=12438"},"modified":"2023-04-10T14:55:09","modified_gmt":"2023-04-10T12:55:09","slug":"risultati-mediablenio","status":"publish","type":"post","link":"https:\/\/gab-bellinzona.ch\/online\/risultati-mediablenio\/","title":{"rendered":"RISULTATI: MediaBlenio"},"content":{"rendered":"<p>Finalmente un grande ritorno nel calendario podistico ticinese. Oggi, luned\u00ec di Pasquetta si \u00e8 corsa, come da tradizione, la MediaBlenio. Sulle strade della Valle del Sole \u00e8 tornato l&#8217;atteso appuntamento, anche quest&#8217;anno caratterizzato da una presenta internazionale. Il percorso, rivisto per questa edizione, si snodava su un percorso di 10km.  <br>Per i colori del GAB ben quattro atleti hanno affrontato la fatica, concludendo la gara in ottima posizione. Complimenti a Jeannette, Lukas, Mattia e Floriano! Forza GAB!<\/p><p><strong>Risultati GAB<\/strong><\/p><ul class=\"wp-block-list\"><li><strong>Jeannette Bragagnolo<\/strong> 10km 42&#8217;36&#8243;1 -> 6\u00b0 posto (1\u00b0 W50)<\/li>\n\n<li><strong>Lukas Oehen <\/strong>10km 33&#8217;31&#8243;9 -> 8\u00b0 posto (2\u00b0 svizzero)<\/li>\n\n<li><strong>Floriano Cipp\u00e0<\/strong> 10km 38&#8217;38&#8243;1 -> 3\u00b0 posto M40<\/li>\n\n<li><strong>Mattia Verzaroli<\/strong> 10km 38&#8217;57&#8243;7 <\/li><\/ul><p class=\"has-text-align-center\"><a href=\"https:\/\/my2.raceresult.com\/239597\/RRPublish\/data\/pdf?name=10%20Ergebnislisten%7CRisultatiALL&amp;contest=1&amp;lang=it\">&lt;&lt;RISULTATI COMPLETI>><\/a><\/p><p class=\"has-text-align-center\"><a href=\"https:\/\/my2.raceresult.com\/239597\/RRPublish\/data\/pdf?name=10%20Ergebnislisten%7CRisultatiALL_Elite&amp;contest=1&amp;lang=it\">&lt;&lt;RISULTATI GARA ELITE>><\/a><\/p>","protected":false},"excerpt":{"rendered":"<p>Finalmente un grande ritorno nel calendario podistico ticinese. Oggi, luned\u00ec di Pasquetta si \u00e8 corsa, come da tradizione, la MediaBlenio. Sulle strade della Valle del Sole \u00e8 tornato l&#8217;atteso appuntamento, [&hellip;]<\/p>\n","protected":false},"author":2,"featured_media":12439,"comment_status":"closed","ping_status":"closed","sticky":false,"template":"","format":"standard","meta":{"footnotes":""},"categories":[1],"tags":[],"class_list":["post-12438","post","type-post","status-publish","format-standard","has-post-thumbnail","category-vuoto"],"_links":{"self":[{"href":"https:\/\/gab-bellinzona.ch\/online\/wp-json\/wp\/v2\/posts\/12438","targetHints":{"allow":["GET"]}}],"collection":[{"href":"https:\/\/gab-bellinzona.ch\/online\/wp-json\/wp\/v2\/posts"}],"about":[{"href":"https:\/\/gab-bellinzona.ch\/online\/wp-json\/wp\/v2\/types\/post"}],"author":[{"embeddable":true,"href":"https:\/\/gab-bellinzona.ch\/online\/wp-json\/wp\/v2\/users\/2"}],"replies":[{"embeddable":true,"href":"https:\/\/gab-bellinzona.ch\/online\/wp-json\/wp\/v2\/comments?post=12438"}],"version-history":[{"count":1,"href":"https:\/\/gab-bellinzona.ch\/online\/wp-json\/wp\/v2\/posts\/12438\/revisions"}],"predecessor-version":[{"id":12440,"href":"https:\/\/gab-bellinzona.ch\/online\/wp-json\/wp\/v2\/posts\/12438\/revisions\/12440"}],"wp:featuredmedia":[{"embeddable":true,"href":"https:\/\/gab-bellinzona.ch\/online\/wp-json\/wp\/v2\/media\/12439"}],"wp:attachment":[{"href":"https:\/\/gab-bellinzona.ch\/online\/wp-json\/wp\/v2\/media?parent=12438"}],"wp:term":[{"taxonomy":"category","embeddable":true,"href":"https:\/\/gab-bellinzona.ch\/online\/wp-json\/wp\/v2\/categories?post=12438"},{"taxonomy":"post_tag","embeddable":true,"href":"https:\/\/gab-bellinzona.ch\/online\/wp-json\/wp\/v2\/tags?post=12438"}],"curies":[{"name":"wp","href":"https:\/\/api.w.org\/{rel}","templated":true}]}}