{"id":12298,"date":"2023-01-22T18:31:58","date_gmt":"2023-01-22T16:31:58","guid":{"rendered":"https:\/\/gab-bellinzona.ch\/online\/?p=12298"},"modified":"2023-01-22T21:45:57","modified_gmt":"2023-01-22T19:45:57","slug":"risultati-ct-indoor-lanci-e-salti","status":"publish","type":"post","link":"https:\/\/gab-bellinzona.ch\/online\/risultati-ct-indoor-lanci-e-salti\/","title":{"rendered":"RISULTATI: CT indoor lanci e salti + foto"},"content":{"rendered":"<p><strong><em>CT Ticinesi indoor lanci + salti<\/em><\/strong><\/p><p class=\"has-text-align-center\"><a href=\"https:\/\/gab-bellinzona.ch\/archivio_foto\/thumbnails.php?album=38\">&lt;&lt;FOTO>><\/a><\/p><p>Il primo Campione Ticinese GAB della stagione 2023 si chiama Jan Colombini. Sabato 21 gennaio il lanciatore si \u00e8 portato a casa il titolo cantonale al coperto lanciando la boccia da 7.26kg a 12.69m migliorando il primato sociale GAB. Sempre alla palestra Regazzi di Gordola buon risultato anche per Alex Brechb\u00fchl con il lancio migliore di 9.58m, mentre al femminile Gillian Ferrari ha lanciato 8.42m. <\/p><p>Nei salti a distinguersi \u00e8 stato Numa Cariboni, che con 1.69m ha vinto la gara con un nuovo personale. Purtroppo per\u00f2 non si \u00e8 aggiudicato il titolo in quanto vi era il numero minimo di partecipanti. <\/p><p>Complimenti ai due vincitori di giornata! Complimenti ai loro compagni. Forza GAB!<\/p><p><strong>Risultati CT indoor lanci + salti<\/strong><\/p><ul class=\"wp-block-list\"><li><strong>Gillian Ferrari <\/strong>peso attive 8.42m<\/li>\n\n<li><strong>Jan Colombini <\/strong>peso attivi 12.69m -&gt; 1\u00b0 posto &#8220;Campione Ticinese&#8221; \/ record sociale<\/li>\n\n<li><strong>Alex Brechb\u00fchl <\/strong>peso attivi 9.58m <\/li>\n\n<li><strong>Numa Cariboni<\/strong> alto attivi 1.69m PB -&gt; 1\u00b0 posto<\/li><\/ul><p class=\"has-text-align-center\"><a href=\"https:\/\/ftal.ch\/risultati-gare\/\">&lt;&lt;RISULTATI COMPLETI (APPENA DISPONIBILI)&gt;&gt;<\/a><\/p><p><\/p><p><strong><em>Stadtwerk Hallenmeeting San Gallo<\/em><\/strong><\/p><p>Al primo meeting indoor di San Gallo hanno partecipato anche due esponenti GAB. Infatti nella gara masters dei 3000m Marcia hanno partecipato Roby e Waldo Ponzio. Ecco i loro risultati. Complimenti.<\/p><ul class=\"wp-block-list\"><li><strong>Roby Ponzio<\/strong> 3000m marcia 19&#8217;45&#8243;16<\/li>\n\n<li><strong>Waldo Ponzio<\/strong> 3000m marcia 24&#8217;10&#8243;19<\/li><\/ul><p class=\"has-text-align-center\"><a href=\"https:\/\/swiss-athletics.ch\/de\/live-resultate\/\">&lt;&lt;RISULTATI SAN GALLO&gt;&gt;<\/a><\/p><figure class=\"wp-block-gallery has-nested-images columns-default is-cropped wp-block-gallery-1 is-layout-flex wp-block-gallery-is-layout-flex\"><figure class=\"wp-block-image size-large\"><img loading=\"lazy\" decoding=\"async\" width=\"473\" height=\"1024\" data-id=\"12299\" src=\"https:\/\/gab-bellinzona.ch\/online\/wp-content\/uploads\/2023\/01\/WhatsApp-Image-2023-01-21-at-15.15.29-473x1024.jpeg\" alt=\"\" class=\"wp-image-12299\" srcset=\"https:\/\/gab-bellinzona.ch\/online\/wp-content\/uploads\/2023\/01\/WhatsApp-Image-2023-01-21-at-15.15.29-473x1024.jpeg 473w, https:\/\/gab-bellinzona.ch\/online\/wp-content\/uploads\/2023\/01\/WhatsApp-Image-2023-01-21-at-15.15.29-139x300.jpeg 139w, https:\/\/gab-bellinzona.ch\/online\/wp-content\/uploads\/2023\/01\/WhatsApp-Image-2023-01-21-at-15.15.29-709x1536.jpeg 709w, https:\/\/gab-bellinzona.ch\/online\/wp-content\/uploads\/2023\/01\/WhatsApp-Image-2023-01-21-at-15.15.29-150x325.jpeg 150w, https:\/\/gab-bellinzona.ch\/online\/wp-content\/uploads\/2023\/01\/WhatsApp-Image-2023-01-21-at-15.15.29-300x650.jpeg 300w, https:\/\/gab-bellinzona.ch\/online\/wp-content\/uploads\/2023\/01\/WhatsApp-Image-2023-01-21-at-15.15.29-696x1507.jpeg 696w, https:\/\/gab-bellinzona.ch\/online\/wp-content\/uploads\/2023\/01\/WhatsApp-Image-2023-01-21-at-15.15.29-194x420.jpeg 194w, https:\/\/gab-bellinzona.ch\/online\/wp-content\/uploads\/2023\/01\/WhatsApp-Image-2023-01-21-at-15.15.29-600x1299.jpeg 600w, https:\/\/gab-bellinzona.ch\/online\/wp-content\/uploads\/2023\/01\/WhatsApp-Image-2023-01-21-at-15.15.29.jpeg 739w\" sizes=\"auto, (max-width: 473px) 100vw, 473px\" \/><\/figure>\n\n<figure class=\"wp-block-image size-large\"><img loading=\"lazy\" decoding=\"async\" width=\"473\" height=\"1024\" data-id=\"12300\" src=\"https:\/\/gab-bellinzona.ch\/online\/wp-content\/uploads\/2023\/01\/WhatsApp-Image-2023-01-21-at-15.15.30-1-473x1024.jpeg\" alt=\"\" class=\"wp-image-12300\" srcset=\"https:\/\/gab-bellinzona.ch\/online\/wp-content\/uploads\/2023\/01\/WhatsApp-Image-2023-01-21-at-15.15.30-1-473x1024.jpeg 473w, https:\/\/gab-bellinzona.ch\/online\/wp-content\/uploads\/2023\/01\/WhatsApp-Image-2023-01-21-at-15.15.30-1-139x300.jpeg 139w, https:\/\/gab-bellinzona.ch\/online\/wp-content\/uploads\/2023\/01\/WhatsApp-Image-2023-01-21-at-15.15.30-1-709x1536.jpeg 709w, https:\/\/gab-bellinzona.ch\/online\/wp-content\/uploads\/2023\/01\/WhatsApp-Image-2023-01-21-at-15.15.30-1-150x325.jpeg 150w, https:\/\/gab-bellinzona.ch\/online\/wp-content\/uploads\/2023\/01\/WhatsApp-Image-2023-01-21-at-15.15.30-1-300x650.jpeg 300w, https:\/\/gab-bellinzona.ch\/online\/wp-content\/uploads\/2023\/01\/WhatsApp-Image-2023-01-21-at-15.15.30-1-696x1507.jpeg 696w, https:\/\/gab-bellinzona.ch\/online\/wp-content\/uploads\/2023\/01\/WhatsApp-Image-2023-01-21-at-15.15.30-1-194x420.jpeg 194w, https:\/\/gab-bellinzona.ch\/online\/wp-content\/uploads\/2023\/01\/WhatsApp-Image-2023-01-21-at-15.15.30-1-600x1299.jpeg 600w, https:\/\/gab-bellinzona.ch\/online\/wp-content\/uploads\/2023\/01\/WhatsApp-Image-2023-01-21-at-15.15.30-1.jpeg 739w\" sizes=\"auto, (max-width: 473px) 100vw, 473px\" \/><\/figure>\n\n<figure class=\"wp-block-image size-large\"><img loading=\"lazy\" decoding=\"async\" width=\"473\" height=\"1024\" data-id=\"12303\" src=\"https:\/\/gab-bellinzona.ch\/online\/wp-content\/uploads\/2023\/01\/WhatsApp-Image-2023-01-21-at-15.15.30-473x1024.jpeg\" alt=\"\" class=\"wp-image-12303\" srcset=\"https:\/\/gab-bellinzona.ch\/online\/wp-content\/uploads\/2023\/01\/WhatsApp-Image-2023-01-21-at-15.15.30-473x1024.jpeg 473w, https:\/\/gab-bellinzona.ch\/online\/wp-content\/uploads\/2023\/01\/WhatsApp-Image-2023-01-21-at-15.15.30-139x300.jpeg 139w, https:\/\/gab-bellinzona.ch\/online\/wp-content\/uploads\/2023\/01\/WhatsApp-Image-2023-01-21-at-15.15.30-709x1536.jpeg 709w, https:\/\/gab-bellinzona.ch\/online\/wp-content\/uploads\/2023\/01\/WhatsApp-Image-2023-01-21-at-15.15.30-150x325.jpeg 150w, https:\/\/gab-bellinzona.ch\/online\/wp-content\/uploads\/2023\/01\/WhatsApp-Image-2023-01-21-at-15.15.30-300x650.jpeg 300w, https:\/\/gab-bellinzona.ch\/online\/wp-content\/uploads\/2023\/01\/WhatsApp-Image-2023-01-21-at-15.15.30-696x1507.jpeg 696w, https:\/\/gab-bellinzona.ch\/online\/wp-content\/uploads\/2023\/01\/WhatsApp-Image-2023-01-21-at-15.15.30-194x420.jpeg 194w, https:\/\/gab-bellinzona.ch\/online\/wp-content\/uploads\/2023\/01\/WhatsApp-Image-2023-01-21-at-15.15.30-600x1299.jpeg 600w, https:\/\/gab-bellinzona.ch\/online\/wp-content\/uploads\/2023\/01\/WhatsApp-Image-2023-01-21-at-15.15.30.jpeg 739w\" sizes=\"auto, (max-width: 473px) 100vw, 473px\" \/><\/figure>\n\n<figure class=\"wp-block-image size-large\"><img loading=\"lazy\" decoding=\"async\" width=\"473\" height=\"1024\" data-id=\"12302\" src=\"https:\/\/gab-bellinzona.ch\/online\/wp-content\/uploads\/2023\/01\/WhatsApp-Image-2023-01-21-at-15.15.31-1-473x1024.jpeg\" alt=\"\" class=\"wp-image-12302\" srcset=\"https:\/\/gab-bellinzona.ch\/online\/wp-content\/uploads\/2023\/01\/WhatsApp-Image-2023-01-21-at-15.15.31-1-473x1024.jpeg 473w, https:\/\/gab-bellinzona.ch\/online\/wp-content\/uploads\/2023\/01\/WhatsApp-Image-2023-01-21-at-15.15.31-1-139x300.jpeg 139w, https:\/\/gab-bellinzona.ch\/online\/wp-content\/uploads\/2023\/01\/WhatsApp-Image-2023-01-21-at-15.15.31-1-709x1536.jpeg 709w, https:\/\/gab-bellinzona.ch\/online\/wp-content\/uploads\/2023\/01\/WhatsApp-Image-2023-01-21-at-15.15.31-1-150x325.jpeg 150w, https:\/\/gab-bellinzona.ch\/online\/wp-content\/uploads\/2023\/01\/WhatsApp-Image-2023-01-21-at-15.15.31-1-300x650.jpeg 300w, https:\/\/gab-bellinzona.ch\/online\/wp-content\/uploads\/2023\/01\/WhatsApp-Image-2023-01-21-at-15.15.31-1-696x1507.jpeg 696w, https:\/\/gab-bellinzona.ch\/online\/wp-content\/uploads\/2023\/01\/WhatsApp-Image-2023-01-21-at-15.15.31-1-194x420.jpeg 194w, https:\/\/gab-bellinzona.ch\/online\/wp-content\/uploads\/2023\/01\/WhatsApp-Image-2023-01-21-at-15.15.31-1-600x1299.jpeg 600w, https:\/\/gab-bellinzona.ch\/online\/wp-content\/uploads\/2023\/01\/WhatsApp-Image-2023-01-21-at-15.15.31-1.jpeg 739w\" sizes=\"auto, (max-width: 473px) 100vw, 473px\" \/><\/figure>\n\n<figure class=\"wp-block-image size-large\"><img loading=\"lazy\" decoding=\"async\" width=\"473\" height=\"1024\" data-id=\"12301\" src=\"https:\/\/gab-bellinzona.ch\/online\/wp-content\/uploads\/2023\/01\/WhatsApp-Image-2023-01-21-at-15.15.31-473x1024.jpeg\" alt=\"\" class=\"wp-image-12301\" srcset=\"https:\/\/gab-bellinzona.ch\/online\/wp-content\/uploads\/2023\/01\/WhatsApp-Image-2023-01-21-at-15.15.31-473x1024.jpeg 473w, https:\/\/gab-bellinzona.ch\/online\/wp-content\/uploads\/2023\/01\/WhatsApp-Image-2023-01-21-at-15.15.31-139x300.jpeg 139w, https:\/\/gab-bellinzona.ch\/online\/wp-content\/uploads\/2023\/01\/WhatsApp-Image-2023-01-21-at-15.15.31-709x1536.jpeg 709w, https:\/\/gab-bellinzona.ch\/online\/wp-content\/uploads\/2023\/01\/WhatsApp-Image-2023-01-21-at-15.15.31-150x325.jpeg 150w, https:\/\/gab-bellinzona.ch\/online\/wp-content\/uploads\/2023\/01\/WhatsApp-Image-2023-01-21-at-15.15.31-300x650.jpeg 300w, https:\/\/gab-bellinzona.ch\/online\/wp-content\/uploads\/2023\/01\/WhatsApp-Image-2023-01-21-at-15.15.31-696x1507.jpeg 696w, https:\/\/gab-bellinzona.ch\/online\/wp-content\/uploads\/2023\/01\/WhatsApp-Image-2023-01-21-at-15.15.31-194x420.jpeg 194w, https:\/\/gab-bellinzona.ch\/online\/wp-content\/uploads\/2023\/01\/WhatsApp-Image-2023-01-21-at-15.15.31-600x1299.jpeg 600w, https:\/\/gab-bellinzona.ch\/online\/wp-content\/uploads\/2023\/01\/WhatsApp-Image-2023-01-21-at-15.15.31.jpeg 739w\" sizes=\"auto, (max-width: 473px) 100vw, 473px\" \/><\/figure><\/figure>","protected":false},"excerpt":{"rendered":"<p>CT Ticinesi indoor lanci + salti &lt;&lt;FOTO>> Il primo Campione Ticinese GAB della stagione 2023 si chiama Jan Colombini. Sabato 21 gennaio il lanciatore si \u00e8 portato a casa il [&hellip;]<\/p>\n","protected":false},"author":2,"featured_media":12302,"comment_status":"closed","ping_status":"closed","sticky":false,"template":"","format":"standard","meta":{"footnotes":""},"categories":[1],"tags":[],"class_list":["post-12298","post","type-post","status-publish","format-standard","has-post-thumbnail","category-vuoto"],"_links":{"self":[{"href":"https:\/\/gab-bellinzona.ch\/online\/wp-json\/wp\/v2\/posts\/12298","targetHints":{"allow":["GET"]}}],"collection":[{"href":"https:\/\/gab-bellinzona.ch\/online\/wp-json\/wp\/v2\/posts"}],"about":[{"href":"https:\/\/gab-bellinzona.ch\/online\/wp-json\/wp\/v2\/types\/post"}],"author":[{"embeddable":true,"href":"https:\/\/gab-bellinzona.ch\/online\/wp-json\/wp\/v2\/users\/2"}],"replies":[{"embeddable":true,"href":"https:\/\/gab-bellinzona.ch\/online\/wp-json\/wp\/v2\/comments?post=12298"}],"version-history":[{"count":2,"href":"https:\/\/gab-bellinzona.ch\/online\/wp-json\/wp\/v2\/posts\/12298\/revisions"}],"predecessor-version":[{"id":12318,"href":"https:\/\/gab-bellinzona.ch\/online\/wp-json\/wp\/v2\/posts\/12298\/revisions\/12318"}],"wp:featuredmedia":[{"embeddable":true,"href":"https:\/\/gab-bellinzona.ch\/online\/wp-json\/wp\/v2\/media\/12302"}],"wp:attachment":[{"href":"https:\/\/gab-bellinzona.ch\/online\/wp-json\/wp\/v2\/media?parent=12298"}],"wp:term":[{"taxonomy":"category","embeddable":true,"href":"https:\/\/gab-bellinzona.ch\/online\/wp-json\/wp\/v2\/categories?post=12298"},{"taxonomy":"post_tag","embeddable":true,"href":"https:\/\/gab-bellinzona.ch\/online\/wp-json\/wp\/v2\/tags?post=12298"}],"curies":[{"name":"wp","href":"https:\/\/api.w.org\/{rel}","templated":true}]}}