{"id":11970,"date":"2022-09-02T11:54:49","date_gmt":"2022-09-02T09:54:49","guid":{"rendered":"https:\/\/gab-bellinzona.ch\/online\/?p=11970"},"modified":"2022-09-05T08:53:21","modified_gmt":"2022-09-05T06:53:21","slug":"preview-cs-u20-u23-ginevra-risultati-live","status":"publish","type":"post","link":"https:\/\/gab-bellinzona.ch\/online\/preview-cs-u20-u23-ginevra-risultati-live\/","title":{"rendered":"CS U20-U23 Ginevra -> 1 argento, 2 bronzi e 5 legni"},"content":{"rendered":"<p>Questo weekend sono andati in in scena i campionati svizzeri U20 e U23 a Ginevra.<br>La delegazione GAB contava quest\u2019anno ben 13 atleti, togliendo le grandi LCZ, STB, Stade Lausanne e l&#8217;organizzatrice Stade Gen\u00e8ve, il GAB risulta una delle societ\u00e0 ad aver avuto al pi\u00f9 atleti. Una soddisfazione per il lavoro svolto da societ\u00e0, allenatori, allenatrici, atleti e atlete. <\/p><p>Oltre al numero di atleti quest&#8217;anno il livello dei risultati ottenuti \u00e8 stato altissimo, con ben tre medaglie e 5 quarti posti. NATHAN Oberti si \u00e8 portato a casa ben due medaglie, chiudendo terzo nei 100m e secondo nei 110mH tra gli U20. Categoria fortunata anche per Maeva che ha chiuso al terzo posto nei 100mH con un nuovo personale. Tornano invece da Ginevra con le medaglie di legno, Nicola (quarto nel lungo e nei 110mH U23), Gillian (disco U23), Hagos (400m U23) e Siria (400m U20). Sfortunato Siro, tra i primi e in lotta per l&#8217;ora, nell&#8217;ultimo rettilineo del suo 1500m \u00e8 stato vittima di un episodio sfortunato che l&#8217;ha obbligato a tamponare il suo avversario, finendo purtroppo squalificato. Sempre nei 1500m buona prova per Enea e Mattia. Negli 800m finali, ancora una volta una finale per Filippo e Mara. Complimenti!<\/p><p><strong>Risultati GAB:<\/strong><\/p><ul class=\"wp-block-list\"><li><strong>Maeva Tahou <\/strong>100m U20 Q: 12\u201d69 1\/2: 12\u201d64 &#8211; 100mH U20 Q:  \/ finale: 14&#8243;00<\/li><li><strong>Siria Cariboni<\/strong> 400m U20 qualifica 59\u201d64 \/ finale 59&#8243;99 -&gt; <strong>4\u00b0 posto <\/strong><\/li><li><strong>Zoe Moser<\/strong> 400m U20 62\u201d59<\/li><li><strong>Mara Moser<\/strong> 800m U23 2&#8217;18&#8243;49<\/li><li><strong>Gillian Ferrari<\/strong> disco U23 39.11m -&gt; <strong>4\u00b0 posto<\/strong><\/li><li><strong>Nathan Oberti <\/strong>100m U20 10\u201d86 -&gt; <strong>3\u00b0 posto<\/strong> &#8211; 110mH U20 finale: 14&#8243;15 <strong>-&gt; 2\u00b0 posto &#8220;vice-campione svizzero&#8221;<\/strong><\/li><li><strong>Filippo Balestra<\/strong> 800m U20 2&#8217;00&#8243;01<\/li><li><strong>Siro Gentilini<\/strong> 1500m U20 Q: 4\u201908\u201d85 -&gt; finale: squalificato<\/li><li><strong>Giulian Guidon<\/strong> 1500m U20 Q: 4\u201919\u201d72&nbsp;<\/li><li><strong>Hagos Boo<\/strong> 400m U23 Q 48\u201d95 =PB \/ finale 48&#8243;58 <strong>PB<\/strong> -&gt; <strong>4\u00b0 posto <\/strong><\/li><li><strong>Enea Ratti<\/strong> 1500m U23 finale 4&#8217;04&#8243;87 <strong>-&gt; 6\u00b0 posto<\/strong><\/li><li><strong>Mattia Verzaroli<\/strong> 1500m U23 finale 4&#8217;24&#8243;29<\/li><li><strong>Nicola Fumagalli <\/strong>lungo U23 6.89m PB <strong>-&gt; 4\u00b0 posto<\/strong> &#8211; 110mH U23 Q: 14&#8243;95 \/ finale 14&#8243;80 <strong>PB<\/strong> -&gt; <strong>4\u00b0 posto <\/strong><\/li><\/ul><p class=\"has-text-align-center\"><a href=\"https:\/\/slv.laportal.net\/Content\/documents\/7999\/resultlist.pdf\">&lt;&lt;RISULTATI COMPLETI&gt;&gt;<\/a><\/p><figure class=\"wp-block-gallery has-nested-images columns-default is-cropped wp-block-gallery-1 is-layout-flex wp-block-gallery-is-layout-flex\"><figure class=\"wp-block-image size-large\"><img loading=\"lazy\" decoding=\"async\" width=\"768\" height=\"1024\" data-id=\"11982\" src=\"https:\/\/gab-bellinzona.ch\/online\/wp-content\/uploads\/2022\/09\/20220903_S_Geneva_05166US-768x1024.jpg\" alt=\"\" class=\"wp-image-11982\" srcset=\"https:\/\/gab-bellinzona.ch\/online\/wp-content\/uploads\/2022\/09\/20220903_S_Geneva_05166US-768x1024.jpg 768w, https:\/\/gab-bellinzona.ch\/online\/wp-content\/uploads\/2022\/09\/20220903_S_Geneva_05166US-225x300.jpg 225w, https:\/\/gab-bellinzona.ch\/online\/wp-content\/uploads\/2022\/09\/20220903_S_Geneva_05166US-150x200.jpg 150w, https:\/\/gab-bellinzona.ch\/online\/wp-content\/uploads\/2022\/09\/20220903_S_Geneva_05166US-300x400.jpg 300w, https:\/\/gab-bellinzona.ch\/online\/wp-content\/uploads\/2022\/09\/20220903_S_Geneva_05166US-696x928.jpg 696w, https:\/\/gab-bellinzona.ch\/online\/wp-content\/uploads\/2022\/09\/20220903_S_Geneva_05166US-1068x1424.jpg 1068w, https:\/\/gab-bellinzona.ch\/online\/wp-content\/uploads\/2022\/09\/20220903_S_Geneva_05166US-315x420.jpg 315w, https:\/\/gab-bellinzona.ch\/online\/wp-content\/uploads\/2022\/09\/20220903_S_Geneva_05166US-600x800.jpg 600w, https:\/\/gab-bellinzona.ch\/online\/wp-content\/uploads\/2022\/09\/20220903_S_Geneva_05166US.jpg 1125w\" sizes=\"auto, (max-width: 768px) 100vw, 768px\" \/><\/figure>\n\n<figure class=\"wp-block-image size-large\"><img loading=\"lazy\" decoding=\"async\" width=\"1024\" height=\"683\" data-id=\"11981\" src=\"https:\/\/gab-bellinzona.ch\/online\/wp-content\/uploads\/2022\/09\/20220903_S_Geneva_05489US-1024x683.jpg\" alt=\"\" class=\"wp-image-11981\" srcset=\"https:\/\/gab-bellinzona.ch\/online\/wp-content\/uploads\/2022\/09\/20220903_S_Geneva_05489US-1024x683.jpg 1024w, https:\/\/gab-bellinzona.ch\/online\/wp-content\/uploads\/2022\/09\/20220903_S_Geneva_05489US-300x200.jpg 300w, https:\/\/gab-bellinzona.ch\/online\/wp-content\/uploads\/2022\/09\/20220903_S_Geneva_05489US-768x512.jpg 768w, https:\/\/gab-bellinzona.ch\/online\/wp-content\/uploads\/2022\/09\/20220903_S_Geneva_05489US-150x100.jpg 150w, https:\/\/gab-bellinzona.ch\/online\/wp-content\/uploads\/2022\/09\/20220903_S_Geneva_05489US-696x464.jpg 696w, https:\/\/gab-bellinzona.ch\/online\/wp-content\/uploads\/2022\/09\/20220903_S_Geneva_05489US-1068x712.jpg 1068w, https:\/\/gab-bellinzona.ch\/online\/wp-content\/uploads\/2022\/09\/20220903_S_Geneva_05489US-630x420.jpg 630w, https:\/\/gab-bellinzona.ch\/online\/wp-content\/uploads\/2022\/09\/20220903_S_Geneva_05489US-600x400.jpg 600w, https:\/\/gab-bellinzona.ch\/online\/wp-content\/uploads\/2022\/09\/20220903_S_Geneva_05489US.jpg 1500w\" sizes=\"auto, (max-width: 1024px) 100vw, 1024px\" \/><\/figure>\n\n<figure class=\"wp-block-image size-large\"><img loading=\"lazy\" decoding=\"async\" width=\"1024\" height=\"683\" data-id=\"11980\" src=\"https:\/\/gab-bellinzona.ch\/online\/wp-content\/uploads\/2022\/09\/20220903_S_Geneva_05500US-1024x683.jpg\" alt=\"\" class=\"wp-image-11980\" srcset=\"https:\/\/gab-bellinzona.ch\/online\/wp-content\/uploads\/2022\/09\/20220903_S_Geneva_05500US-1024x683.jpg 1024w, https:\/\/gab-bellinzona.ch\/online\/wp-content\/uploads\/2022\/09\/20220903_S_Geneva_05500US-300x200.jpg 300w, https:\/\/gab-bellinzona.ch\/online\/wp-content\/uploads\/2022\/09\/20220903_S_Geneva_05500US-768x513.jpg 768w, https:\/\/gab-bellinzona.ch\/online\/wp-content\/uploads\/2022\/09\/20220903_S_Geneva_05500US-150x100.jpg 150w, https:\/\/gab-bellinzona.ch\/online\/wp-content\/uploads\/2022\/09\/20220903_S_Geneva_05500US-696x464.jpg 696w, https:\/\/gab-bellinzona.ch\/online\/wp-content\/uploads\/2022\/09\/20220903_S_Geneva_05500US-1068x713.jpg 1068w, https:\/\/gab-bellinzona.ch\/online\/wp-content\/uploads\/2022\/09\/20220903_S_Geneva_05500US-629x420.jpg 629w, https:\/\/gab-bellinzona.ch\/online\/wp-content\/uploads\/2022\/09\/20220903_S_Geneva_05500US-600x400.jpg 600w, https:\/\/gab-bellinzona.ch\/online\/wp-content\/uploads\/2022\/09\/20220903_S_Geneva_05500US.jpg 1500w\" sizes=\"auto, (max-width: 1024px) 100vw, 1024px\" \/><\/figure>\n\n<figure class=\"wp-block-image size-large\"><img loading=\"lazy\" decoding=\"async\" width=\"1024\" height=\"683\" data-id=\"11979\" src=\"https:\/\/gab-bellinzona.ch\/online\/wp-content\/uploads\/2022\/09\/20220904_S_Geneva_05687US-1024x683.jpg\" alt=\"\" class=\"wp-image-11979\" srcset=\"https:\/\/gab-bellinzona.ch\/online\/wp-content\/uploads\/2022\/09\/20220904_S_Geneva_05687US-1024x683.jpg 1024w, https:\/\/gab-bellinzona.ch\/online\/wp-content\/uploads\/2022\/09\/20220904_S_Geneva_05687US-300x200.jpg 300w, https:\/\/gab-bellinzona.ch\/online\/wp-content\/uploads\/2022\/09\/20220904_S_Geneva_05687US-768x513.jpg 768w, https:\/\/gab-bellinzona.ch\/online\/wp-content\/uploads\/2022\/09\/20220904_S_Geneva_05687US-150x100.jpg 150w, https:\/\/gab-bellinzona.ch\/online\/wp-content\/uploads\/2022\/09\/20220904_S_Geneva_05687US-696x464.jpg 696w, https:\/\/gab-bellinzona.ch\/online\/wp-content\/uploads\/2022\/09\/20220904_S_Geneva_05687US-1068x713.jpg 1068w, https:\/\/gab-bellinzona.ch\/online\/wp-content\/uploads\/2022\/09\/20220904_S_Geneva_05687US-629x420.jpg 629w, https:\/\/gab-bellinzona.ch\/online\/wp-content\/uploads\/2022\/09\/20220904_S_Geneva_05687US-600x400.jpg 600w, https:\/\/gab-bellinzona.ch\/online\/wp-content\/uploads\/2022\/09\/20220904_S_Geneva_05687US.jpg 1500w\" sizes=\"auto, (max-width: 1024px) 100vw, 1024px\" \/><\/figure>\n\n<figure class=\"wp-block-image size-large\"><img loading=\"lazy\" decoding=\"async\" width=\"1024\" height=\"1024\" data-id=\"11984\" src=\"https:\/\/gab-bellinzona.ch\/online\/wp-content\/uploads\/2022\/09\/20220904_S_Geneva_05694US-1024x1024.jpg\" alt=\"\" class=\"wp-image-11984\" srcset=\"https:\/\/gab-bellinzona.ch\/online\/wp-content\/uploads\/2022\/09\/20220904_S_Geneva_05694US-1024x1024.jpg 1024w, https:\/\/gab-bellinzona.ch\/online\/wp-content\/uploads\/2022\/09\/20220904_S_Geneva_05694US-300x300.jpg 300w, https:\/\/gab-bellinzona.ch\/online\/wp-content\/uploads\/2022\/09\/20220904_S_Geneva_05694US-150x150.jpg 150w, https:\/\/gab-bellinzona.ch\/online\/wp-content\/uploads\/2022\/09\/20220904_S_Geneva_05694US-768x768.jpg 768w, https:\/\/gab-bellinzona.ch\/online\/wp-content\/uploads\/2022\/09\/20220904_S_Geneva_05694US-696x696.jpg 696w, https:\/\/gab-bellinzona.ch\/online\/wp-content\/uploads\/2022\/09\/20220904_S_Geneva_05694US-1068x1068.jpg 1068w, https:\/\/gab-bellinzona.ch\/online\/wp-content\/uploads\/2022\/09\/20220904_S_Geneva_05694US-420x420.jpg 420w, https:\/\/gab-bellinzona.ch\/online\/wp-content\/uploads\/2022\/09\/20220904_S_Geneva_05694US-600x600.jpg 600w, https:\/\/gab-bellinzona.ch\/online\/wp-content\/uploads\/2022\/09\/20220904_S_Geneva_05694US-100x100.jpg 100w, https:\/\/gab-bellinzona.ch\/online\/wp-content\/uploads\/2022\/09\/20220904_S_Geneva_05694US.jpg 1500w\" sizes=\"auto, (max-width: 1024px) 100vw, 1024px\" \/><\/figure>\n\n<figure class=\"wp-block-image size-large\"><img loading=\"lazy\" decoding=\"async\" width=\"1024\" height=\"683\" data-id=\"11983\" src=\"https:\/\/gab-bellinzona.ch\/online\/wp-content\/uploads\/2022\/09\/20220904_S_Geneva_05698US-1024x683.jpg\" alt=\"\" class=\"wp-image-11983\" srcset=\"https:\/\/gab-bellinzona.ch\/online\/wp-content\/uploads\/2022\/09\/20220904_S_Geneva_05698US-1024x683.jpg 1024w, https:\/\/gab-bellinzona.ch\/online\/wp-content\/uploads\/2022\/09\/20220904_S_Geneva_05698US-300x200.jpg 300w, https:\/\/gab-bellinzona.ch\/online\/wp-content\/uploads\/2022\/09\/20220904_S_Geneva_05698US-768x512.jpg 768w, https:\/\/gab-bellinzona.ch\/online\/wp-content\/uploads\/2022\/09\/20220904_S_Geneva_05698US-150x100.jpg 150w, https:\/\/gab-bellinzona.ch\/online\/wp-content\/uploads\/2022\/09\/20220904_S_Geneva_05698US-696x464.jpg 696w, https:\/\/gab-bellinzona.ch\/online\/wp-content\/uploads\/2022\/09\/20220904_S_Geneva_05698US-1068x712.jpg 1068w, https:\/\/gab-bellinzona.ch\/online\/wp-content\/uploads\/2022\/09\/20220904_S_Geneva_05698US-630x420.jpg 630w, https:\/\/gab-bellinzona.ch\/online\/wp-content\/uploads\/2022\/09\/20220904_S_Geneva_05698US-600x400.jpg 600w, https:\/\/gab-bellinzona.ch\/online\/wp-content\/uploads\/2022\/09\/20220904_S_Geneva_05698US.jpg 1500w\" sizes=\"auto, (max-width: 1024px) 100vw, 1024px\" \/><\/figure>\n\n<figure class=\"wp-block-image size-large\"><img loading=\"lazy\" decoding=\"async\" width=\"1024\" height=\"683\" data-id=\"11986\" src=\"https:\/\/gab-bellinzona.ch\/online\/wp-content\/uploads\/2022\/09\/20220904_S_Geneva_05770US-1024x683.jpg\" alt=\"\" class=\"wp-image-11986\" srcset=\"https:\/\/gab-bellinzona.ch\/online\/wp-content\/uploads\/2022\/09\/20220904_S_Geneva_05770US-1024x683.jpg 1024w, https:\/\/gab-bellinzona.ch\/online\/wp-content\/uploads\/2022\/09\/20220904_S_Geneva_05770US-300x200.jpg 300w, https:\/\/gab-bellinzona.ch\/online\/wp-content\/uploads\/2022\/09\/20220904_S_Geneva_05770US-768x512.jpg 768w, https:\/\/gab-bellinzona.ch\/online\/wp-content\/uploads\/2022\/09\/20220904_S_Geneva_05770US-150x100.jpg 150w, https:\/\/gab-bellinzona.ch\/online\/wp-content\/uploads\/2022\/09\/20220904_S_Geneva_05770US-696x464.jpg 696w, https:\/\/gab-bellinzona.ch\/online\/wp-content\/uploads\/2022\/09\/20220904_S_Geneva_05770US-1068x712.jpg 1068w, https:\/\/gab-bellinzona.ch\/online\/wp-content\/uploads\/2022\/09\/20220904_S_Geneva_05770US-630x420.jpg 630w, https:\/\/gab-bellinzona.ch\/online\/wp-content\/uploads\/2022\/09\/20220904_S_Geneva_05770US-600x400.jpg 600w, https:\/\/gab-bellinzona.ch\/online\/wp-content\/uploads\/2022\/09\/20220904_S_Geneva_05770US.jpg 1500w\" sizes=\"auto, (max-width: 1024px) 100vw, 1024px\" \/><\/figure>\n\n<figure class=\"wp-block-image size-large\"><img loading=\"lazy\" decoding=\"async\" width=\"768\" height=\"1024\" data-id=\"11987\" src=\"https:\/\/gab-bellinzona.ch\/online\/wp-content\/uploads\/2022\/09\/PHOTO-2022-09-04-13-09-53-768x1024.jpg\" alt=\"\" class=\"wp-image-11987\" srcset=\"https:\/\/gab-bellinzona.ch\/online\/wp-content\/uploads\/2022\/09\/PHOTO-2022-09-04-13-09-53-768x1024.jpg 768w, https:\/\/gab-bellinzona.ch\/online\/wp-content\/uploads\/2022\/09\/PHOTO-2022-09-04-13-09-53-225x300.jpg 225w, https:\/\/gab-bellinzona.ch\/online\/wp-content\/uploads\/2022\/09\/PHOTO-2022-09-04-13-09-53-1152x1536.jpg 1152w, https:\/\/gab-bellinzona.ch\/online\/wp-content\/uploads\/2022\/09\/PHOTO-2022-09-04-13-09-53-150x200.jpg 150w, https:\/\/gab-bellinzona.ch\/online\/wp-content\/uploads\/2022\/09\/PHOTO-2022-09-04-13-09-53-300x400.jpg 300w, https:\/\/gab-bellinzona.ch\/online\/wp-content\/uploads\/2022\/09\/PHOTO-2022-09-04-13-09-53-696x928.jpg 696w, https:\/\/gab-bellinzona.ch\/online\/wp-content\/uploads\/2022\/09\/PHOTO-2022-09-04-13-09-53-1068x1424.jpg 1068w, https:\/\/gab-bellinzona.ch\/online\/wp-content\/uploads\/2022\/09\/PHOTO-2022-09-04-13-09-53-315x420.jpg 315w, https:\/\/gab-bellinzona.ch\/online\/wp-content\/uploads\/2022\/09\/PHOTO-2022-09-04-13-09-53-600x800.jpg 600w, https:\/\/gab-bellinzona.ch\/online\/wp-content\/uploads\/2022\/09\/PHOTO-2022-09-04-13-09-53.jpg 1536w\" sizes=\"auto, (max-width: 768px) 100vw, 768px\" \/><\/figure>\n\n<figure class=\"wp-block-image size-large\"><img loading=\"lazy\" decoding=\"async\" width=\"768\" height=\"1024\" data-id=\"11988\" src=\"https:\/\/gab-bellinzona.ch\/online\/wp-content\/uploads\/2022\/09\/PHOTO-2022-09-04-13-09-54-768x1024.jpg\" alt=\"\" class=\"wp-image-11988\" srcset=\"https:\/\/gab-bellinzona.ch\/online\/wp-content\/uploads\/2022\/09\/PHOTO-2022-09-04-13-09-54-768x1024.jpg 768w, https:\/\/gab-bellinzona.ch\/online\/wp-content\/uploads\/2022\/09\/PHOTO-2022-09-04-13-09-54-225x300.jpg 225w, https:\/\/gab-bellinzona.ch\/online\/wp-content\/uploads\/2022\/09\/PHOTO-2022-09-04-13-09-54-1152x1536.jpg 1152w, https:\/\/gab-bellinzona.ch\/online\/wp-content\/uploads\/2022\/09\/PHOTO-2022-09-04-13-09-54-150x200.jpg 150w, https:\/\/gab-bellinzona.ch\/online\/wp-content\/uploads\/2022\/09\/PHOTO-2022-09-04-13-09-54-300x400.jpg 300w, https:\/\/gab-bellinzona.ch\/online\/wp-content\/uploads\/2022\/09\/PHOTO-2022-09-04-13-09-54-696x928.jpg 696w, https:\/\/gab-bellinzona.ch\/online\/wp-content\/uploads\/2022\/09\/PHOTO-2022-09-04-13-09-54-1068x1424.jpg 1068w, https:\/\/gab-bellinzona.ch\/online\/wp-content\/uploads\/2022\/09\/PHOTO-2022-09-04-13-09-54-315x420.jpg 315w, https:\/\/gab-bellinzona.ch\/online\/wp-content\/uploads\/2022\/09\/PHOTO-2022-09-04-13-09-54-600x800.jpg 600w, https:\/\/gab-bellinzona.ch\/online\/wp-content\/uploads\/2022\/09\/PHOTO-2022-09-04-13-09-54.jpg 1536w\" sizes=\"auto, (max-width: 768px) 100vw, 768px\" \/><\/figure><\/figure>","protected":false},"excerpt":{"rendered":"<p>Questo weekend sono andati in in scena i campionati svizzeri U20 e U23 a Ginevra.La delegazione GAB contava quest\u2019anno ben 13 atleti, togliendo le grandi LCZ, STB, Stade Lausanne e [&hellip;]<\/p>\n","protected":false},"author":2,"featured_media":11971,"comment_status":"closed","ping_status":"closed","sticky":false,"template":"","format":"standard","meta":{"footnotes":""},"categories":[1],"tags":[],"class_list":["post-11970","post","type-post","status-publish","format-standard","has-post-thumbnail","category-vuoto"],"_links":{"self":[{"href":"https:\/\/gab-bellinzona.ch\/online\/wp-json\/wp\/v2\/posts\/11970","targetHints":{"allow":["GET"]}}],"collection":[{"href":"https:\/\/gab-bellinzona.ch\/online\/wp-json\/wp\/v2\/posts"}],"about":[{"href":"https:\/\/gab-bellinzona.ch\/online\/wp-json\/wp\/v2\/types\/post"}],"author":[{"embeddable":true,"href":"https:\/\/gab-bellinzona.ch\/online\/wp-json\/wp\/v2\/users\/2"}],"replies":[{"embeddable":true,"href":"https:\/\/gab-bellinzona.ch\/online\/wp-json\/wp\/v2\/comments?post=11970"}],"version-history":[{"count":4,"href":"https:\/\/gab-bellinzona.ch\/online\/wp-json\/wp\/v2\/posts\/11970\/revisions"}],"predecessor-version":[{"id":11990,"href":"https:\/\/gab-bellinzona.ch\/online\/wp-json\/wp\/v2\/posts\/11970\/revisions\/11990"}],"wp:featuredmedia":[{"embeddable":true,"href":"https:\/\/gab-bellinzona.ch\/online\/wp-json\/wp\/v2\/media\/11971"}],"wp:attachment":[{"href":"https:\/\/gab-bellinzona.ch\/online\/wp-json\/wp\/v2\/media?parent=11970"}],"wp:term":[{"taxonomy":"category","embeddable":true,"href":"https:\/\/gab-bellinzona.ch\/online\/wp-json\/wp\/v2\/categories?post=11970"},{"taxonomy":"post_tag","embeddable":true,"href":"https:\/\/gab-bellinzona.ch\/online\/wp-json\/wp\/v2\/tags?post=11970"}],"curies":[{"name":"wp","href":"https:\/\/api.w.org\/{rel}","templated":true}]}}