{"id":1,"date":"2014-10-01T13:26:47","date_gmt":"2014-10-01T11:26:47","guid":{"rendered":"http:\/\/atleticainticino.ch\/wp\/?p=7"},"modified":"2014-10-09T09:57:29","modified_gmt":"2014-10-09T07:57:29","slug":"ct-assoluti-e-stralugano-2","status":"publish","type":"post","link":"https:\/\/gab-bellinzona.ch\/online\/ct-assoluti-e-stralugano-2\/","title":{"rendered":"CT assoluti e Stralugano"},"content":{"rendered":"<p>Un magnifico week-end di sole ha fatto da cornice ai <strong>Campionati Ticinesi assoluti<\/strong> organizzati dal GAB allo stadio di Bellinzona. La stagione atletica si \u00e8 conclusa al meglio, ora spazio per un po&#8217; di recupero e poi sar\u00e0 gi\u00e0 tempo di pensare alla prossima stagione!<br \/>\nUn grande grazie va agli <strong>allenatori<\/strong> che hanno seguito gli atleti durante tutta la stagione e ai numerosi <strong>collaboratori<\/strong> che hanno permesso la perfetta riuscita della manifestazione (cos\u00ec come di tutti i meeting organizzati dal GAB durante l&#8217;anno).<br \/>\nPer quanto riguarda il podismo, domenica si \u00e8 svolta la 9a edizione della <strong>Stralugano<\/strong>. A guidare il folto gruppo di partecipanti GAB nella 10 km c&#8217;\u00e9 stato <strong>Eshak\u00a0Abraham<\/strong> che ha vinto la gara! Complimenti!<br \/>\n<a href=\"http:\/\/services.datasport.com\/2014\/lauf\/stralugano\/\" target=\"_blank\">Classifiche Stralugano<\/a>.<br \/>\n<a href=\"http:\/\/gab-bellinzona.ch\/archivio_foto\/thumbnails.php?album=190\">FOTO Campionati Ticinesi<\/a>.<\/p>\n<p>Il prossimo appuntamento \u00e8 previsto per <strong>gioved\u00ec 2 ottobre<\/strong> allo stadio di Bellinzona, a partire dalle 18.00 si svolger\u00e0 la<strong> gara sociale<\/strong> per gli scolari.<\/p>\n","protected":false},"excerpt":{"rendered":"<p>Un magnifico week-end di sole ha fatto da cornice ai Campionati Ticinesi assoluti organizzati dal GAB allo stadio di Bellinzona. La stagione atletica si \u00e8 conclusa al meglio, ora spazio [&hellip;]<\/p>\n","protected":false},"author":1,"featured_media":0,"comment_status":"closed","ping_status":"closed","sticky":false,"template":"","format":"standard","meta":{"footnotes":""},"categories":[],"tags":[],"class_list":["post-1","post","type-post","status-publish","format-standard"],"_links":{"self":[{"href":"https:\/\/gab-bellinzona.ch\/online\/wp-json\/wp\/v2\/posts\/1","targetHints":{"allow":["GET"]}}],"collection":[{"href":"https:\/\/gab-bellinzona.ch\/online\/wp-json\/wp\/v2\/posts"}],"about":[{"href":"https:\/\/gab-bellinzona.ch\/online\/wp-json\/wp\/v2\/types\/post"}],"author":[{"embeddable":true,"href":"https:\/\/gab-bellinzona.ch\/online\/wp-json\/wp\/v2\/users\/1"}],"replies":[{"embeddable":true,"href":"https:\/\/gab-bellinzona.ch\/online\/wp-json\/wp\/v2\/comments?post=1"}],"version-history":[{"count":0,"href":"https:\/\/gab-bellinzona.ch\/online\/wp-json\/wp\/v2\/posts\/1\/revisions"}],"wp:attachment":[{"href":"https:\/\/gab-bellinzona.ch\/online\/wp-json\/wp\/v2\/media?parent=1"}],"wp:term":[{"taxonomy":"category","embeddable":true,"href":"https:\/\/gab-bellinzona.ch\/online\/wp-json\/wp\/v2\/categories?post=1"},{"taxonomy":"post_tag","embeddable":true,"href":"https:\/\/gab-bellinzona.ch\/online\/wp-json\/wp\/v2\/tags?post=1"}],"curies":[{"name":"wp","href":"https:\/\/api.w.org\/{rel}","templated":true}]}}